{"id":199485,"date":"2019-09-04T10:01:48","date_gmt":"2019-09-04T07:01:48","guid":{"rendered":"http:\/\/www.tvturk.com\/index.php\/koy-koy-dolasip-kiz-cocuklarinin-saclarini-kesiyorlar\/"},"modified":"2019-09-04T10:01:48","modified_gmt":"2019-09-04T07:01:48","slug":"koy-koy-dolasip-kiz-cocuklarinin-saclarini-kesiyorlar","status":"publish","type":"post","link":"http:\/\/www.tvturk.com\/index.php\/koy-koy-dolasip-kiz-cocuklarinin-saclarini-kesiyorlar\/","title":{"rendered":"K\u00f6y k\u00f6y dola\u015f\u0131p k\u0131z \u00e7ocuklar\u0131n\u0131n sa\u00e7lar\u0131n\u0131 kesiyorlar"},"content":{"rendered":"<p>Osmaniye\u2019nin Kadirli il\u00e7esinde kad\u0131n kuaf\u00f6rleri, k\u00f6y k\u00f6y gezip k\u0131z \u00e7ocuklar\u0131na ve annelerine \u00fccretsiz sa\u00e7 bak\u0131m ve sa\u00e7 kesimi yap\u0131yorlar.<\/p>\n<p>Kadirli il\u00e7esinde faaliyette olan bir g\u00fczellik merkezi i\u015fletme sahibi ve \u00e7al\u0131\u015fanlar\u0131, son zamanlarda s\u0131k s\u0131k g\u00fcndeme gelen kad\u0131na \u015fiddet olaylar\u0131 ve kad\u0131n cinayetleri g\u00f6r\u00fcnt\u00fclerinden yola \u00e7\u0131karak ba\u015flatt\u0131klar\u0131 sosyal sorumluluk projesi kapsam\u0131nda il\u00e7eye ba\u011fl\u0131 k\u00f6yleri tek tek gezerek k\u00f6yde ya\u015fayan okul \u00e7a\u011f\u0131ndaki k\u0131z \u00e7ocuklar\u0131na ve yeti\u015fkinlere \u00fccretsiz sa\u00e7 bak\u0131m\u0131 ve sa\u00e7 kesim i\u015flemi yap\u0131yorlar.<\/p>\n<p>K\u00f6y muhtarlar\u0131n\u0131n da destek verdi\u011fi etkinlikte k\u00f6y meydan\u0131na adeta seyyar kuaf\u00f6r kuruluyor. Daha sonra sa\u00e7lar\u0131n\u0131 kestirmek isteyen k\u0131zlar s\u0131raya girip sa\u00e7lar\u0131n\u0131 \u00fccretsiz olarak kestirip bak\u0131m yapt\u0131r\u0131yorlar.<\/p>\n<p>G\u00fcndemde s\u00fcrekli olarak kad\u0131na \u015fiddet olaylar\u0131 g\u00f6rd\u00fcklerini ve bundan dolay\u0131 b\u00f6yle bir sosyal sorumluluk projesi haz\u0131rlad\u0131klar\u0131n\u0131 belirten g\u00fczellik merkezi i\u015fletmecisi G\u00f6khan Turanl\u0131o\u011flu, \u201cSon zamanlarda s\u00fcrekli kad\u0131na \u015fiddet, kad\u0131n cinayetleri ile an\u0131l\u0131r hale geldik. Biz de buradan yola \u00e7\u0131karak bir proje ba\u015flatt\u0131k. Kadirli il\u00e7esindeki t\u00fcm k\u00f6ylere gitmek i\u00e7in yola \u00e7\u0131kt\u0131k. K\u00f6ylerde k\u0131z \u00e7ocuklar\u0131n\u0131n ve annelerinin sa\u00e7lar\u0131n\u0131 \u00fccretsiz olarak kesiyoruz. Sa\u00e7 bak\u0131m\u0131 yap\u0131yoruz. Bu projemize herkesin destek vermesini bekliyoruz\u201d dedi.<\/p>\n<p>Kadirli il\u00e7esine ba\u011fl\u0131 Hardall\u0131k k\u00f6y\u00fc muhtar\u0131 \u015eenol \u015eahin ise \u201cBu arkada\u015flar\u0131m\u0131z b\u00f6ylesine g\u00fczel bir proje ba\u015flatm\u0131\u015flar. Bizim k\u00f6ye de geldiler. K\u0131z \u00e7ocuklar\u0131n\u0131n sa\u00e7lar\u0131n\u0131 \u00fccretsiz olarak kesiyorlar. Kendilerini destekliyorum ve te\u015fekk\u00fcr ediyorum\u201d \u015feklinde konu\u015ftu.<\/p>\n<p>K\u00f6yde sa\u00e7lar\u0131n\u0131 kestiren k\u0131zlar\u0131n ise mutluluklar\u0131 y\u00fczlerine yans\u0131d\u0131.<\/p>\n","protected":false},"excerpt":{"rendered":"<p>OSMAN\u0130YE\u2019N\u0130N KAD\u0130RL\u0130 \u0130L\u00c7ES\u0130NDE KADIN KUAF\u00d6RLER\u0130, K\u00d6Y K\u00d6Y GEZ\u0130P  KIZ \u00c7OCUKLARINA VE ANNELER\u0130NE \u00dcCRETS\u0130Z SA\u00c7 BAKIM VE SA\u00c7 KES\u0130M\u0130 YAPIYORLAR.<\/p>\n","protected":false},"author":1,"featured_media":199486,"comment_status":"closed","ping_status":"open","sticky":false,"template":"","format":"standard","meta":{"jetpack_post_was_ever_published":false,"_jetpack_newsletter_access":"","_jetpack_dont_email_post_to_subs":false,"_jetpack_newsletter_tier_id":0,"_jetpack_memberships_contains_paywalled_content":false,"_jetpack_memberships_contains_paid_content":false,"footnotes":"","jetpack_publicize_message":"","jetpack_publicize_feature_enabled":true,"jetpack_social_post_already_shared":true,"jetpack_social_options":{"image_generator_settings":{"template":"highway","default_image_id":0,"font":"","enabled":false},"version":2}},"categories":[1],"tags":[13765,18388,50159,4200,1703,17343],"class_list":["post-199485","post","type-post","status-publish","format-standard","has-post-thumbnail","hentry","category-genel","tag-cocuklarinin","tag-dolasip","tag-kesiyorlar","tag-kiz","tag-koy","tag-saclarini"],"jetpack_publicize_connections":[],"jetpack_featured_media_url":"https:\/\/i0.wp.com\/www.tvturk.com\/wp-content\/uploads\/2019\/09\/koy-koy-dolasip-kiz-cocuklarinin-saclarini-kesiyorlar_6d00201.jpg?fit=1000%2C562","jetpack_sharing_enabled":true,"jetpack_shortlink":"https:\/\/wp.me\/paKIfm-PTv","_links":{"self":[{"href":"http:\/\/www.tvturk.com\/index.php\/wp-json\/wp\/v2\/posts\/199485","targetHints":{"allow":["GET"]}}],"collection":[{"href":"http:\/\/www.tvturk.com\/index.php\/wp-json\/wp\/v2\/posts"}],"about":[{"href":"http:\/\/www.tvturk.com\/index.php\/wp-json\/wp\/v2\/types\/post"}],"author":[{"embeddable":true,"href":"http:\/\/www.tvturk.com\/index.php\/wp-json\/wp\/v2\/users\/1"}],"replies":[{"embeddable":true,"href":"http:\/\/www.tvturk.com\/index.php\/wp-json\/wp\/v2\/comments?post=199485"}],"version-history":[{"count":0,"href":"http:\/\/www.tvturk.com\/index.php\/wp-json\/wp\/v2\/posts\/199485\/revisions"}],"wp:featuredmedia":[{"embeddable":true,"href":"http:\/\/www.tvturk.com\/index.php\/wp-json\/wp\/v2\/media\/199486"}],"wp:attachment":[{"href":"http:\/\/www.tvturk.com\/index.php\/wp-json\/wp\/v2\/media?parent=199485"}],"wp:term":[{"taxonomy":"category","embeddable":true,"href":"http:\/\/www.tvturk.com\/index.php\/wp-json\/wp\/v2\/categories?post=199485"},{"taxonomy":"post_tag","embeddable":true,"href":"http:\/\/www.tvturk.com\/index.php\/wp-json\/wp\/v2\/tags?post=199485"}],"curies":[{"name":"wp","href":"https:\/\/api.w.org\/{rel}","templated":true}]}}