{"id":199555,"date":"2019-09-04T11:17:03","date_gmt":"2019-09-04T08:17:03","guid":{"rendered":"http:\/\/www.tvturk.com\/index.php\/sonbahar-sizin-icin-hastalik-mevsimi-olmasin\/"},"modified":"2019-09-04T11:17:03","modified_gmt":"2019-09-04T08:17:03","slug":"sonbahar-sizin-icin-hastalik-mevsimi-olmasin","status":"publish","type":"post","link":"http:\/\/www.tvturk.com\/index.php\/sonbahar-sizin-icin-hastalik-mevsimi-olmasin\/","title":{"rendered":"Sonbahar sizin i\u00e7in hastal\u0131k mevsimi olmas\u0131n"},"content":{"rendered":"<p>Medicana Bursa Hastanesi Enfeksiyon Hastal\u0131klar\u0131 ve Klinik Mikrobiyoloji Uzman\u0131 Prof. Dr. Re\u015fit M\u0131st\u0131k, sonbaharda bula\u015f\u0131c\u0131 hastal\u0131klardan korunman\u0131n en iyi yolunun gerekli a\u015f\u0131lar\u0131n yap\u0131lmas\u0131 ve hijyene \u00f6nem g\u00f6sterilmesi oldu\u011funu s\u00f6yledi.<\/p>\n<p>Sonbahar\u0131n g\u00fcnd\u00fcz ve gece \u0131s\u0131 fark\u0131n\u0131n \u00e7ok oldu\u011fu, kurakl\u0131ktan ya\u011f\u0131\u015fl\u0131 mevsime ge\u00e7i\u015fin ve g\u00fcne\u015fin daha az g\u00f6r\u00fcld\u00fc\u011f\u00fc d\u00f6nem oldu\u011funu belirten Prof. Dr. Re\u015fit M\u0131st\u0131k, \u201cBu mevsimde insanlar kapal\u0131 ortamda daha fazla zaman ge\u00e7iriyorlar. Yaz al\u0131\u015fkanl\u0131\u011f\u0131n\u0131n devam etmesi, yazl\u0131k k\u0131yafetlerden tam olarak vazge\u00e7ilme de so\u011fuk alg\u0131nl\u0131\u011f\u0131na davetiye \u00e7\u0131kar\u0131r. Ayr\u0131ca so\u011fuk, dola\u015f\u0131m sisteminin etkilenmesine ve mikroorganizmalar\u0131n kan temas\u0131n\u0131n azalmas\u0131na ve v\u00fccudun ba\u011f\u0131\u015f\u0131k sistem h\u00fccrelerinden ka\u00e7\u0131\u015f\u0131na sebep oluyor. Bu durumlar\u0131n her birinin hastal\u0131k yapma \u00fczerine \u015f\u00fcphesiz katk\u0131s\u0131 vard\u0131r. Bu mevsimin ikinci \u00f6nemli hastal\u0131k grubu mide-ba\u011f\u0131rsak enfeksiyonlar\u0131d\u0131r. Burada en \u00f6nemli sebep, yaz mevsiminde insan \u00e7\u0131kart\u0131lar\u0131nda kurakl\u0131k sebebiyle \u00fcreme yetene\u011fi azalan mikroorganizmalar\u0131n nemle birlikte \u00e7o\u011falmaya ba\u015flamas\u0131d\u0131r\u201d dedi.<\/p>\n<p>Solunum sistemine ve mide-ba\u011f\u0131rsa\u011fa yerle\u015ferek hastal\u0131\u011fa sebep olabilen bir\u00e7ok mikroorganizman\u0131n oldu\u011funu belirten M\u0131st\u0131k, \u201c\u2019Genel anlam\u0131yla her bir hastal\u0131k grubunun kendi i\u00e7inde benzer klinik tablolar yapar gibi g\u00f6r\u00fcnmesine ra\u011fmen grup i\u00e7indeki mikroorganizmalar\u0131n yapt\u0131\u011f\u0131 hastal\u0131klar\u0131n sonu\u00e7lar\u0131 ve tedavileri farkl\u0131l\u0131k g\u00f6sterir. Bu sebeple doktora ba\u015fvurulmal\u0131, nas\u0131l bir tedavi verilece\u011fi doktoru taraf\u0131ndan hastaya bildirilmelidir\u2019 diye konu\u015ftu.<\/p>\n<p>Bir\u00e7ok mikroorganizman\u0131n solunum yolu, temas ve sindirim yolu ile bula\u015fabilmesi m\u00fcmk\u00fcn olabildi\u011fine g\u00f6re bu hastal\u0131klardan korunman\u0131n da m\u00fcmk\u00fcn oldu\u011funu belirten M\u0131st\u0131k, \u201c\u00c7o\u011fu mikroorganizma i\u00e7in hen\u00fcz a\u015f\u0131 geli\u015ftirilememi\u015ftir. Grip, menenjit, tifo, rotavir\u00fcs gibi s\u0131n\u0131rl\u0131 say\u0131da mikroorganizmalara kar\u015f\u0131 a\u015f\u0131 vard\u0131r. Burada en \u00f6nemli \u015fey hijyenik el y\u0131kamad\u0131r. \u00c7\u00fcnk\u00fc eller a\u011f\u0131za, g\u00f6ze, deriye, ve yediklerimize fark\u0131nda olmadan temas etmekte ve arac\u0131 olarak mikroorganizmalar\u0131 sindirim ve solunum sistemine ta\u015f\u0131yabilmektedir. Nezle vir\u00fcs\u00fcn\u00fcn sebebi y\u00fczde 50\u2019den fazla ellerle bula\u015fmaktad\u0131r. \u00d6ks\u00fcr\u00fck ve aks\u0131r\u0131rken dirsek i\u00e7i ile a\u011f\u0131z ve burunu kapatarak di\u011fer ki\u015fileri korumal\u0131y\u0131z. Kabu\u011fu olan meyveleri y\u0131kayarak ve kabuklar\u0131n\u0131 soyarak, sebzeleri bol su veya sirkeli su ile y\u0131kayarak haz\u0131rlamal\u0131y\u0131z. Gerekli a\u015f\u0131lar\u0131n yap\u0131lmas\u0131 ve hijyenik el y\u0131kaman\u0131n \u00f6nemi \u00e7ok b\u00fcy\u00fckt\u00fcr\u2019 \u015feklinde konu\u015ftu.<\/p>\n","protected":false},"excerpt":{"rendered":"<p>PROF. DR. RE\u015e\u0130T MISTIK, SONBAHARDA BULA\u015eICI HASTALIKLARDAN KORUNMANIN EN \u0130Y\u0130 YOLUNUN GEREKL\u0130 A\u015eILARIN YAPILMASI VE H\u0130JYENE \u00d6NEM G\u00d6STER\u0130LMES\u0130 OLDU\u011eUNU S\u00d6YLED\u0130.<\/p>\n","protected":false},"author":1,"featured_media":199556,"comment_status":"closed","ping_status":"open","sticky":false,"template":"","format":"standard","meta":{"jetpack_post_was_ever_published":false,"_jetpack_newsletter_access":"","_jetpack_dont_email_post_to_subs":false,"_jetpack_newsletter_tier_id":0,"_jetpack_memberships_contains_paywalled_content":false,"_jetpack_memberships_contains_paid_content":false,"footnotes":"","jetpack_publicize_message":"","jetpack_publicize_feature_enabled":true,"jetpack_social_post_already_shared":true,"jetpack_social_options":{"image_generator_settings":{"template":"highway","default_image_id":0,"font":"","enabled":false},"version":2}},"categories":[1],"tags":[16126,44,28770,8855,17621,49701],"class_list":["post-199555","post","type-post","status-publish","format-standard","has-post-thumbnail","hentry","category-genel","tag-hastalik","tag-icin","tag-mevsimi","tag-olmasin","tag-sizin","tag-sonbahar"],"jetpack_publicize_connections":[],"jetpack_featured_media_url":"https:\/\/i0.wp.com\/www.tvturk.com\/wp-content\/uploads\/2019\/09\/sonbahar-sizin-icin-hastalik-mevsimi-olmasin_15ad542.jpg?fit=880%2C1000","jetpack_sharing_enabled":true,"jetpack_shortlink":"https:\/\/wp.me\/paKIfm-PUD","_links":{"self":[{"href":"http:\/\/www.tvturk.com\/index.php\/wp-json\/wp\/v2\/posts\/199555","targetHints":{"allow":["GET"]}}],"collection":[{"href":"http:\/\/www.tvturk.com\/index.php\/wp-json\/wp\/v2\/posts"}],"about":[{"href":"http:\/\/www.tvturk.com\/index.php\/wp-json\/wp\/v2\/types\/post"}],"author":[{"embeddable":true,"href":"http:\/\/www.tvturk.com\/index.php\/wp-json\/wp\/v2\/users\/1"}],"replies":[{"embeddable":true,"href":"http:\/\/www.tvturk.com\/index.php\/wp-json\/wp\/v2\/comments?post=199555"}],"version-history":[{"count":0,"href":"http:\/\/www.tvturk.com\/index.php\/wp-json\/wp\/v2\/posts\/199555\/revisions"}],"wp:featuredmedia":[{"embeddable":true,"href":"http:\/\/www.tvturk.com\/index.php\/wp-json\/wp\/v2\/media\/199556"}],"wp:attachment":[{"href":"http:\/\/www.tvturk.com\/index.php\/wp-json\/wp\/v2\/media?parent=199555"}],"wp:term":[{"taxonomy":"category","embeddable":true,"href":"http:\/\/www.tvturk.com\/index.php\/wp-json\/wp\/v2\/categories?post=199555"},{"taxonomy":"post_tag","embeddable":true,"href":"http:\/\/www.tvturk.com\/index.php\/wp-json\/wp\/v2\/tags?post=199555"}],"curies":[{"name":"wp","href":"https:\/\/api.w.org\/{rel}","templated":true}]}}