{"id":199557,"date":"2019-09-04T11:18:05","date_gmt":"2019-09-04T08:18:05","guid":{"rendered":"http:\/\/www.tvturk.com\/index.php\/trabzonsporda-forvetler-yuzleri-guldurdu\/"},"modified":"2019-09-04T11:18:05","modified_gmt":"2019-09-04T08:18:05","slug":"trabzonsporda-forvetler-yuzleri-guldurdu","status":"publish","type":"post","link":"http:\/\/www.tvturk.com\/index.php\/trabzonsporda-forvetler-yuzleri-guldurdu\/","title":{"rendered":"Trabzonspor\u2019da forvetler y\u00fczleri g\u00fcld\u00fcrd\u00fc"},"content":{"rendered":"<p>Rodallega\u2019n\u0131n ayr\u0131lmas\u0131n\u0131n ard\u0131ndan h\u00fccuma takviye yapan Trabzonspor\u2019da Ekuban ve Nwakaeme\u2019nin performanslar\u0131 y\u00fcz g\u00fcld\u00fcr\u00fcrken, yeni transfer S\u00f6rloth da performans\u0131yla memnun etti. Bordo-mavililerde y\u0131ld\u0131z futbolcu Sturridge\u2019in performans\u0131 da merak konusu.<\/p>\n<p>Trabzonspor, Teknik Direkt\u00f6r \u00dcnal Karaman d\u00f6neminde \u00f6nemli bir toparlanma s\u00fcrecine girerken yeni sezonda da camiay\u0131 heyecanland\u0131ran geli\u015fmelere imza at\u0131yor. Ge\u00e7ti\u011fimiz sezondan itibaren b\u00fcy\u00fck bir geli\u015fime imza atan Karadeniz ekibi bu sezon da pozitif i\u015flere imza ataca\u011f\u0131n\u0131n sinyallerini veriyor. S\u00fcper Lig\u2019de ve UEFA Avrupa Ligi\u2019nde 7 ma\u00e7a \u00e7\u0131kan Trabzonspor 4 y\u0131l aradan sonra gruplara kalma ba\u015far\u0131s\u0131 g\u00f6sterirken, yo\u011fun ma\u00e7 trafi\u011finde ise ligde oynad\u0131\u011f\u0131 3 ma\u00e7ta 1 galibiyet ve 2 beraberlik alarak 3 haftada sonunda 5 puan toplad\u0131.<\/p>\n<p>S\u00fcper Lig\u2019de ve Avrupa\u2019da 11 gole imza atan bordo-mavililerde s\u00f6z konusu gollerin 5\u2019ni Ekuban, 3\u2019\u00fcn\u00fc de S\u00f6rloth kaydetti. Di\u011fer goller ise Abd\u00fclkadir \u00d6m\u00fcr, Pereira ve Novak imzas\u0131 ta\u015f\u0131yor. 7 ma\u00e7ta forma giyen Nwakaeme ise gol katk\u0131s\u0131 vermemesine ra\u011fmen h\u00fccumdaki etkisiyle Karaman\u2019\u0131n vazge\u00e7ilmez oyuncular\u0131 aras\u0131ndan yer al\u0131yor.<\/p>\n<p>H\u00fccum hatt\u0131ndaki etkisiyle dikkat \u00e7eken bordo-mavililer ge\u00e7ti\u011fimiz sezon S\u00fcper Lig\u2019de att\u0131\u011f\u0131 15 gol sonras\u0131 bordo-mavili tak\u0131m ile yollar\u0131n\u0131 ay\u0131ran Hugo Rodallega\u2019n\u0131n gidi\u015fiyle aray\u0131\u015flara giren Trabzonspor, s\u00f6z konusu b\u00f6lgeye ilk planda S\u00f6rloth\u2019\u00fc transfer yaparken ard\u0131ndan ise y\u0131ld\u0131z oyuncu Sturridge\u2019i transfer ederek bu b\u00f6lgeyi zenginle\u015ftirdi. Mevcut kadroda yer alan isimlere yeni transferlerin de kat\u0131lmas\u0131yla birlikte daha da g\u00fc\u00e7l\u00fc bir tak\u0131m olaca\u011f\u0131n\u0131n sinyallerini veren Karadeniz ekibi camiay\u0131 \u015fimdiden heyecanland\u0131rm\u0131\u015f durumda.<\/p>\n","protected":false},"excerpt":{"rendered":"<p>TRABZONSPOR H\u00dcCUM HATTI UMUT VER\u0130YOR. BORDO-MAV\u0130L\u0130LERDE HUGO RODALLEGA&#8217;NIN TAKIMDAN AYRILMASINDAN SONRA EKUBAN, NWAKAEME YANI SIRA S\u00d6RLOTH GER\u0130DE KALAN HAFTALARDA \u00d6N PLANA \u00c7IKAN \u0130S\u0130MLER OLURKEN, SON TRANSFER  STURR\u0130DGE&#8217;\u0130N \u0130SE NELER YAPAB\u0130LECE\u011e\u0130 CAM\u0130AYI \u015e\u0130MD\u0130DEN  HEYECANLANDIRIYOR.<\/p>\n","protected":false},"author":1,"featured_media":199558,"comment_status":"closed","ping_status":"open","sticky":false,"template":"","format":"standard","meta":{"jetpack_post_was_ever_published":false,"_jetpack_newsletter_access":"","_jetpack_dont_email_post_to_subs":false,"_jetpack_newsletter_tier_id":0,"_jetpack_memberships_contains_paywalled_content":false,"_jetpack_memberships_contains_paid_content":false,"footnotes":"","jetpack_publicize_message":"","jetpack_publicize_feature_enabled":true,"jetpack_social_post_already_shared":true,"jetpack_social_options":{"image_generator_settings":{"template":"highway","default_image_id":0,"font":"","enabled":false},"version":2}},"categories":[657],"tags":[50178,1516,16159,8388],"class_list":["post-199557","post","type-post","status-publish","format-standard","has-post-thumbnail","hentry","category-spor","tag-forvetler","tag-guldurdu","tag-trabzonsporda","tag-yuzleri"],"jetpack_publicize_connections":[],"jetpack_featured_media_url":"https:\/\/i0.wp.com\/www.tvturk.com\/wp-content\/uploads\/2019\/09\/trabzonsporda-forvetler-yuzleri-guldurdu_f8abaad.jpg?fit=1000%2C700","jetpack_sharing_enabled":true,"jetpack_shortlink":"https:\/\/wp.me\/paKIfm-PUF","_links":{"self":[{"href":"http:\/\/www.tvturk.com\/index.php\/wp-json\/wp\/v2\/posts\/199557","targetHints":{"allow":["GET"]}}],"collection":[{"href":"http:\/\/www.tvturk.com\/index.php\/wp-json\/wp\/v2\/posts"}],"about":[{"href":"http:\/\/www.tvturk.com\/index.php\/wp-json\/wp\/v2\/types\/post"}],"author":[{"embeddable":true,"href":"http:\/\/www.tvturk.com\/index.php\/wp-json\/wp\/v2\/users\/1"}],"replies":[{"embeddable":true,"href":"http:\/\/www.tvturk.com\/index.php\/wp-json\/wp\/v2\/comments?post=199557"}],"version-history":[{"count":0,"href":"http:\/\/www.tvturk.com\/index.php\/wp-json\/wp\/v2\/posts\/199557\/revisions"}],"wp:featuredmedia":[{"embeddable":true,"href":"http:\/\/www.tvturk.com\/index.php\/wp-json\/wp\/v2\/media\/199558"}],"wp:attachment":[{"href":"http:\/\/www.tvturk.com\/index.php\/wp-json\/wp\/v2\/media?parent=199557"}],"wp:term":[{"taxonomy":"category","embeddable":true,"href":"http:\/\/www.tvturk.com\/index.php\/wp-json\/wp\/v2\/categories?post=199557"},{"taxonomy":"post_tag","embeddable":true,"href":"http:\/\/www.tvturk.com\/index.php\/wp-json\/wp\/v2\/tags?post=199557"}],"curies":[{"name":"wp","href":"https:\/\/api.w.org\/{rel}","templated":true}]}}