{"id":199559,"date":"2019-09-04T11:18:35","date_gmt":"2019-09-04T08:18:35","guid":{"rendered":"http:\/\/www.tvturk.com\/index.php\/erken-cocukluk-egitimi-uluslararasi-platforma-tasindi\/"},"modified":"2019-09-04T11:18:35","modified_gmt":"2019-09-04T08:18:35","slug":"erken-cocukluk-egitimi-uluslararasi-platforma-tasindi","status":"publish","type":"post","link":"http:\/\/www.tvturk.com\/index.php\/erken-cocukluk-egitimi-uluslararasi-platforma-tasindi\/","title":{"rendered":"\u201cErken \u00c7ocukluk E\u011fitimi\u201d uluslararas\u0131 platforma ta\u015f\u0131nd\u0131"},"content":{"rendered":"<p>Erken \u00e7ocukluk e\u011fitiminde kapsay\u0131c\u0131 politikalar\u0131n ele al\u0131naca\u011f\u0131 \u201cErken \u00c7ocukluk E\u011fitiminde Politikalar, Uygulamalar ve Yeterlilikler Konferans\u0131\u201d, 6 \u00fclkeden 7 proje orta\u011f\u0131yla birlikte uluslararas\u0131 platforma ta\u015f\u0131nd\u0131.<\/p>\n<p>Do\u011fa Koleji Projeler Koordinat\u00f6rl\u00fc\u011f\u00fc, \u201cErken \u00c7ocukluk D\u00f6neminde Ya\u015fam \u0130\u00e7in S\u00fcrd\u00fcr\u00fclebilir Motivasyon ve De\u011ferler Modeli Olu\u015fturma\u201d (MOV-UP) projesini hayata ge\u00e7irdi. Proje kapsam\u0131nda 18-19 Ekim 2019 tarihlerinde \u0130stanbul \u015eehir \u00dcniversitesi Dragos Kamp\u00fcs\u00fc\u2019nde \u201cErken \u00c7ocukluk E\u011fitiminde Politikalar, Uygulamalar ve Yeterlilikler Konferans\u0131\u201d d\u00fczenlenecek. 6 \u00fclkeden 7 proje orta\u011f\u0131yla birlikte ger\u00e7ekle\u015ftirilecek olan konferansta, \u00f6\u011fretmenlerin mesleki geli\u015fiminin s\u00fcrd\u00fcr\u00fclebilirli\u011fini sa\u011flayan uygulamalar anlat\u0131lacak.<\/p>\n<p>Konferansta, erken \u00e7ocukluk e\u011fitiminde kapsay\u0131c\u0131 politikalar, olumlu ve destekleyici ortamlar; erken \u00e7ocukluk d\u00f6neminde sosyal ve duygusal \u00f6\u011frenme, de\u011ferler e\u011fitimi ve \u00e7ocuk bak\u0131\u015f a\u00e7\u0131s\u0131yla geli\u015fim konular\u0131 ele al\u0131nacak. Ayr\u0131ca, erken \u00e7ocukluk d\u00f6neminde hayal g\u00fcc\u00fcn\u00fcn geli\u015ftirilmesi i\u00e7in \u00f6\u011frenme sonu\u00e7lar\u0131 de\u011ferlendirilirken, erken \u00e7ocukluk e\u011fitimi pedagojik uzmanlar\u0131n\u0131n profesyonel geli\u015fimi de dikkat \u00e7eken ba\u015fl\u0131klar aras\u0131nda yer alacak.<\/p>\n<p>\u201cYenilik\u00e7i e\u011fitim modellerini bir araya getiriyoruz\u201d<\/p>\n<p>MOV-UP Konferans\u0131\u2019n\u0131n; erken \u00e7ocukluk d\u00f6neminde politikalar\u0131, yenilikleri ve iyi uygulamalar\u0131 merak eden, kendi payla\u015f\u0131mlar\u0131n\u0131 uluslararas\u0131 platformda yapmak isteyen herkese a\u00e7\u0131k olaca\u011f\u0131n\u0131 bildiren Do\u011fa Koleji Genel M\u00fcd\u00fcr\u00fc Ali R\u0131za L\u00fcle, \u201c\u00d6\u011frencilerimizin sosyal becerilerinin geli\u015fmesi i\u00e7in, \u00f6\u011frenmede motivasyon ve tutumlar\u0131 kapsayan uygulamalar\u0131 yenilik\u00e7i e\u011fitim modellerimizle bir araya getiriyoruz. \u0130yi uygulamalar ortaya koyabilmek i\u00e7in \u00f6\u011fretmenlerin mesleki geli\u015fimine katk\u0131 sa\u011flayacak bir \u00f6\u011fretmen e\u011fitim kursu olu\u015fturaca\u011f\u0131z\u201d dedi.<\/p>\n<p>6 \u00fclkeden 7 kurumun i\u015f birli\u011fiyle ger\u00e7ekle\u015fecek<\/p>\n<p>MOV-UP proje ortaklar\u0131; ba\u015fta Do\u011fa Koleji olmak \u00fczere; Bulgaristan Nadezda B\u00f6lge Koordinat\u00f6rl\u00fc\u011f\u00fc ve K\u00fclt\u00fcrleraras\u0131 \u0130\u015fbirli\u011fi Vakf\u0131 (ICF), Yunanistan Girit \u00dcniversitesi, \u0130talya Carlo Collodi Ulusal Vakf\u0131, Malta \u00dcniversitesi, Litvanya Panevezio B\u00f6lgesi E\u011fitim Merkezi oldu. Konferans\u0131n ev sahipli\u011fini ise \u0130stanbul \u015eehir \u00dcniversitesi yapacak.<\/p>\n<p>Uluslararas\u0131 platformlardan kat\u0131l\u0131m<\/p>\n<p>Bulgaristan, \u0130talya, Malta, Litvanya ve Yunanistan i\u015f birli\u011fiyle d\u00fczenlenen MOV-UP Konferans\u0131\u2019na; ABD George Mason \u00dcniversitesi Psikoloji B\u00f6l\u00fcm\u00fc Prof. Dr. Susanne A. Denham, Malta \u00dcniversitesi E\u011fitim Fak\u00fcltesi Okul\u00f6ncesi ve \u0130lk\u00f6\u011fretim Anabilim Dal\u0131 Prof. Dr. Valerie Sollars, Fatih Sultan Mehmet \u00dcniversitesi Okul\u00f6ncesi E\u011fitimi Anabilim Dal\u0131 Prof. Dr. Fatma Alisinano\u011flu ve Malta \u00dcniversitesi Psikoloji B\u00f6l\u00fcm\u00fc Prof. Dr. Carmel Cefai konu\u015fmac\u0131 olarak kat\u0131lacak. Konferansta sunumlar T\u00fcrk\u00e7e ve \u0130ngilizce yap\u0131lacak.<\/p>\n<p>MOV-UP Konferans\u0131, erken \u00e7ocukluk d\u00f6neminde politikalar, yenilikler ve iyi uygulamalar\u0131 merak eden, kendi payla\u015f\u0131mlar\u0131n\u0131 uluslararas\u0131 platformda yapmak isteyen herkese a\u00e7\u0131k olacak.<\/p>\n","protected":false},"excerpt":{"rendered":"<p>ERKEN \u00c7OCUKLUK E\u011e\u0130T\u0130M\u0130NDE KAPSAYICI POL\u0130T\u0130KALARIN ELE ALINACA\u011eI \u201cERKEN \u00c7OCUKLUK E\u011e\u0130T\u0130M\u0130NDE POL\u0130T\u0130KALAR, UYGULAMALAR VE YETERL\u0130L\u0130KLER KONFERANSI\u201d, 6 \u00dcLKEDEN 7 PROJE ORTA\u011eIYLA B\u0130RL\u0130KTE ULUSLARARASI PLATFORMA TA\u015eINDI.<\/p>\n","protected":false},"author":1,"featured_media":199560,"comment_status":"closed","ping_status":"open","sticky":false,"template":"","format":"standard","meta":{"jetpack_post_was_ever_published":false,"_jetpack_newsletter_access":"","_jetpack_dont_email_post_to_subs":false,"_jetpack_newsletter_tier_id":0,"_jetpack_memberships_contains_paywalled_content":false,"_jetpack_memberships_contains_paid_content":false,"footnotes":"","jetpack_publicize_message":"","jetpack_publicize_feature_enabled":true,"jetpack_social_post_already_shared":true,"jetpack_social_options":{"image_generator_settings":{"template":"highway","default_image_id":0,"font":"","enabled":false},"version":2}},"categories":[1],"tags":[4839,25170,581,4955,43702,9372],"class_list":["post-199559","post","type-post","status-publish","format-standard","has-post-thumbnail","hentry","category-genel","tag-uluslararasi","tag-cocukluk","tag-egitimi","tag-erken","tag-platforma","tag-tasindi"],"jetpack_publicize_connections":[],"jetpack_featured_media_url":"https:\/\/i0.wp.com\/www.tvturk.com\/wp-content\/uploads\/2019\/09\/erken-cocukluk-egitimi-uluslararasi-platforma-tasindi_20ee66a.jpg?fit=1000%2C666","jetpack_sharing_enabled":true,"jetpack_shortlink":"https:\/\/wp.me\/paKIfm-PUH","_links":{"self":[{"href":"http:\/\/www.tvturk.com\/index.php\/wp-json\/wp\/v2\/posts\/199559","targetHints":{"allow":["GET"]}}],"collection":[{"href":"http:\/\/www.tvturk.com\/index.php\/wp-json\/wp\/v2\/posts"}],"about":[{"href":"http:\/\/www.tvturk.com\/index.php\/wp-json\/wp\/v2\/types\/post"}],"author":[{"embeddable":true,"href":"http:\/\/www.tvturk.com\/index.php\/wp-json\/wp\/v2\/users\/1"}],"replies":[{"embeddable":true,"href":"http:\/\/www.tvturk.com\/index.php\/wp-json\/wp\/v2\/comments?post=199559"}],"version-history":[{"count":0,"href":"http:\/\/www.tvturk.com\/index.php\/wp-json\/wp\/v2\/posts\/199559\/revisions"}],"wp:featuredmedia":[{"embeddable":true,"href":"http:\/\/www.tvturk.com\/index.php\/wp-json\/wp\/v2\/media\/199560"}],"wp:attachment":[{"href":"http:\/\/www.tvturk.com\/index.php\/wp-json\/wp\/v2\/media?parent=199559"}],"wp:term":[{"taxonomy":"category","embeddable":true,"href":"http:\/\/www.tvturk.com\/index.php\/wp-json\/wp\/v2\/categories?post=199559"},{"taxonomy":"post_tag","embeddable":true,"href":"http:\/\/www.tvturk.com\/index.php\/wp-json\/wp\/v2\/tags?post=199559"}],"curies":[{"name":"wp","href":"https:\/\/api.w.org\/{rel}","templated":true}]}}