{"id":199573,"date":"2019-09-04T11:46:43","date_gmt":"2019-09-04T08:46:43","guid":{"rendered":"http:\/\/www.tvturk.com\/index.php\/cumhurbaskaninin-mitinglerinde-videosunu-paylastigi-fenomen-ihaya-konustu\/"},"modified":"2019-09-04T11:46:43","modified_gmt":"2019-09-04T08:46:43","slug":"cumhurbaskaninin-mitinglerinde-videosunu-paylastigi-fenomen-ihaya-konustu","status":"publish","type":"post","link":"http:\/\/www.tvturk.com\/index.php\/cumhurbaskaninin-mitinglerinde-videosunu-paylastigi-fenomen-ihaya-konustu\/","title":{"rendered":"Cumhurba\u015fkan\u0131n\u0131n mitinglerinde videosunu payla\u015ft\u0131\u011f\u0131 fenomen \u0130HA\u2019ya konu\u015ftu"},"content":{"rendered":"<p>&#8220;Laf bitti t\u00fcnel bitmedi&#8221; s\u00f6z\u00fcyle fenomen olan ve Cumhurba\u015fkan\u0131n\u0131n da mitinglerinde videosunu payla\u015ft\u0131\u011f\u0131 Taner Mete, ilk defa \u0130HA mikrofonlar\u0131na konu\u015ftu.<\/p>\n<p>2015 y\u0131l\u0131nda Kahramanmara\u015f\u2019ta bir internet ar\u0131zas\u0131na giderken g\u00f6rd\u00fc\u011f\u00fc t\u00fcneli \u00f6verek fenomen olan Taner Mete, \u0130hlas Haber Ajans\u0131 mikrofonuna konu\u015ftu. Mete, o g\u00fcnden sonra hayat\u0131n\u0131n de\u011fi\u015fti\u011fini ve PKK, FET\u00d6 gibi ter\u00f6r \u00f6rg\u00fctlerinden ald\u0131\u011f\u0131 tehditler y\u00fcz\u00fcnden soyad\u0131n\u0131 bile de\u011fi\u015ftirdi\u011fini belirtti. Mete, Cumhurba\u015fkan\u0131 Recep Tayyip Erdo\u011fan\u2019\u0131n videosunu payla\u015fmas\u0131n\u0131n kendisini gururland\u0131rd\u0131\u011f\u0131n\u0131 ve tek iste\u011finin Cumhurba\u015fkan\u0131 ile bir foto\u011fraf \u00e7ektirmek oldu\u011funu s\u00f6yledi.<\/p>\n<p>\u201cBir g\u00fcnde 5 bin arkada\u015f beni ekledi\u201d<\/p>\n<p>Videoyu payla\u015ft\u0131ktan sonra sosyal medyada bir g\u00fcnde 5 bin ki\u015finin kendisini ekledi\u011fini ifade eden Mete,  \u201cFacebook\u2019ta 25 30 tane arkada\u015f\u0131m varken, videodan sonra 5 bin arkada\u015f s\u0131n\u0131r\u0131n\u0131 doldurdum\u201d dedi.<\/p>\n<p>\u201cO t\u00fcneli g\u00f6r\u00fcnce kendimi tutamad\u0131m\u201d<\/p>\n<p>Da\u011f\u0131n i\u00e7inde t\u00fcneli g\u00f6r\u00fcnce kendini tutamad\u0131\u011f\u0131n\u0131 ifade eden Mete, \u201cBen T\u00fcrksat\u2019\u0131n ileti\u015fim \u00e7anaklar\u0131n\u0131 falan kuruyorum. G\u00f6ksun taraf\u0131ndan ana yola geldim bakt\u0131m yolu kapatm\u0131\u015flar. \u00c7ok sinirlendim bir bakt\u0131m ki yolu sola \u00e7evirmi\u015fler da\u011f\u0131n i\u00e7ine y\u00f6nlendirdiler. Yan\u0131mda bir arkada\u015f\u0131m vard\u0131. Yahu dedim bu da\u011fa yoksa t\u00fcnel mi yapm\u0131\u015flar. Arkada\u015fa telefonla \u00e7ek dedim. T\u00fcnelin i\u00e7ine girince o \u00f6fkeyle do\u011fa\u00e7lama a\u011fz\u0131ma ne geldiyse sayd\u0131m\u201d \u015feklinde konu\u015ftu.<\/p>\n<p>\u201cSoy ismime kadar de\u011fi\u015ftirdim\u201d<\/p>\n<p>Ald\u0131\u011f\u0131 tehditlerden dolay\u0131 soyad\u0131n\u0131 bile de\u011fi\u015ftirdi\u011fini s\u00f6yleyen Mete, \u201cO g\u00fcnden sonra hayat\u0131m de\u011fi\u015fti. Ben kendimi bilerek geri plana att\u0131m. \u00c7\u00fcnk\u00fc \u00e7ok fazla tepki, tehdit ald\u0131m ben soy ismime kadar de\u011fi\u015ftirdim. Beni tehdit ettiler, da\u011fa kald\u0131r\u0131r\u0131z dediler sen \u2018Hoca efendiye\u2019 nas\u0131l laf s\u00f6ylersin dediler. Ald\u0131\u011f\u0131m tehdit ve k\u00fcf\u00fcrlerden dolay\u0131 Facebook hesab\u0131n\u0131 kapatt\u0131m. Eskiden soy ismim \u2018\u00dcvezo\u011flugil\u2019di, soy ismimi \u2018Mete\u2019 olarak de\u011fi\u015ftirdim\u201d ifadelerini kulland\u0131.<\/p>\n<p>\u201c3-4 saatte gitti\u011fim yolu 5 dakikada ge\u00e7tim\u201d<\/p>\n<p>Daha \u00f6nce 3-4 saatte gitti\u011fi yolu t\u00fcnel sayesinde 5 dakikada ge\u00e7ti\u011fini vurgulayan Mete, \u201cG\u00f6r\u00fcnt\u00fcy\u00fc 2015 y\u0131l\u0131nda \u00e7ektim. Bu arada ben Kahramanmara\u015fl\u0131 de\u011filim Gaziantepliyim. K\u0131\u015f\u0131n biz o yolu 3-4 saatte gidiyoruz. Ben o g\u00fcn Kahramanmara\u015f\u2019\u0131n Af\u015fin il\u00e7esinden internet ar\u0131zas\u0131 nedeniyle bir k\u00f6ye gitmi\u015ftim. D\u00f6n\u00fc\u015fte yolu kapatm\u0131\u015flard\u0131 \u00e7ok \u00f6fkelenmi\u015ftim o \u00f6fkeyle bir bakt\u0131m t\u00fcnel var. Fark etmeden beni g\u00fczel yola \u00e7\u0131kartm\u0131\u015flar. Yahu bir saatte gidece\u011fim yolu 5 dakikada ge\u00e7tim. Hani derler ya her \u015fey yol mu, karde\u015fim gidemedi\u011fin yol senin de\u011fildir. Ula\u015f\u0131m her \u015feyin temelidir. Yolun gitmedi\u011fi yerler geli\u015femez. \u015eu an T\u00fcrkiye\u2019de bir kad\u0131n \u0130stanbul\u2019dan Hakkari\u2019ye kadar gidip \u00fcr\u00fcn\u00fcn\u00fc satabiliyor. Eskiden Gaziantep\u2019e gelmeye korkuyorlard\u0131. \u00c7\u00fcnk\u00fc yollar k\u00f6t\u00fcyd\u00fc\u201d ifadelerine yer verdi.<\/p>\n<p>\u201cTek iste\u011fim Cumhurba\u015fkan\u0131m\u0131z ile foto\u011fraf \u00e7ektirmek\u201d<\/p>\n<p>Tek iste\u011finin Cumhurba\u015fkan\u0131 Erdo\u011fan ile foto\u011fraf \u00e7ektirmek oldu\u011funu s\u00f6yleyen Mete, &#8220;Cumhurba\u015fkan\u0131m\u0131z Recep Tayyip Erdo\u011fan\u2019\u0131n benim videomu mitinglerinde payla\u015fmas\u0131 beni \u00e7ok gururland\u0131rd\u0131. Tek iste\u011fim, \u015fu \u00f6l\u00fcml\u00fc d\u00fcnyada Cumhurba\u015fkan\u0131m\u0131zla bir foto\u011fraf \u00e7ektirmektir\u201d diye konu\u015ftu.<\/p>\n","protected":false},"excerpt":{"rendered":"<p>&#8220;LAF B\u0130TT\u0130 T\u00dcNEL B\u0130TMED\u0130&#8221; S\u00d6Z\u00dcYLE FENOMEN OLAN VE CUMHURBA\u015eKANININ DA M\u0130T\u0130NGLER\u0130NDE V\u0130DEOSUNU PAYLA\u015eTI\u011eI TANER METE, \u0130LK DEFA \u0130HA M\u0130KROFONLARINA KONU\u015eTU.<\/p>\n","protected":false},"author":1,"featured_media":199574,"comment_status":"closed","ping_status":"open","sticky":false,"template":"","format":"standard","meta":{"jetpack_post_was_ever_published":false,"_jetpack_newsletter_access":"","_jetpack_dont_email_post_to_subs":false,"_jetpack_newsletter_tier_id":0,"_jetpack_memberships_contains_paywalled_content":false,"_jetpack_memberships_contains_paid_content":false,"footnotes":"","jetpack_publicize_message":"","jetpack_publicize_feature_enabled":true,"jetpack_social_post_already_shared":true,"jetpack_social_options":{"image_generator_settings":{"template":"highway","default_image_id":0,"font":"","enabled":false},"version":2}},"categories":[1],"tags":[13788,7084,6488,4045,50183,28091,50184],"class_list":["post-199573","post","type-post","status-publish","format-standard","has-post-thumbnail","hentry","category-genel","tag-cumhurbaskaninin","tag-fenomen","tag-ihaya","tag-konustu","tag-mitinglerinde","tag-paylastigi","tag-videosunu"],"jetpack_publicize_connections":[],"jetpack_featured_media_url":"https:\/\/i0.wp.com\/www.tvturk.com\/wp-content\/uploads\/2019\/09\/cumhurbaskaninin-mitinglerinde-videosunu-paylastigi-fenomen-ihaya-konustu_1915a81.jpg?fit=1000%2C666","jetpack_sharing_enabled":true,"jetpack_shortlink":"https:\/\/wp.me\/paKIfm-PUV","_links":{"self":[{"href":"http:\/\/www.tvturk.com\/index.php\/wp-json\/wp\/v2\/posts\/199573","targetHints":{"allow":["GET"]}}],"collection":[{"href":"http:\/\/www.tvturk.com\/index.php\/wp-json\/wp\/v2\/posts"}],"about":[{"href":"http:\/\/www.tvturk.com\/index.php\/wp-json\/wp\/v2\/types\/post"}],"author":[{"embeddable":true,"href":"http:\/\/www.tvturk.com\/index.php\/wp-json\/wp\/v2\/users\/1"}],"replies":[{"embeddable":true,"href":"http:\/\/www.tvturk.com\/index.php\/wp-json\/wp\/v2\/comments?post=199573"}],"version-history":[{"count":0,"href":"http:\/\/www.tvturk.com\/index.php\/wp-json\/wp\/v2\/posts\/199573\/revisions"}],"wp:featuredmedia":[{"embeddable":true,"href":"http:\/\/www.tvturk.com\/index.php\/wp-json\/wp\/v2\/media\/199574"}],"wp:attachment":[{"href":"http:\/\/www.tvturk.com\/index.php\/wp-json\/wp\/v2\/media?parent=199573"}],"wp:term":[{"taxonomy":"category","embeddable":true,"href":"http:\/\/www.tvturk.com\/index.php\/wp-json\/wp\/v2\/categories?post=199573"},{"taxonomy":"post_tag","embeddable":true,"href":"http:\/\/www.tvturk.com\/index.php\/wp-json\/wp\/v2\/tags?post=199573"}],"curies":[{"name":"wp","href":"https:\/\/api.w.org\/{rel}","templated":true}]}}