{"id":199593,"date":"2019-09-04T12:03:03","date_gmt":"2019-09-04T09:03:03","guid":{"rendered":"http:\/\/www.tvturk.com\/index.php\/ilk-albumunu-baskana-hediye-etti\/"},"modified":"2019-09-04T12:03:03","modified_gmt":"2019-09-04T09:03:03","slug":"ilk-albumunu-baskana-hediye-etti","status":"publish","type":"post","link":"http:\/\/www.tvturk.com\/index.php\/ilk-albumunu-baskana-hediye-etti\/","title":{"rendered":"\u0130lk alb\u00fcm\u00fcn\u00fc ba\u015fkana hediye etti"},"content":{"rendered":"<p>Havza\u2019n\u0131n yeti\u015ftirdi\u011fi davudi ve kadife sesli Nahide Sayg\u00fcn Akkal, Havza Belediye Ba\u015fkan\u0131 Sebahattin \u00d6zdemir\u2019i makam\u0131nda ziyaret ederek ilk alb\u00fcm\u00fcn\u00fc hediye etti.<\/p>\n<p>G\u00fc\u00e7l\u00fc sesi ile tan\u0131nan ve ilk alb\u00fcm\u00fcn\u00fc \u00e7\u0131karan Havzal\u0131 olan Nahide Sayg\u00fcn Akkal, Havza Belediye Ba\u015fkan\u0131 Sebahattin \u00d6zdemir\u2019i ziyaret ederek alb\u00fcm hediye etti. Ziyarette K\u00fclt\u00fcr ve Turizm Bakanl\u0131\u011f\u0131 G\u00fczel Sanatlar Genel M\u00fcd\u00fcrl\u00fc\u011f\u00fc Ankara Devlet T\u00fcrk Halk M\u00fczi\u011fi ses sanat\u00e7\u0131s\u0131 Nahide Sayg\u00fcn Akkal \u00e7al\u0131\u015fmalar\u0131 ve alb\u00fcm\u00fc hakk\u0131nda bilgiler vererek, \u201cHavza do\u011fdu\u011fum, b\u00fcy\u00fcd\u00fc\u011f\u00fcm yer. Samsun ve Havza m\u00fczik k\u00fclt\u00fcr\u00fc ac\u0131s\u0131ndan \u00e7ok zengin. Bu zenginli\u011fi halk\u0131m\u0131za sunmak i\u00e7in haz\u0131rl\u0131k yapmaktay\u0131m. Bu \u00e7al\u0131\u015fmalar\u0131m\u0131zda belediyemizi de yan\u0131m\u0131zda g\u00f6rmek bizleri mutlu edecek\u201d dedi.<\/p>\n<p>Havza Belediye Ba\u015fkan\u0131 Sebahattin \u00d6zdemir ise ziyaretinden \u00f6t\u00fcr\u00fc Nahide Sayg\u00fcn Akkal\u2019a te\u015fekk\u00fcr ederek, \u201cHavza Belediyesi olarak sanata ve sanat\u00e7\u0131ya destek olmak bizler i\u00e7in gurur verici. Havzal\u0131 karde\u015fimizin ba\u015far\u0131lar\u0131 bizleri mutlu etmekte. \u0130l\u00e7emiz ve b\u00f6lgemiz i\u00e7in yap\u0131lacak olan \u00e7al\u0131\u015fmalara elimizden geldi\u011fince katk\u0131 vermek bizlere onur verir. \u00c7al\u0131\u015fmalar\u0131n\u0131zda ba\u015far\u0131lar dilerim\u201d diye konu\u015ftu.<\/p>\n<p>Akkal, ziyaretin sonunda Havza Belediye Ba\u015fkan\u0131 Sebhattin \u00d6zdemir\u2019e \u201cMazhar Oldum\u201d isimli ilk alb\u00fcm\u00fcnden hediye etti.<\/p>\n","protected":false},"excerpt":{"rendered":"<p>HAVZANIN YET\u0130\u015eT\u0130RD\u0130\u011e\u0130 DAVUD\u0130 VE KAD\u0130FE SESL\u0130 NAH\u0130DE SAYG\u00dcN AKKAL, HAVZA BELED\u0130YE BA\u015eKANI SEBAHATT\u0130N \u00d6ZDEM\u0130R\u2019\u0130 MAKAMINDA Z\u0130YARET EDEREK \u0130LK ALB\u00dcM\u00dcN\u00dc HED\u0130YE ETT\u0130.<\/p>\n","protected":false},"author":1,"featured_media":199594,"comment_status":"closed","ping_status":"open","sticky":false,"template":"","format":"standard","meta":{"jetpack_post_was_ever_published":false,"_jetpack_newsletter_access":"","_jetpack_dont_email_post_to_subs":false,"_jetpack_newsletter_tier_id":0,"_jetpack_memberships_contains_paywalled_content":false,"_jetpack_memberships_contains_paid_content":false,"footnotes":"","jetpack_publicize_message":"","jetpack_publicize_feature_enabled":true,"jetpack_social_post_already_shared":true,"jetpack_social_options":{"image_generator_settings":{"template":"highway","default_image_id":0,"font":"","enabled":false},"version":2}},"categories":[656],"tags":[23574,18700,207,4357,37],"class_list":["post-199593","post","type-post","status-publish","format-standard","has-post-thumbnail","hentry","category-kultur-sanat","tag-albumunu","tag-baskana","tag-etti","tag-hediye","tag-ilk"],"jetpack_publicize_connections":[],"jetpack_featured_media_url":"https:\/\/i0.wp.com\/www.tvturk.com\/wp-content\/uploads\/2019\/09\/ilk-albumunu-baskana-hediye-etti_c2ebb96.jpg?fit=1000%2C668","jetpack_sharing_enabled":true,"jetpack_shortlink":"https:\/\/wp.me\/paKIfm-PVf","_links":{"self":[{"href":"http:\/\/www.tvturk.com\/index.php\/wp-json\/wp\/v2\/posts\/199593","targetHints":{"allow":["GET"]}}],"collection":[{"href":"http:\/\/www.tvturk.com\/index.php\/wp-json\/wp\/v2\/posts"}],"about":[{"href":"http:\/\/www.tvturk.com\/index.php\/wp-json\/wp\/v2\/types\/post"}],"author":[{"embeddable":true,"href":"http:\/\/www.tvturk.com\/index.php\/wp-json\/wp\/v2\/users\/1"}],"replies":[{"embeddable":true,"href":"http:\/\/www.tvturk.com\/index.php\/wp-json\/wp\/v2\/comments?post=199593"}],"version-history":[{"count":0,"href":"http:\/\/www.tvturk.com\/index.php\/wp-json\/wp\/v2\/posts\/199593\/revisions"}],"wp:featuredmedia":[{"embeddable":true,"href":"http:\/\/www.tvturk.com\/index.php\/wp-json\/wp\/v2\/media\/199594"}],"wp:attachment":[{"href":"http:\/\/www.tvturk.com\/index.php\/wp-json\/wp\/v2\/media?parent=199593"}],"wp:term":[{"taxonomy":"category","embeddable":true,"href":"http:\/\/www.tvturk.com\/index.php\/wp-json\/wp\/v2\/categories?post=199593"},{"taxonomy":"post_tag","embeddable":true,"href":"http:\/\/www.tvturk.com\/index.php\/wp-json\/wp\/v2\/tags?post=199593"}],"curies":[{"name":"wp","href":"https:\/\/api.w.org\/{rel}","templated":true}]}}