{"id":199629,"date":"2019-09-04T13:16:39","date_gmt":"2019-09-04T10:16:39","guid":{"rendered":"http:\/\/www.tvturk.com\/index.php\/bu-araclarin-uzerinden-450-kamyonluk-toprak-alindi\/"},"modified":"2019-09-04T13:16:39","modified_gmt":"2019-09-04T10:16:39","slug":"bu-araclarin-uzerinden-450-kamyonluk-toprak-alindi","status":"publish","type":"post","link":"http:\/\/www.tvturk.com\/index.php\/bu-araclarin-uzerinden-450-kamyonluk-toprak-alindi\/","title":{"rendered":"Bu ara\u00e7lar\u0131n \u00fczerinden 450 kamyonluk toprak al\u0131nd\u0131"},"content":{"rendered":"<p>Rize\u2019de \u00f6nceki g\u00fcn Fener mahallesinde \u015fiddetli ya\u011f\u0131\u015f nedeniyle bir sitenin istinat duvar\u0131n\u0131n \u00e7\u00f6kmesi sonucu 3 ara\u00e7 toprak alt\u0131nda kalm\u0131\u015ft\u0131. Ara\u00e7lardan 2\u2019si 3. g\u00fcn\u00fcnde toplamda 450 kamyon topra\u011f\u0131n \u00e7\u00f6ken duvar\u0131n \u00fczerinden kald\u0131r\u0131lmas\u0131yla \u00e7\u0131kart\u0131labildi.<\/p>\n<p>\u00dczerlerinde ortalama 6 bin 750 ton toprak bulunan Zafer Ek\u015fi ve Evliya \u00c7ebi\u2019ye ait ara\u00e7lar, enkaz\u0131n alt\u0131ndan i\u015f makineleriyle \u00e7\u0131kart\u0131ld\u0131. Kullan\u0131lamayacak hale gelen ara\u00e7lar\u0131n \u00e7\u0131kart\u0131l\u0131\u015f\u0131n\u0131 \u00e7evredekiler de anbean telefonlar\u0131yla kaydetti.<\/p>\n<p>&#8220;Evime bir pencere daha a\u00e7\u0131ld\u0131&#8221;<\/p>\n<p>\u00d6te yandan \u00e7\u00f6ken istinat duvar\u0131n\u0131n \u00e7\u00f6kmesiyle 1. katta bulunan Fehmi \u00c7elik\u2019e ait evin duvar\u0131nda delik a\u00e7\u0131l\u0131rken, site y\u00f6netimine ait odan\u0131n da duvar\u0131 tamamen y\u0131k\u0131larak i\u00e7eriye bal\u00e7\u0131k doldu. Duvardan kopan par\u00e7alar\u0131n isabet etmesi sunucu evinin duvar\u0131nda delik a\u00e7\u0131lan Fehmi \u00c7elik \u201cSelden dolay\u0131 duvar y\u0131k\u0131ld\u0131, duvar\u0131n par\u00e7as\u0131 da evin duvar\u0131na vurdu. Duvar patlad\u0131, bizde kaskoya haber verdik gelip incelediler. Evime bir pencere daha a\u00e7\u0131ld\u0131. Ben o s\u0131ra evde de\u011fildim, e\u015fim ve 5 ya\u015f\u0131ndaki \u00e7ocu\u011fum da k\u00f6ydeydiler. Burada olsayd\u0131lar \u00e7ok korkard\u0131lar\u201d ifadelerini kulland\u0131.<\/p>\n","protected":false},"excerpt":{"rendered":"<p>R\u0130ZE\u2019DE \u015e\u0130DDETL\u0130 YA\u011eI\u015e NEDEN\u0130YLE B\u0130R B\u0130NANIN \u0130ST\u0130NAT DUVARININ \u00c7\u00d6KMES\u0130 SONUCU 3 ARA\u00c7 TOPRAK ALTINDA KALMI\u015eTI. ARA\u00c7LARDAN 2\u2019S\u0130 3. G\u00dcN\u00dcNDE TOPLAMDA 450 KAMYON TOPRA\u011eIN \u00c7\u00d6KEN DUVARIN \u00dcZER\u0130NDEN KALDIRILMASIYLA \u00c7IKARTILA B\u0130L\u0130ND\u0130.<\/p>\n","protected":false},"author":1,"featured_media":199630,"comment_status":"closed","ping_status":"open","sticky":false,"template":"","format":"standard","meta":{"jetpack_post_was_ever_published":false,"_jetpack_newsletter_access":"","_jetpack_dont_email_post_to_subs":false,"_jetpack_newsletter_tier_id":0,"_jetpack_memberships_contains_paywalled_content":false,"_jetpack_memberships_contains_paid_content":false,"footnotes":"","jetpack_publicize_message":"","jetpack_publicize_feature_enabled":true,"jetpack_social_post_already_shared":true,"jetpack_social_options":{"image_generator_settings":{"template":"highway","default_image_id":0,"font":"","enabled":false},"version":2}},"categories":[1],"tags":[1944,1014,4401,50203,9353,5067],"class_list":["post-199629","post","type-post","status-publish","format-standard","has-post-thumbnail","hentry","category-genel","tag-1944","tag-alindi","tag-araclarin","tag-kamyonluk","tag-toprak","tag-uzerinden"],"jetpack_publicize_connections":[],"jetpack_featured_media_url":"https:\/\/i0.wp.com\/www.tvturk.com\/wp-content\/uploads\/2019\/09\/bu-araclarin-uzerinden-450-kamyonluk-toprak-alindi_0cee5b0.jpg?fit=1000%2C666","jetpack_sharing_enabled":true,"jetpack_shortlink":"https:\/\/wp.me\/paKIfm-PVP","_links":{"self":[{"href":"http:\/\/www.tvturk.com\/index.php\/wp-json\/wp\/v2\/posts\/199629","targetHints":{"allow":["GET"]}}],"collection":[{"href":"http:\/\/www.tvturk.com\/index.php\/wp-json\/wp\/v2\/posts"}],"about":[{"href":"http:\/\/www.tvturk.com\/index.php\/wp-json\/wp\/v2\/types\/post"}],"author":[{"embeddable":true,"href":"http:\/\/www.tvturk.com\/index.php\/wp-json\/wp\/v2\/users\/1"}],"replies":[{"embeddable":true,"href":"http:\/\/www.tvturk.com\/index.php\/wp-json\/wp\/v2\/comments?post=199629"}],"version-history":[{"count":0,"href":"http:\/\/www.tvturk.com\/index.php\/wp-json\/wp\/v2\/posts\/199629\/revisions"}],"wp:featuredmedia":[{"embeddable":true,"href":"http:\/\/www.tvturk.com\/index.php\/wp-json\/wp\/v2\/media\/199630"}],"wp:attachment":[{"href":"http:\/\/www.tvturk.com\/index.php\/wp-json\/wp\/v2\/media?parent=199629"}],"wp:term":[{"taxonomy":"category","embeddable":true,"href":"http:\/\/www.tvturk.com\/index.php\/wp-json\/wp\/v2\/categories?post=199629"},{"taxonomy":"post_tag","embeddable":true,"href":"http:\/\/www.tvturk.com\/index.php\/wp-json\/wp\/v2\/tags?post=199629"}],"curies":[{"name":"wp","href":"https:\/\/api.w.org\/{rel}","templated":true}]}}