{"id":199729,"date":"2019-09-04T15:46:41","date_gmt":"2019-09-04T12:46:41","guid":{"rendered":"http:\/\/www.tvturk.com\/index.php\/6-mysia-uluslararasi-havacilik-festivali-6-eylulde-yapilacak\/"},"modified":"2019-09-04T15:46:41","modified_gmt":"2019-09-04T12:46:41","slug":"6-mysia-uluslararasi-havacilik-festivali-6-eylulde-yapilacak","status":"publish","type":"post","link":"http:\/\/www.tvturk.com\/index.php\/6-mysia-uluslararasi-havacilik-festivali-6-eylulde-yapilacak\/","title":{"rendered":"6. Mysia Uluslararas\u0131 Havac\u0131l\u0131k Festivali 6 Eyl\u00fcl\u2019de yap\u0131lacak"},"content":{"rendered":"<p>Bal\u0131kesir\u2019in Edremit il\u00e7esinde ger\u00e7ekle\u015ftirilen Mysia Uluslararas\u0131 Havac\u0131l\u0131k Festivali bu y\u0131l 6 defa g\u00f6zleri g\u00f6k y\u00fcz\u00fcne \u00e7evirecek. Yakla\u015f\u0131k 35 u\u00e7a\u011f\u0131n kat\u0131laca\u011f\u0131 festivalde SOLOT\u00dcRK g\u00f6steri yapacak.<\/p>\n<p>6 Eyl\u00fcl saat 16.00 da ba\u015flayacak g\u00f6sterilere 35 u\u00e7ak kat\u0131lacak. G\u00f6sterilere \u00fcniversiteler, \u00f6zel u\u00e7u\u015f okullar\u0131, \u00f6zel u\u00e7aklar, gyrocopterler, paramotorlar kat\u0131lacak. Edremit\u2019in Ak\u00e7ay Mahallesi kordonunda yap\u0131lacak g\u00f6sterilerin finalinde ise SOLOT\u00dcRK sahne alacak.<\/p>\n<p>K\u00f6rfez Sportif Havac\u0131l\u0131k Kul\u00fcb\u00fc Derne\u011fi Ba\u015fkan\u0131 Adem Ku\u015f\u00e7uo\u011flu t\u00fcm b\u00f6lge halk\u0131n\u0131 ve havac\u0131l\u0131k merakl\u0131lar\u0131n\u0131 6 Eyl\u00fcl ak\u015fam\u0131 Ak\u00e7ay Sahili\u2019ne bu g\u00fczel g\u00f6sterileri izlemek i\u00e7in davet etti\u011fini ifade etti.<\/p>\n","protected":false},"excerpt":{"rendered":"<p>BALIKES\u0130R\u2019\u0130N EDREM\u0130T \u0130L\u00c7ES\u0130NDE GER\u00c7EKLE\u015eT\u0130R\u0130LEN MYS\u0130A ULUSLARARASI HAVACILIK FEST\u0130VAL\u0130 BU YIL 6 DEFA G\u00d6ZLER\u0130 G\u00d6K Y\u00dcZ\u00dcNE \u00c7EV\u0130RECEK. YAKLA\u015eIK 35 U\u00c7A\u011eIN KATILACA\u011eI FEST\u0130VALDE SOLOT\u00dcRK G\u00d6STER\u0130 YAPACAK.<\/p>\n","protected":false},"author":1,"featured_media":199730,"comment_status":"closed","ping_status":"open","sticky":false,"template":"","format":"standard","meta":{"jetpack_post_was_ever_published":false,"_jetpack_newsletter_access":"","_jetpack_dont_email_post_to_subs":false,"_jetpack_newsletter_tier_id":0,"_jetpack_memberships_contains_paywalled_content":false,"_jetpack_memberships_contains_paid_content":false,"footnotes":"","jetpack_publicize_message":"","jetpack_publicize_feature_enabled":true,"jetpack_social_post_already_shared":true,"jetpack_social_options":{"image_generator_settings":{"template":"highway","default_image_id":0,"font":"","enabled":false},"version":2}},"categories":[1],"tags":[4839,38885,3400,3079,32540,158],"class_list":["post-199729","post","type-post","status-publish","format-standard","has-post-thumbnail","hentry","category-genel","tag-uluslararasi","tag-eylulde","tag-festivali","tag-havacilik","tag-mysia","tag-yapilacak"],"jetpack_publicize_connections":[],"jetpack_featured_media_url":"https:\/\/i0.wp.com\/www.tvturk.com\/wp-content\/uploads\/2019\/09\/6-mysia-uluslararasi-havacilik-festivali-6-eylulde-yapilacak_3016884.jpg?fit=1000%2C664","jetpack_sharing_enabled":true,"jetpack_shortlink":"https:\/\/wp.me\/paKIfm-PXr","_links":{"self":[{"href":"http:\/\/www.tvturk.com\/index.php\/wp-json\/wp\/v2\/posts\/199729","targetHints":{"allow":["GET"]}}],"collection":[{"href":"http:\/\/www.tvturk.com\/index.php\/wp-json\/wp\/v2\/posts"}],"about":[{"href":"http:\/\/www.tvturk.com\/index.php\/wp-json\/wp\/v2\/types\/post"}],"author":[{"embeddable":true,"href":"http:\/\/www.tvturk.com\/index.php\/wp-json\/wp\/v2\/users\/1"}],"replies":[{"embeddable":true,"href":"http:\/\/www.tvturk.com\/index.php\/wp-json\/wp\/v2\/comments?post=199729"}],"version-history":[{"count":0,"href":"http:\/\/www.tvturk.com\/index.php\/wp-json\/wp\/v2\/posts\/199729\/revisions"}],"wp:featuredmedia":[{"embeddable":true,"href":"http:\/\/www.tvturk.com\/index.php\/wp-json\/wp\/v2\/media\/199730"}],"wp:attachment":[{"href":"http:\/\/www.tvturk.com\/index.php\/wp-json\/wp\/v2\/media?parent=199729"}],"wp:term":[{"taxonomy":"category","embeddable":true,"href":"http:\/\/www.tvturk.com\/index.php\/wp-json\/wp\/v2\/categories?post=199729"},{"taxonomy":"post_tag","embeddable":true,"href":"http:\/\/www.tvturk.com\/index.php\/wp-json\/wp\/v2\/tags?post=199729"}],"curies":[{"name":"wp","href":"https:\/\/api.w.org\/{rel}","templated":true}]}}