{"id":199769,"date":"2019-09-04T17:16:28","date_gmt":"2019-09-04T14:16:28","guid":{"rendered":"http:\/\/www.tvturk.com\/index.php\/anlasmasiz-brexitin-turkiyeye-maliyeti-3-milyar-dolara-ulasabilir\/"},"modified":"2019-09-04T17:16:28","modified_gmt":"2019-09-04T14:16:28","slug":"anlasmasiz-brexitin-turkiyeye-maliyeti-3-milyar-dolara-ulasabilir","status":"publish","type":"post","link":"http:\/\/www.tvturk.com\/index.php\/anlasmasiz-brexitin-turkiyeye-maliyeti-3-milyar-dolara-ulasabilir\/","title":{"rendered":"Anla\u015fmas\u0131z Brexit\u2019in T\u00fcrkiye\u2019ye maliyeti 3 milyar dolara ula\u015fabilir"},"content":{"rendered":"<p>Ticaret Bakan\u0131 Ruhsar Pekcan, anla\u015fmas\u0131z Brexit\u2019in T\u00fcrkiye-\u0130ngiltere ticaretini olumsuz etkileyece\u011fini belirterek, \u201cYap\u0131lan \u00e7al\u0131\u015fmalar sonucunda anla\u015fmas\u0131z Brexit\u2019in T\u00fcrkiye ticaretini 2,04 milyar dolar etkilenece\u011fini ortaya koyuyor. Bizim yapt\u0131\u011f\u0131m\u0131z \u00e7al\u0131\u015fmalara g\u00f6re bu rakam 3 milyar dolara kadar \u00e7\u0131kabilir\u201d dedi.<\/p>\n<p>\u0130ngiliz ve T\u00fcrk i\u015f d\u00fcnyas\u0131 \u201910. \u0130ngiltere-T\u00fcrkiye \u0130\u015f Forumu\u2019 i\u00e7in bir araya geldi. Ticaret Bakan\u0131 Ruhsar Pekcan foruma kat\u0131lacak Brexit s\u00fcreciyle ilgili \u00f6nemli a\u00e7\u0131klamalarda bulundu.<\/p>\n<p>Anla\u015fmas\u0131n Brexit\u2019in iki \u00fclkenin ticaret hacmini etkileyece\u011fini belirten Pekcan, \u201c\u0130\u015f anla\u015fmalar\u0131n\u0131 zora girecek. T\u00fcrkiye ve \u0130ngiltere zorluklar\u0131 f\u0131rsata ve ba\u015far\u0131ya d\u00f6n\u00fc\u015ft\u00fcrebildi\u011fi i\u00e7in b\u00fcy\u00fck \u00fclke olmu\u015flard\u0131r. Biz de sizlerden bunu bekliyoruz\u201d dedi.<\/p>\n<p>&#8220;\u00c7al\u0131\u015fma grubu olu\u015fturduk&#8221;<\/p>\n<p>Brexit sonras\u0131nda g\u00fcmr\u00fcklerde s\u00fcre\u00e7lerin uzayaca\u011f\u0131n\u0131, maliyetlerin artaca\u011f\u0131ndan bahseden Pekcan, \u201cBakanl\u0131k b\u00fcnyesinde bununla ilgili bir \u00e7al\u0131\u015fma grubu kurduk. Bu grubun \u00e7al\u0131\u015fmalar\u0131n\u0131n h\u0131zland\u0131r\u0131lmas\u0131 noktas\u0131nda \u0130ngiltere Ticaret Bakan\u0131 Elizabeth Truss ile g\u00f6r\u00fc\u015f birli\u011fine vard\u0131k. \u0130kimizde Brexit s\u00fcrecinin T\u00fcrkiye-\u0130ngiltere ili\u015fkilerini her y\u00f6nden etkilememesi i\u00e7in bu teknik \u00e7al\u0131\u015fmalar\u0131n\u0131n haz\u0131r olmas\u0131 konusunda hem fikir olduk\u201d dedi.<\/p>\n<p>Yap\u0131lan \u00e7al\u0131\u015fmalar sonucunda anla\u015fmas\u0131z Brexit\u2019in T\u00fcrkiye ticaretini 2,04 milyar dolar etkilenece\u011fini ortaya koydu\u011funu s\u00f6yleyen Bakan Pekcan, bu rakam\u0131n 3 milyar dolara kadar \u00e7\u0131kabilece\u011fini s\u00f6yledi. Bu s\u00fcre\u00e7ten en fazla otomotiv, tekstil, haz\u0131rgiyim, elektronik ile beyaz e\u015fya ticaretinin etkilenece\u011fini belirten Pekcan, \u201cOtomotiv sekt\u00f6r\u00fc 1,01 milyar dolar, tekstil 1,03 milyar dolar, elektronik ve beyaz e\u015fyada da 500 milyon dolara kadar ticaretimizin etkilendi\u011fini g\u00f6r\u00fcyoruz\u201d diye konu\u015ftu.<\/p>\n<p>&#8220;\u0130l il bilgilendirme toplant\u0131lar\u0131 yapaca\u011f\u0131z&#8221;<\/p>\n<p>Bakanl\u0131k olarak Eyl\u00fcl ay\u0131ndan itibaren il il bilgilendirme ziyaretlerine ba\u015flayacaklar\u0131n\u0131 anlatan Pekcan, \u201dAnla\u015fmas\u0131z Brexit\u2019ten bilgi sahibi olmayan firmalar\u0131m\u0131z var. Bunlarla kar\u015f\u0131l\u0131kl\u0131 g\u00f6r\u00fc\u015fme yoluyla bilgi verece\u011fiz. Eyl\u00fcl Ekim ay\u0131nda bilgilendirme toplant\u0131lar\u0131n\u0131 yapaca\u011f\u0131z, onlar\u0131 da bu ge\u00e7i\u015f s\u00fcrecine haz\u0131rlayaca\u011f\u0131z\u201d \u015feklinde konu\u015ftu.<\/p>\n","protected":false},"excerpt":{"rendered":"<p>T\u0130CARET BAKANI RUHSAR PEKCAN, \u201cYAPILAN \u00c7ALI\u015eMALAR SONUCUNDA ANLA\u015eMASIZ BREX\u0130T\u2019\u0130N T\u00dcRK\u0130YE T\u0130CARET\u0130N\u0130 2,04 M\u0130LYAR DOLAR ETK\u0130LENECE\u011e\u0130N\u0130 ORTAYA KOYUYOR. B\u0130Z\u0130M YAPTI\u011eIMIZ \u00c7ALI\u015eMALARA G\u00d6RE BU RAKAM 3 M\u0130LYAR DOLARA KADAR \u00c7IKAB\u0130L\u0130R\u201d DED\u0130.<\/p>\n","protected":false},"author":1,"featured_media":199770,"comment_status":"closed","ping_status":"open","sticky":false,"template":"","format":"standard","meta":{"jetpack_post_was_ever_published":false,"_jetpack_newsletter_access":"","_jetpack_dont_email_post_to_subs":false,"_jetpack_newsletter_tier_id":0,"_jetpack_memberships_contains_paywalled_content":false,"_jetpack_memberships_contains_paid_content":false,"footnotes":"","jetpack_publicize_message":"","jetpack_publicize_feature_enabled":true,"jetpack_social_post_already_shared":true,"jetpack_social_options":{"image_generator_settings":{"template":"highway","default_image_id":0,"font":"","enabled":false},"version":2}},"categories":[19],"tags":[29176,18806,8281,27775,2981,4071,28426],"class_list":["post-199769","post","type-post","status-publish","format-standard","has-post-thumbnail","hentry","category-ekonomi","tag-anlasmasiz","tag-brexitin","tag-dolara","tag-maliyeti","tag-milyar","tag-turkiyeye","tag-ulasabilir"],"jetpack_publicize_connections":[],"jetpack_featured_media_url":"https:\/\/i0.wp.com\/www.tvturk.com\/wp-content\/uploads\/2019\/09\/anlasmasiz-brexitin-turkiyeye-maliyeti-3-milyar-dolara-ulasabilir_be24560.jpg?fit=1000%2C665","jetpack_sharing_enabled":true,"jetpack_shortlink":"https:\/\/wp.me\/paKIfm-PY5","_links":{"self":[{"href":"http:\/\/www.tvturk.com\/index.php\/wp-json\/wp\/v2\/posts\/199769","targetHints":{"allow":["GET"]}}],"collection":[{"href":"http:\/\/www.tvturk.com\/index.php\/wp-json\/wp\/v2\/posts"}],"about":[{"href":"http:\/\/www.tvturk.com\/index.php\/wp-json\/wp\/v2\/types\/post"}],"author":[{"embeddable":true,"href":"http:\/\/www.tvturk.com\/index.php\/wp-json\/wp\/v2\/users\/1"}],"replies":[{"embeddable":true,"href":"http:\/\/www.tvturk.com\/index.php\/wp-json\/wp\/v2\/comments?post=199769"}],"version-history":[{"count":0,"href":"http:\/\/www.tvturk.com\/index.php\/wp-json\/wp\/v2\/posts\/199769\/revisions"}],"wp:featuredmedia":[{"embeddable":true,"href":"http:\/\/www.tvturk.com\/index.php\/wp-json\/wp\/v2\/media\/199770"}],"wp:attachment":[{"href":"http:\/\/www.tvturk.com\/index.php\/wp-json\/wp\/v2\/media?parent=199769"}],"wp:term":[{"taxonomy":"category","embeddable":true,"href":"http:\/\/www.tvturk.com\/index.php\/wp-json\/wp\/v2\/categories?post=199769"},{"taxonomy":"post_tag","embeddable":true,"href":"http:\/\/www.tvturk.com\/index.php\/wp-json\/wp\/v2\/tags?post=199769"}],"curies":[{"name":"wp","href":"https:\/\/api.w.org\/{rel}","templated":true}]}}