{"id":19981,"date":"2019-02-11T09:05:50","date_gmt":"2019-02-11T06:05:50","guid":{"rendered":"http:\/\/www.tvturk.com\/index.php\/trabzonda-trafik-kazasi-2-yarali\/"},"modified":"2019-02-11T09:05:53","modified_gmt":"2019-02-11T06:05:53","slug":"trabzonda-trafik-kazasi-2-yarali","status":"publish","type":"post","link":"http:\/\/www.tvturk.com\/index.php\/trabzonda-trafik-kazasi-2-yarali\/","title":{"rendered":"Trabzon\u2019da trafik kazas\u0131: 2 yaral\u0131"},"content":{"rendered":"<p>Trabzon\u2019un Arsin il\u00e7esinde bug\u00fcn sabah saatlerinde meydana gelen trafik kazas\u0131nda ilk belirlemelere g\u00f6re biri a\u011f\u0131r 2 ki\u015fi yaraland\u0131.<\/p>\n<p>Al\u0131nan bilgiye g\u00f6re, Rize\u2019den Trabzon istikametine gelen ve s\u00fcr\u00fcc\u00fcs\u00fc hen\u00fcz belirlenemeyen 61 KR 581 plakal\u0131 otomobil, a\u015f\u0131r\u0131 h\u0131z ve dikkatsizlik sonucu kontrolden \u00e7\u0131karak orta ref\u00fcjdeki bariyerleri de a\u015farak kar\u015f\u0131 \u015feride ge\u00e7erek kar\u015f\u0131 y\u00f6nden gelen ve s\u00fcr\u00fcc\u00fcs\u00fc hen\u00fcz belirlenemeyen 10 DR 181 plakal\u0131 otomobile \u00e7arpt\u0131. Bu ara\u00e7lara arkadan gelen ba\u015fka bir ara\u00e7 daha \u00e7arparken, kazada ilk belirlemelere g\u00f6re biri a\u011f\u0131r 2 ki\u015fi yaraland\u0131. Yaral\u0131lar olay yerine gelen ambulanslarla Trabzon\u2019daki hastanelere kald\u0131r\u0131l\u0131rken, kaza nedeniyle Trabzon-Rize karayolunda ula\u015f\u0131m bir s\u00fcre kontroll\u00fc olarak tek \u015feritten sa\u011fland\u0131. Kazayla ilgili niceleme s\u00fcr\u00fcyor.<div class=\"tiled-gallery type-rectangular tiled-gallery-unresized\" data-original-width=\"500\" data-carousel-extra='null' itemscope itemtype=\"http:\/\/schema.org\/ImageGallery\" > <div class=\"gallery-row\" style=\"width: 500px; height: 251px;\" data-original-width=\"500\" data-original-height=\"251\" > <div class=\"gallery-group images-1\" style=\"width: 334px; height: 251px;\" data-original-width=\"334\" data-original-height=\"251\" > <div class=\"tiled-gallery-item tiled-gallery-item-large\" itemprop=\"associatedMedia\" itemscope itemtype=\"http:\/\/schema.org\/ImageObject\"> <a href=\"http:\/\/www.tvturk.com\/index.php\/trabzonda-trafik-kazasi-2-yarali\/trabzonda-trafik-kazasi-2-yarali-3\/\" border=\"0\" itemprop=\"url\"> <meta itemprop=\"width\" content=\"330\"> <meta itemprop=\"height\" content=\"247\"> <img decoding=\"async\" class=\"\" data-attachment-id=\"19983\" data-orig-file=\"http:\/\/www.tvturk.com\/wp-content\/uploads\/2019\/02\/trabzonda-trafik-kazasi-2-yarali_61eed4b.jpg\" data-orig-size=\"1000,750\" data-comments-opened=\"\" data-image-meta=\"{&quot;aperture&quot;:&quot;0&quot;,&quot;credit&quot;:&quot;IHA&quot;,&quot;camera&quot;:&quot;&quot;,&quot;caption&quot;:&quot;TRABZON\\u2019UN ARS\\u0130N \\u0130L\\u00c7ES\\u0130NDE BUG\\u00dcN SABAH SAATLER\\u0130NDE MEYDANA GELEN TRAF\\u0130K KAZASINDA \\u0130LK BEL\\u0130RLEMELERE G\\u00d6RE B\\u0130R\\u0130 A\\u011eIR 2 K\\u0130\\u015e\\u0130 YARALANDI. (ERSEN K\\u00dc\\u00c7\\u00dcK\\\/TRABZON-\\u0130HA)&quot;,&quot;created_timestamp&quot;:&quot;0&quot;,&quot;copyright&quot;:&quot;\\u0130HLAS HABER AJANSI, www.iha.com.tr&quot;,&quot;focal_length&quot;:&quot;0&quot;,&quot;iso&quot;:&quot;0&quot;,&quot;shutter_speed&quot;:&quot;0&quot;,&quot;title&quot;:&quot;TRABZON\\u2019DA TRAF\\u0130K KAZASI: 2 YARALI&quot;,&quot;orientation&quot;:&quot;0&quot;}\" data-image-title=\"Trabzon\u2019da trafik kazas\u0131: 2 yaral\u0131\" data-image-description=\"&lt;p&gt;Trabzon\u2019da trafik kazas\u0131: 2 yaral\u0131&lt;\/p&gt; \" data-medium-file=\"https:\/\/i0.wp.com\/www.tvturk.com\/wp-content\/uploads\/2019\/02\/trabzonda-trafik-kazasi-2-yarali_61eed4b.jpg?fit=300%2C225\" data-large-file=\"https:\/\/i0.wp.com\/www.tvturk.com\/wp-content\/uploads\/2019\/02\/trabzonda-trafik-kazasi-2-yarali_61eed4b.jpg?fit=1000%2C750\" src=\"https:\/\/i0.wp.com\/www.tvturk.com\/wp-content\/uploads\/2019\/02\/trabzonda-trafik-kazasi-2-yarali_61eed4b.jpg?w=330&#038;h=247\" srcset=\"https:\/\/i0.wp.com\/www.tvturk.com\/wp-content\/uploads\/2019\/02\/trabzonda-trafik-kazasi-2-yarali_61eed4b.jpg?w=1000 1000w, https:\/\/i0.wp.com\/www.tvturk.com\/wp-content\/uploads\/2019\/02\/trabzonda-trafik-kazasi-2-yarali_61eed4b.jpg?resize=150%2C113 150w, https:\/\/i0.wp.com\/www.tvturk.com\/wp-content\/uploads\/2019\/02\/trabzonda-trafik-kazasi-2-yarali_61eed4b.jpg?resize=300%2C225 300w, https:\/\/i0.wp.com\/www.tvturk.com\/wp-content\/uploads\/2019\/02\/trabzonda-trafik-kazasi-2-yarali_61eed4b.jpg?resize=768%2C576 768w\" width=\"330\" height=\"247\" loading=\"lazy\" data-original-width=\"330\" data-original-height=\"247\" itemprop=\"http:\/\/schema.org\/image\" title=\"Trabzon\u2019da trafik kazas\u0131: 2 yaral\u0131\" alt=\"Trabzon\u2019da trafik kazas\u0131: 2 yaral\u0131\" style=\"width: 330px; height: 247px;\" \/> <\/a> <\/div> <\/div> <!-- close group --> <div class=\"gallery-group images-2\" style=\"width: 166px; height: 251px;\" data-original-width=\"166\" data-original-height=\"251\" > <div class=\"tiled-gallery-item tiled-gallery-item-small\" itemprop=\"associatedMedia\" itemscope itemtype=\"http:\/\/schema.org\/ImageObject\"> <a href=\"http:\/\/www.tvturk.com\/index.php\/trabzonda-trafik-kazasi-2-yarali\/trabzonda-trafik-kazasi-2-yarali-4\/\" border=\"0\" itemprop=\"url\"> <meta itemprop=\"width\" content=\"162\"> <meta itemprop=\"height\" content=\"122\"> <img decoding=\"async\" class=\"\" data-attachment-id=\"19984\" data-orig-file=\"http:\/\/www.tvturk.com\/wp-content\/uploads\/2019\/02\/trabzonda-trafik-kazasi-2-yarali_ff5c1f1.jpg\" data-orig-size=\"1000,750\" data-comments-opened=\"\" data-image-meta=\"{&quot;aperture&quot;:&quot;0&quot;,&quot;credit&quot;:&quot;IHA&quot;,&quot;camera&quot;:&quot;&quot;,&quot;caption&quot;:&quot;TRABZON\\u2019UN ARS\\u0130N \\u0130L\\u00c7ES\\u0130NDE BUG\\u00dcN SABAH SAATLER\\u0130NDE MEYDANA GELEN TRAF\\u0130K KAZASINDA \\u0130LK BEL\\u0130RLEMELERE G\\u00d6RE B\\u0130R\\u0130 A\\u011eIR 2 K\\u0130\\u015e\\u0130 YARALANDI. (ERSEN K\\u00dc\\u00c7\\u00dcK\\\/TRABZON-\\u0130HA)&quot;,&quot;created_timestamp&quot;:&quot;0&quot;,&quot;copyright&quot;:&quot;\\u0130HLAS HABER AJANSI, www.iha.com.tr&quot;,&quot;focal_length&quot;:&quot;0&quot;,&quot;iso&quot;:&quot;0&quot;,&quot;shutter_speed&quot;:&quot;0&quot;,&quot;title&quot;:&quot;TRABZON\\u2019DA TRAF\\u0130K KAZASI: 2 YARALI&quot;,&quot;orientation&quot;:&quot;0&quot;}\" data-image-title=\"Trabzon\u2019da trafik kazas\u0131: 2 yaral\u0131\" data-image-description=\"&lt;p&gt;Trabzon\u2019da trafik kazas\u0131: 2 yaral\u0131&lt;\/p&gt; \" data-medium-file=\"https:\/\/i0.wp.com\/www.tvturk.com\/wp-content\/uploads\/2019\/02\/trabzonda-trafik-kazasi-2-yarali_ff5c1f1.jpg?fit=300%2C225\" data-large-file=\"https:\/\/i0.wp.com\/www.tvturk.com\/wp-content\/uploads\/2019\/02\/trabzonda-trafik-kazasi-2-yarali_ff5c1f1.jpg?fit=1000%2C750\" src=\"https:\/\/i0.wp.com\/www.tvturk.com\/wp-content\/uploads\/2019\/02\/trabzonda-trafik-kazasi-2-yarali_ff5c1f1.jpg?w=162&#038;h=122\" srcset=\"https:\/\/i0.wp.com\/www.tvturk.com\/wp-content\/uploads\/2019\/02\/trabzonda-trafik-kazasi-2-yarali_ff5c1f1.jpg?w=1000 1000w, https:\/\/i0.wp.com\/www.tvturk.com\/wp-content\/uploads\/2019\/02\/trabzonda-trafik-kazasi-2-yarali_ff5c1f1.jpg?resize=150%2C113 150w, https:\/\/i0.wp.com\/www.tvturk.com\/wp-content\/uploads\/2019\/02\/trabzonda-trafik-kazasi-2-yarali_ff5c1f1.jpg?resize=300%2C225 300w, https:\/\/i0.wp.com\/www.tvturk.com\/wp-content\/uploads\/2019\/02\/trabzonda-trafik-kazasi-2-yarali_ff5c1f1.jpg?resize=768%2C576 768w\" width=\"162\" height=\"122\" loading=\"lazy\" data-original-width=\"162\" data-original-height=\"122\" itemprop=\"http:\/\/schema.org\/image\" title=\"Trabzon\u2019da trafik kazas\u0131: 2 yaral\u0131\" alt=\"Trabzon\u2019da trafik kazas\u0131: 2 yaral\u0131\" style=\"width: 162px; height: 122px;\" \/> <\/a> <\/div> <div class=\"tiled-gallery-item tiled-gallery-item-small\" itemprop=\"associatedMedia\" itemscope itemtype=\"http:\/\/schema.org\/ImageObject\"> <a href=\"http:\/\/www.tvturk.com\/index.php\/trabzonda-trafik-kazasi-2-yarali\/trabzonda-trafik-kazasi-2-yarali-5\/\" border=\"0\" itemprop=\"url\"> <meta itemprop=\"width\" content=\"162\"> <meta itemprop=\"height\" content=\"121\"> <img decoding=\"async\" class=\"\" data-attachment-id=\"19985\" data-orig-file=\"http:\/\/www.tvturk.com\/wp-content\/uploads\/2019\/02\/trabzonda-trafik-kazasi-2-yarali_593a8a3.jpg\" data-orig-size=\"1000,750\" data-comments-opened=\"\" data-image-meta=\"{&quot;aperture&quot;:&quot;0&quot;,&quot;credit&quot;:&quot;IHA&quot;,&quot;camera&quot;:&quot;&quot;,&quot;caption&quot;:&quot;TRABZON\\u2019UN ARS\\u0130N \\u0130L\\u00c7ES\\u0130NDE BUG\\u00dcN SABAH SAATLER\\u0130NDE MEYDANA GELEN TRAF\\u0130K KAZASINDA \\u0130LK BEL\\u0130RLEMELERE G\\u00d6RE B\\u0130R\\u0130 A\\u011eIR 2 K\\u0130\\u015e\\u0130 YARALANDI. (ERSEN K\\u00dc\\u00c7\\u00dcK\\\/TRABZON-\\u0130HA)&quot;,&quot;created_timestamp&quot;:&quot;0&quot;,&quot;copyright&quot;:&quot;\\u0130HLAS HABER AJANSI, www.iha.com.tr&quot;,&quot;focal_length&quot;:&quot;0&quot;,&quot;iso&quot;:&quot;0&quot;,&quot;shutter_speed&quot;:&quot;0&quot;,&quot;title&quot;:&quot;TRABZON\\u2019DA TRAF\\u0130K KAZASI: 2 YARALI&quot;,&quot;orientation&quot;:&quot;0&quot;}\" data-image-title=\"Trabzon\u2019da trafik kazas\u0131: 2 yaral\u0131\" data-image-description=\"&lt;p&gt;Trabzon\u2019da trafik kazas\u0131: 2 yaral\u0131&lt;\/p&gt; \" data-medium-file=\"https:\/\/i0.wp.com\/www.tvturk.com\/wp-content\/uploads\/2019\/02\/trabzonda-trafik-kazasi-2-yarali_593a8a3.jpg?fit=300%2C225\" data-large-file=\"https:\/\/i0.wp.com\/www.tvturk.com\/wp-content\/uploads\/2019\/02\/trabzonda-trafik-kazasi-2-yarali_593a8a3.jpg?fit=1000%2C750\" src=\"https:\/\/i0.wp.com\/www.tvturk.com\/wp-content\/uploads\/2019\/02\/trabzonda-trafik-kazasi-2-yarali_593a8a3.jpg?w=162&#038;h=121\" srcset=\"https:\/\/i0.wp.com\/www.tvturk.com\/wp-content\/uploads\/2019\/02\/trabzonda-trafik-kazasi-2-yarali_593a8a3.jpg?w=1000 1000w, https:\/\/i0.wp.com\/www.tvturk.com\/wp-content\/uploads\/2019\/02\/trabzonda-trafik-kazasi-2-yarali_593a8a3.jpg?resize=150%2C113 150w, https:\/\/i0.wp.com\/www.tvturk.com\/wp-content\/uploads\/2019\/02\/trabzonda-trafik-kazasi-2-yarali_593a8a3.jpg?resize=300%2C225 300w, https:\/\/i0.wp.com\/www.tvturk.com\/wp-content\/uploads\/2019\/02\/trabzonda-trafik-kazasi-2-yarali_593a8a3.jpg?resize=768%2C576 768w\" width=\"162\" height=\"121\" loading=\"lazy\" data-original-width=\"162\" data-original-height=\"121\" itemprop=\"http:\/\/schema.org\/image\" title=\"Trabzon\u2019da trafik kazas\u0131: 2 yaral\u0131\" alt=\"Trabzon\u2019da trafik kazas\u0131: 2 yaral\u0131\" style=\"width: 162px; height: 121px;\" \/> <\/a> <\/div> <\/div> <!-- close group --> <\/div> <!-- close row --> <div class=\"gallery-row\" style=\"width: 500px; height: 376px;\" data-original-width=\"500\" data-original-height=\"376\" > <div class=\"gallery-group images-1\" style=\"width: 500px; height: 376px;\" data-original-width=\"500\" data-original-height=\"376\" > <div class=\"tiled-gallery-item tiled-gallery-item-large\" itemprop=\"associatedMedia\" itemscope itemtype=\"http:\/\/schema.org\/ImageObject\"> <a href=\"http:\/\/www.tvturk.com\/index.php\/trabzonda-trafik-kazasi-2-yarali\/trabzonda-trafik-kazasi-2-yarali-6\/\" border=\"0\" itemprop=\"url\"> <meta itemprop=\"width\" content=\"496\"> <meta itemprop=\"height\" content=\"372\"> <img decoding=\"async\" class=\"\" data-attachment-id=\"19986\" data-orig-file=\"http:\/\/www.tvturk.com\/wp-content\/uploads\/2019\/02\/trabzonda-trafik-kazasi-2-yarali_2afb467.jpg\" data-orig-size=\"1000,750\" data-comments-opened=\"\" data-image-meta=\"{&quot;aperture&quot;:&quot;0&quot;,&quot;credit&quot;:&quot;IHA&quot;,&quot;camera&quot;:&quot;&quot;,&quot;caption&quot;:&quot;TRABZON\\u2019UN ARS\\u0130N \\u0130L\\u00c7ES\\u0130NDE BUG\\u00dcN SABAH SAATLER\\u0130NDE MEYDANA GELEN TRAF\\u0130K KAZASINDA \\u0130LK BEL\\u0130RLEMELERE G\\u00d6RE B\\u0130R\\u0130 A\\u011eIR 2 K\\u0130\\u015e\\u0130 YARALANDI. (ERSEN K\\u00dc\\u00c7\\u00dcK\\\/TRABZON-\\u0130HA)&quot;,&quot;created_timestamp&quot;:&quot;0&quot;,&quot;copyright&quot;:&quot;\\u0130HLAS HABER AJANSI, www.iha.com.tr&quot;,&quot;focal_length&quot;:&quot;0&quot;,&quot;iso&quot;:&quot;0&quot;,&quot;shutter_speed&quot;:&quot;0&quot;,&quot;title&quot;:&quot;TRABZON\\u2019DA TRAF\\u0130K KAZASI: 2 YARALI&quot;,&quot;orientation&quot;:&quot;0&quot;}\" data-image-title=\"Trabzon\u2019da trafik kazas\u0131: 2 yaral\u0131\" data-image-description=\"&lt;p&gt;Trabzon\u2019da trafik kazas\u0131: 2 yaral\u0131&lt;\/p&gt; \" data-medium-file=\"https:\/\/i0.wp.com\/www.tvturk.com\/wp-content\/uploads\/2019\/02\/trabzonda-trafik-kazasi-2-yarali_2afb467.jpg?fit=300%2C225\" data-large-file=\"https:\/\/i0.wp.com\/www.tvturk.com\/wp-content\/uploads\/2019\/02\/trabzonda-trafik-kazasi-2-yarali_2afb467.jpg?fit=1000%2C750\" src=\"https:\/\/i0.wp.com\/www.tvturk.com\/wp-content\/uploads\/2019\/02\/trabzonda-trafik-kazasi-2-yarali_2afb467.jpg?w=496&#038;h=372\" srcset=\"https:\/\/i0.wp.com\/www.tvturk.com\/wp-content\/uploads\/2019\/02\/trabzonda-trafik-kazasi-2-yarali_2afb467.jpg?w=1000 1000w, https:\/\/i0.wp.com\/www.tvturk.com\/wp-content\/uploads\/2019\/02\/trabzonda-trafik-kazasi-2-yarali_2afb467.jpg?resize=150%2C113 150w, https:\/\/i0.wp.com\/www.tvturk.com\/wp-content\/uploads\/2019\/02\/trabzonda-trafik-kazasi-2-yarali_2afb467.jpg?resize=300%2C225 300w, https:\/\/i0.wp.com\/www.tvturk.com\/wp-content\/uploads\/2019\/02\/trabzonda-trafik-kazasi-2-yarali_2afb467.jpg?resize=768%2C576 768w\" width=\"496\" height=\"372\" loading=\"lazy\" data-original-width=\"496\" data-original-height=\"372\" itemprop=\"http:\/\/schema.org\/image\" title=\"Trabzon\u2019da trafik kazas\u0131: 2 yaral\u0131\" alt=\"Trabzon\u2019da trafik kazas\u0131: 2 yaral\u0131\" style=\"width: 496px; height: 372px;\" \/> <\/a> <\/div> <\/div> <!-- close group --> <\/div> <!-- close row --> <\/div><\/p>\n","protected":false},"excerpt":{"rendered":"<p>TRABZON\u2019UN ARS\u0130N \u0130L\u00c7ES\u0130NDE BUG\u00dcN SABAH SAATLER\u0130NDE MEYDANA GELEN TRAF\u0130K KAZASINDA \u0130LK BEL\u0130RLEMELERE G\u00d6RE B\u0130R\u0130 A\u011eIR 2 K\u0130\u015e\u0130 YARALANDI.<\/p>\n","protected":false},"author":1,"featured_media":19982,"comment_status":"closed","ping_status":"open","sticky":false,"template":"","format":"standard","meta":{"jetpack_post_was_ever_published":false,"_jetpack_newsletter_access":"","_jetpack_dont_email_post_to_subs":false,"_jetpack_newsletter_tier_id":0,"_jetpack_memberships_contains_paywalled_content":false,"_jetpack_memberships_contains_paid_content":false,"footnotes":"","jetpack_publicize_message":"","jetpack_publicize_feature_enabled":true,"jetpack_social_post_already_shared":false,"jetpack_social_options":{"image_generator_settings":{"template":"highway","default_image_id":0,"font":"","enabled":false},"version":2}},"categories":[655],"tags":[771,248,131,774],"class_list":["post-19981","post","type-post","status-publish","format-standard","has-post-thumbnail","hentry","category-son-dakika","tag-kazasi","tag-trabzonda","tag-trafik","tag-yarali"],"jetpack_publicize_connections":[],"jetpack_featured_media_url":"https:\/\/i0.wp.com\/www.tvturk.com\/wp-content\/uploads\/2019\/02\/trabzonda-trafik-kazasi-2-yarali_860e83a.jpg?fit=1000%2C750","jetpack_sharing_enabled":true,"jetpack_shortlink":"https:\/\/wp.me\/paKIfm-5ch","_links":{"self":[{"href":"http:\/\/www.tvturk.com\/index.php\/wp-json\/wp\/v2\/posts\/19981","targetHints":{"allow":["GET"]}}],"collection":[{"href":"http:\/\/www.tvturk.com\/index.php\/wp-json\/wp\/v2\/posts"}],"about":[{"href":"http:\/\/www.tvturk.com\/index.php\/wp-json\/wp\/v2\/types\/post"}],"author":[{"embeddable":true,"href":"http:\/\/www.tvturk.com\/index.php\/wp-json\/wp\/v2\/users\/1"}],"replies":[{"embeddable":true,"href":"http:\/\/www.tvturk.com\/index.php\/wp-json\/wp\/v2\/comments?post=19981"}],"version-history":[{"count":1,"href":"http:\/\/www.tvturk.com\/index.php\/wp-json\/wp\/v2\/posts\/19981\/revisions"}],"predecessor-version":[{"id":19987,"href":"http:\/\/www.tvturk.com\/index.php\/wp-json\/wp\/v2\/posts\/19981\/revisions\/19987"}],"wp:featuredmedia":[{"embeddable":true,"href":"http:\/\/www.tvturk.com\/index.php\/wp-json\/wp\/v2\/media\/19982"}],"wp:attachment":[{"href":"http:\/\/www.tvturk.com\/index.php\/wp-json\/wp\/v2\/media?parent=19981"}],"wp:term":[{"taxonomy":"category","embeddable":true,"href":"http:\/\/www.tvturk.com\/index.php\/wp-json\/wp\/v2\/categories?post=19981"},{"taxonomy":"post_tag","embeddable":true,"href":"http:\/\/www.tvturk.com\/index.php\/wp-json\/wp\/v2\/tags?post=19981"}],"curies":[{"name":"wp","href":"https:\/\/api.w.org\/{rel}","templated":true}]}}