{"id":199819,"date":"2019-09-04T20:47:26","date_gmt":"2019-09-04T17:47:26","guid":{"rendered":"http:\/\/www.tvturk.com\/index.php\/milli-sporcu-erken-kasta-sivas-kongresi-icin-daldi\/"},"modified":"2019-09-04T20:47:26","modified_gmt":"2019-09-04T17:47:26","slug":"milli-sporcu-erken-kasta-sivas-kongresi-icin-daldi","status":"publish","type":"post","link":"http:\/\/www.tvturk.com\/index.php\/milli-sporcu-erken-kasta-sivas-kongresi-icin-daldi\/","title":{"rendered":"Milli sporcu Erken, Ka\u015f\u2019ta Sivas Kongresi i\u00e7in dald\u0131"},"content":{"rendered":"<p>Antalya\u2019n\u0131n Ka\u015f il\u00e7esinde Serbest Dal\u0131\u015f T\u00fcrkiye \u015eampiyonu Birg\u00fcl Erken, Sivas Kongresi\u2019nin 100\u2019\u00fcnc\u00fc y\u0131l\u0131 dolay\u0131s\u0131yla serbest dal\u0131\u015f ger\u00e7ekle\u015ftirdi.<\/p>\n<p>Milli m\u00fccadelenin merkezi Sivas\u2019ta tarihi kongrenin 100. y\u0131l d\u00f6n\u00fcm\u00fc co\u015fkusuna Ka\u015f\u2019tan ortak olmak isteyen milli sporcu Birg\u00fcl Erken, 100 metrelik an\u0131 dal\u0131\u015f\u0131 ger\u00e7ekle\u015ftirdi.<\/p>\n<p>Ka\u015f\u2019\u0131n Limana\u011fz\u0131 Koyu\u2019nda \u2018dinamik apnea mono palet\u2019 bran\u015f\u0131nda yatay olarak \u2018tek nefeste 100 metre\u2019 dal\u0131\u015f\u0131 yapan d\u00fcnya rekortmeni Erken, ard\u0131ndan 24 metrekarelik T\u00fcrk bayra\u011f\u0131 a\u00e7t\u0131.<\/p>\n<p>Erken, dal\u0131\u015f sonras\u0131 yapt\u0131\u011f\u0131 a\u00e7\u0131klamada, Sivas Kongresi\u2019nin 100\u2019\u00fcnc\u00fc y\u0131l\u0131 nedeniyle ger\u00e7ekle\u015ftirdi\u011fi etkinli\u011fi, Mustafa Kemal Atat\u00fcrk ve silah arkada\u015flar\u0131 ile t\u00fcm \u015fehitlere ithaf etmek istedi\u011fini s\u00f6yledi.<\/p>\n<p>Cumhuriyetin temellerinin Sivas\u2019ta at\u0131ld\u0131\u011f\u0131n\u0131, ba\u011f\u0131ms\u0131zl\u0131k ve milli iradenin bu noktada ba\u015flad\u0131\u011f\u0131na dikkati \u00e7eken Erken, \u201cBu dal\u0131\u015f\u0131n ger\u00e7ekle\u015fmesine katk\u0131 veren ba\u015fta Ka\u015f Kaymakaml\u0131\u011f\u0131 olmak \u00fczere, 1903 \u00c7anakkale Be\u015fikta\u015fl\u0131lar Gen\u00e7lik ve Spor Kul\u00fcb\u00fc Derne\u011fi ile t\u00fcm sponsorlara te\u015fekk\u00fcr ederim. Sivas\u2019a da selam olsun. Bu dal\u0131\u015f\u0131 ba\u015fta ulu \u00f6nder Mustafa Kemal Atat\u00fcrk ve silah arkada\u015flar\u0131 ile t\u00fcm \u015fehitlerimize ithaf etmek istiyorum.\u201d dedi.<\/p>\n","protected":false},"excerpt":{"rendered":"<p>ANTALYA\u2019NIN KA\u015e \u0130L\u00c7ES\u0130NDE SERBEST DALI\u015e T\u00dcRK\u0130YE \u015eAMP\u0130YONU B\u0130RG\u00dcL ERKEN, S\u0130VAS KONGRES\u0130\u2019N\u0130N 100\u2019\u00dcNC\u00dc YILI DOLAYISIYLA SERBEST DALI\u015e GER\u00c7EKLE\u015eT\u0130RD\u0130.<\/p>\n","protected":false},"author":1,"featured_media":199820,"comment_status":"closed","ping_status":"open","sticky":false,"template":"","format":"standard","meta":{"jetpack_post_was_ever_published":false,"_jetpack_newsletter_access":"","_jetpack_dont_email_post_to_subs":false,"_jetpack_newsletter_tier_id":0,"_jetpack_memberships_contains_paywalled_content":false,"_jetpack_memberships_contains_paid_content":false,"footnotes":"","jetpack_publicize_message":"","jetpack_publicize_feature_enabled":true,"jetpack_social_post_already_shared":true,"jetpack_social_options":{"image_generator_settings":{"template":"highway","default_image_id":0,"font":"","enabled":false},"version":2}},"categories":[657],"tags":[837,4955,44,896,6792,429,4247,3895],"class_list":["post-199819","post","type-post","status-publish","format-standard","has-post-thumbnail","hentry","category-spor","tag-daldi","tag-erken","tag-icin","tag-kasta","tag-kongresi","tag-milli","tag-sivas","tag-sporcu"],"jetpack_publicize_connections":[],"jetpack_featured_media_url":"https:\/\/i0.wp.com\/www.tvturk.com\/wp-content\/uploads\/2019\/09\/milli-sporcu-erken-kasta-sivas-kongresi-icin-daldi_adad8bb.jpg?fit=1000%2C666","jetpack_sharing_enabled":true,"jetpack_shortlink":"https:\/\/wp.me\/paKIfm-PYT","_links":{"self":[{"href":"http:\/\/www.tvturk.com\/index.php\/wp-json\/wp\/v2\/posts\/199819","targetHints":{"allow":["GET"]}}],"collection":[{"href":"http:\/\/www.tvturk.com\/index.php\/wp-json\/wp\/v2\/posts"}],"about":[{"href":"http:\/\/www.tvturk.com\/index.php\/wp-json\/wp\/v2\/types\/post"}],"author":[{"embeddable":true,"href":"http:\/\/www.tvturk.com\/index.php\/wp-json\/wp\/v2\/users\/1"}],"replies":[{"embeddable":true,"href":"http:\/\/www.tvturk.com\/index.php\/wp-json\/wp\/v2\/comments?post=199819"}],"version-history":[{"count":0,"href":"http:\/\/www.tvturk.com\/index.php\/wp-json\/wp\/v2\/posts\/199819\/revisions"}],"wp:featuredmedia":[{"embeddable":true,"href":"http:\/\/www.tvturk.com\/index.php\/wp-json\/wp\/v2\/media\/199820"}],"wp:attachment":[{"href":"http:\/\/www.tvturk.com\/index.php\/wp-json\/wp\/v2\/media?parent=199819"}],"wp:term":[{"taxonomy":"category","embeddable":true,"href":"http:\/\/www.tvturk.com\/index.php\/wp-json\/wp\/v2\/categories?post=199819"},{"taxonomy":"post_tag","embeddable":true,"href":"http:\/\/www.tvturk.com\/index.php\/wp-json\/wp\/v2\/tags?post=199819"}],"curies":[{"name":"wp","href":"https:\/\/api.w.org\/{rel}","templated":true}]}}