{"id":199845,"date":"2019-09-05T09:01:42","date_gmt":"2019-09-05T06:01:42","guid":{"rendered":"http:\/\/www.tvturk.com\/index.php\/ziynet-sali-kastamonululari-dugunune-davet-etti\/"},"modified":"2019-09-05T09:01:42","modified_gmt":"2019-09-05T06:01:42","slug":"ziynet-sali-kastamonululari-dugunune-davet-etti","status":"publish","type":"post","link":"http:\/\/www.tvturk.com\/index.php\/ziynet-sali-kastamonululari-dugunune-davet-etti\/","title":{"rendered":"Ziynet Sali, Kastamonulular\u0131 d\u00fc\u011f\u00fcn\u00fcne davet etti"},"content":{"rendered":"<p>\u201cKastamonu Entegre 50. Y\u0131l Bulu\u015fmas\u0131\u201d etkinliklerinde konser veren \u00fcnl\u00fc sanat\u00e7\u0131 Ziynet Sali, 24 Eyl\u00fcl\u2019de evlenece\u011fini s\u00f6yleyerek, Kastamonulular\u0131 d\u00fc\u011f\u00fcn\u00fcne davet etti. Etkinlikte Anadolu Ate\u015fi Dans Toplulu\u011fu da g\u00f6steri yapt\u0131.<\/p>\n<p>Kastamonu Entegre 50. Y\u0131l Bulu\u015fmas\u0131 kapsam\u0131nda Gazi Stadyumu\u2019nda sevilen sanat\u00e7\u0131 Ziynet Sali ile Anadolu Ate\u015fi Dans Toplulu\u011fu sahne ald\u0131. Ziynet Sali konseriyle ba\u015flayan programa Kastamonu Entegre CEO\u2019su Haluk Y\u0131ld\u0131z, Vali Vekili \u00dcnal K\u0131l\u0131\u00e7arslan, Kastamonu Belediye Ba\u015fkan\u0131 Galip Vidinlio\u011flu, Devrekani Belediye Ba\u015fkan\u0131 Engin Alt\u0131kula\u00e7, Kastamonu Entegre Fabrikalar Direkt\u00f6r\u00fc En\u00fcs Ko\u00e7, siyasi parti temsilcileri, Kastamonu Entegre \u00e7al\u0131\u015fanlar\u0131 ve aileleri ile \u00e7ok say\u0131da vatanda\u015f kat\u0131ld\u0131. Birbirinden g\u00fczel \u015fark\u0131larla davetlilere doyumsuz bir gece ya\u015fatan Ziynet Sali, \u201c3-4 g\u00fcn \u00f6nce uzun zamand\u0131r birlikte g\u00fczel \u015fark\u0131lar s\u00f6yledi\u011fi ve m\u00fczik yapt\u0131klar\u0131 yeni bir single \u00e7\u0131kt\u0131. Sizi Ezgi ile tan\u0131\u015ft\u0131rmak istiyorum. \u015eark\u0131s\u0131n\u0131n ad\u0131 Yaz Bitmeden\u201d diyerek, sahneye davet etti\u011fi Ezgi ile birlikte \u2018Yaz Bitmeden\u2019 \u015fark\u0131s\u0131n\u0131 seslendirdi.<\/p>\n<p>B\u00fcy\u00fck be\u011feni toplayan konserin ard\u0131ndan Kastamonu Entegre CEO\u2019su Haluk Y\u0131ld\u0131z, Ziynet Sali\u2019ye \u00e7i\u00e7ek takdim ederek, \u201cB\u00fct\u00fcn seyahatlerimizde, yollarda sizleri dinledik. Hatta arkada\u015flar\u0131m\u0131za Ziynet Sali konser versin Kastamonulu gen\u00e7lerimize dedik. G\u00fczel bir gece oldu, te\u015fekk\u00fcr ediyoruz\u201d dedi.<\/p>\n<p>\u201cKastamonuspor\u2019a 2. Lig yak\u0131\u015fm\u0131yor, u\u011furlu gelece\u011fiz, 1. Lig\u2019e y\u00fckselecek\u201d<\/p>\n<p>Kastamonu Entegre Fabrikalar Direkt\u00f6r\u00fc En\u00fcs Ko\u00e7 da, Ziynet Sali\u2019ye 37 numaral\u0131 Kastamonuspor 1966 atk\u0131s\u0131 ile ti\u015f\u00f6rt\u00fc hediye etti. \u201cK\u0131rm\u0131z\u0131 oldu\u011fu s\u00fcrece bu rengi gururla ta\u015f\u0131r\u0131z\u201d diyen Ziynet Sali, \u201cSiyah\u0131 da \u00e7ok severim. \u0130n\u015fallah u\u011furlu geliriz ve Kastamonuspor \u015fampiyon olur. \u00c7\u00fcnk\u00fc biz u\u011furluyuz. 2. Lig size yak\u0131\u015fm\u0131yor, 1. Lig bu geceden itibaren yaz\u0131ld\u0131\u201d diye konu\u015ftu.<\/p>\n<p>Ziynet Sali gecenin sar\u0131msak krali\u00e7esi de se\u00e7ildi. Kastamonu Entegre CEO\u2019su Haluk Y\u0131ld\u0131z, Ta\u015fk\u00f6pr\u00fc Belediye Ba\u015fkan\u0131 Abdullah \u00c7atal\u2019\u0131n hediyesi olan sar\u0131msaktan tac\u0131 Sali\u2019nin ba\u015f\u0131na takt\u0131. Sali, ilk defa b\u00f6yle bir ta\u00e7 takt\u0131\u011f\u0131n\u0131 belirterek, te\u015fekk\u00fcr etti. Orkestras\u0131nda yer alan gitarist Erkan Erzurum ile d\u00fcnyaevine girecek olan Ziynet Sali, 24 Eyl\u00fcl\u2019de yap\u0131lacak d\u00fc\u011f\u00fcn\u00fcne Kastamonulular\u0131 da davet etti.<\/p>\n<p>Anadolu Ate\u015fi Dans Toplulu\u011fu\u2019nun g\u00f6sterileri ayakta alk\u0131\u015fland\u0131<\/p>\n<p>Ziynet Sali konserinin ard\u0131ndan Anadolu Ate\u015fi Dans Toplulu\u011fu sahne ald\u0131. Do\u011fu ile Bat\u0131 k\u00fclt\u00fcrlerinin harmanland\u0131\u011f\u0131  g\u00f6steride 3 bin halk dans\u0131 fig\u00fcr\u00fc ve m\u00fczi\u011fini i\u00e7inde bar\u0131nd\u0131ran Anadolu Ate\u015fi Dans Toplulu\u011fu, farkl\u0131 ya\u015f grubundaki dans\u00e7\u0131lar\u0131yla be\u011feni toplayan bir g\u00f6steriye imza att\u0131. Kastamonu Entegre organizesinde ger\u00e7ekle\u015ftirilen gecenin sonunda sanatseverleri selamlayan dans toplulu\u011fu, uzun s\u00fcre alk\u0131\u015fland\u0131. Gecede Anadolu Ate\u015fi Dans Toplulu\u011fu, Kastamonu\u2019nun y\u00f6resel halk oyunu olan sepet\u00e7io\u011flu halk oyununu da oynad\u0131. Kastamonu Entegre CEO\u2019su Haluk Y\u0131ld\u0131z, Anadolu Ate\u015fi Dans Toplulu\u011fu\u2019na \u00e7i\u00e7ek takdim etti.<\/p>\n","protected":false},"excerpt":{"rendered":"<p>\u201cKASTAMONU ENTEGRE 50. YIL BULU\u015eMASI\u201d KAPSAMINDA SAHNE ALAN \u00dcNL\u00dc SANAT\u00c7I Z\u0130YNET SAL\u0130, GAZ\u0130 STADYUMUNDA KONSER VERD\u0130.<\/p>\n","protected":false},"author":1,"featured_media":199846,"comment_status":"closed","ping_status":"open","sticky":false,"template":"","format":"standard","meta":{"jetpack_post_was_ever_published":false,"_jetpack_newsletter_access":"","_jetpack_dont_email_post_to_subs":false,"_jetpack_newsletter_tier_id":0,"_jetpack_memberships_contains_paywalled_content":false,"_jetpack_memberships_contains_paid_content":false,"footnotes":"","jetpack_publicize_message":"","jetpack_publicize_feature_enabled":true,"jetpack_social_post_already_shared":true,"jetpack_social_options":{"image_generator_settings":{"template":"highway","default_image_id":0,"font":"","enabled":false},"version":2}},"categories":[1],"tags":[3008,34536,207,50258,447,1159],"class_list":["post-199845","post","type-post","status-publish","format-standard","has-post-thumbnail","hentry","category-genel","tag-davet","tag-dugunune","tag-etti","tag-kastamonululari","tag-sali","tag-ziynet"],"jetpack_publicize_connections":[],"jetpack_featured_media_url":"https:\/\/i0.wp.com\/www.tvturk.com\/wp-content\/uploads\/2019\/09\/ziynet-sali-kastamonululari-dugunune-davet-etti_ed74714.jpg?fit=1000%2C662","jetpack_sharing_enabled":true,"jetpack_shortlink":"https:\/\/wp.me\/paKIfm-PZj","_links":{"self":[{"href":"http:\/\/www.tvturk.com\/index.php\/wp-json\/wp\/v2\/posts\/199845","targetHints":{"allow":["GET"]}}],"collection":[{"href":"http:\/\/www.tvturk.com\/index.php\/wp-json\/wp\/v2\/posts"}],"about":[{"href":"http:\/\/www.tvturk.com\/index.php\/wp-json\/wp\/v2\/types\/post"}],"author":[{"embeddable":true,"href":"http:\/\/www.tvturk.com\/index.php\/wp-json\/wp\/v2\/users\/1"}],"replies":[{"embeddable":true,"href":"http:\/\/www.tvturk.com\/index.php\/wp-json\/wp\/v2\/comments?post=199845"}],"version-history":[{"count":0,"href":"http:\/\/www.tvturk.com\/index.php\/wp-json\/wp\/v2\/posts\/199845\/revisions"}],"wp:featuredmedia":[{"embeddable":true,"href":"http:\/\/www.tvturk.com\/index.php\/wp-json\/wp\/v2\/media\/199846"}],"wp:attachment":[{"href":"http:\/\/www.tvturk.com\/index.php\/wp-json\/wp\/v2\/media?parent=199845"}],"wp:term":[{"taxonomy":"category","embeddable":true,"href":"http:\/\/www.tvturk.com\/index.php\/wp-json\/wp\/v2\/categories?post=199845"},{"taxonomy":"post_tag","embeddable":true,"href":"http:\/\/www.tvturk.com\/index.php\/wp-json\/wp\/v2\/tags?post=199845"}],"curies":[{"name":"wp","href":"https:\/\/api.w.org\/{rel}","templated":true}]}}