{"id":199879,"date":"2019-09-05T09:32:05","date_gmt":"2019-09-05T06:32:05","guid":{"rendered":"http:\/\/www.tvturk.com\/index.php\/anit-agac-zararli-bocege-teslim-oldu\/"},"modified":"2019-09-05T09:32:05","modified_gmt":"2019-09-05T06:32:05","slug":"anit-agac-zararli-bocege-teslim-oldu","status":"publish","type":"post","link":"http:\/\/www.tvturk.com\/index.php\/anit-agac-zararli-bocege-teslim-oldu\/","title":{"rendered":"An\u0131t a\u011fa\u00e7 zararl\u0131 b\u00f6ce\u011fe teslim oldu"},"content":{"rendered":"<p>Mersin\u2019in Mut il\u00e7esindeki Karacao\u011flan \u00c7\u0131naralt\u0131 Park\u0131\u2019nda tescilli 5 an\u0131t a\u011fa\u00e7tan biri olan bin ya\u015f\u0131ndaki \u00e7\u0131nar a\u011fac\u0131 zararl\u0131 b\u00f6ce\u011fe teslim oldu.<\/p>\n<p>B\u00f6ceklerin zarar vermesi nedeniyle g\u00f6vdesinde \u00e7atlaklar olu\u015fan \u00e7\u0131nar a\u011fac\u0131n\u0131n etraf\u0131 \u00e7itle \u00e7evrildi. Mut Belediyesi de ast\u0131\u011f\u0131  levhada, \u201c\u00c7\u0131nar a\u011fac\u0131n\u0131n g\u00f6vdesindeki \u00e7\u00fcr\u00fcme ve \u00e7atlamadan dolay\u0131 \u00c7evre \u015eehircilik M\u00fcd\u00fcrl\u00fc\u011f\u00fcn\u00fcn 26 A\u011fustos 2019 tarihli yaz\u0131s\u0131na istinaden g\u00fcvenlik gerek\u00e7esiyle a\u011fac\u0131n bak\u0131m\u0131 yap\u0131l\u0131ncaya kadar ge\u00e7ici olarak kapat\u0131lm\u0131\u015ft\u0131r. Vatanda\u015flar\u0131m\u0131z\u0131n can ve mal g\u00fcvenli\u011finin tehlikeye atmamas\u0131 i\u00e7in a\u011fa\u00e7 alt\u0131nda durmamalar\u0131 \u00f6nemle rica olunur\u201d diye uyard\u0131.<\/p>\n<p>Mut Ziraat Odas\u0131 Ba\u015fkan\u0131 H\u0131d\u0131r Kar, bin y\u0131ll\u0131k an\u0131t a\u011fa\u00e7 olarak tescilli \u00e7\u0131nar a\u011fac\u0131n\u0131n, zararl\u0131 b\u00f6cek ve bakterilerin istilas\u0131na u\u011frad\u0131\u011f\u0131n\u0131 ifade ederek, &#8220;\u015euan as\u0131rl\u0131k \u00e7\u0131nar a\u011fac\u0131n\u0131n \u00e7\u00fcr\u00fcyen k\u0131s\u0131mlar\u0131 b\u00f6cek tahribat\u0131na maruz kalmas\u0131ndan dolay\u0131 g\u00f6vde k\u0131sm\u0131n\u0131n \u00e7\u00fcr\u00fcmesi sonucu, \u00e7\u0131nar a\u011fac\u0131n\u0131n g\u00f6vde k\u0131sm\u0131nda b\u00fcy\u00fck yar\u0131lma meydana gelmi\u015ftir. Buda her g\u00fcn b\u00fcy\u00fcmekte olup e\u011fer yetkililerin \u00f6nlem almamas\u0131 durumunda devrilme tehlikesi b\u00fcy\u00fckt\u00fcr. \u00c7\u0131nar a\u011fac\u0131n\u0131n g\u00f6vde k\u0131sm\u0131n\u0131n etraf\u0131 \u00e7evrilmesine ra\u011fmen dallar\u0131n\u0131n b\u00fcy\u00fck ve uzun olmas\u0131ndan dolay\u0131 devrilmesi durumunda \u00e7evresinde g\u00f6lgeleyen vatanda\u015flara zarar verece\u011finden dolay\u0131 yetkililerin bir an \u00f6nce tedbir al\u0131p eski haline kavu\u015fturulmas\u0131n\u0131 istiyoruz\u201d dedi.<\/p>\n","protected":false},"excerpt":{"rendered":"<p>MERS\u0130N\u2019\u0130N MUT \u0130L\u00c7ES\u0130NDEK\u0130 KARACAO\u011eLAN \u00c7INARALTI PARKI\u2019NDA TESC\u0130LL\u0130 5 ANIT A\u011eA\u00c7TAN B\u0130R\u0130 OLAN B\u0130N YA\u015eINDAK\u0130 \u00c7INAR A\u011eACI ZARARLI B\u00d6CE\u011eE TESL\u0130M OLDU.<\/p>\n","protected":false},"author":1,"featured_media":199880,"comment_status":"closed","ping_status":"open","sticky":false,"template":"","format":"standard","meta":{"jetpack_post_was_ever_published":false,"_jetpack_newsletter_access":"","_jetpack_dont_email_post_to_subs":false,"_jetpack_newsletter_tier_id":0,"_jetpack_memberships_contains_paywalled_content":false,"_jetpack_memberships_contains_paid_content":false,"footnotes":"","jetpack_publicize_message":"","jetpack_publicize_feature_enabled":true,"jetpack_social_post_already_shared":true,"jetpack_social_options":{"image_generator_settings":{"template":"highway","default_image_id":0,"font":"","enabled":false},"version":2}},"categories":[1],"tags":[1991,22466,50268,77,169,15930],"class_list":["post-199879","post","type-post","status-publish","format-standard","has-post-thumbnail","hentry","category-genel","tag-agac","tag-anit","tag-bocege","tag-oldu","tag-teslim","tag-zararli"],"jetpack_publicize_connections":[],"jetpack_featured_media_url":"https:\/\/i0.wp.com\/www.tvturk.com\/wp-content\/uploads\/2019\/09\/anit-agac-zararli-bocege-teslim-oldu_b6fd5d1.jpg?fit=1000%2C666","jetpack_sharing_enabled":true,"jetpack_shortlink":"https:\/\/wp.me\/paKIfm-PZR","_links":{"self":[{"href":"http:\/\/www.tvturk.com\/index.php\/wp-json\/wp\/v2\/posts\/199879","targetHints":{"allow":["GET"]}}],"collection":[{"href":"http:\/\/www.tvturk.com\/index.php\/wp-json\/wp\/v2\/posts"}],"about":[{"href":"http:\/\/www.tvturk.com\/index.php\/wp-json\/wp\/v2\/types\/post"}],"author":[{"embeddable":true,"href":"http:\/\/www.tvturk.com\/index.php\/wp-json\/wp\/v2\/users\/1"}],"replies":[{"embeddable":true,"href":"http:\/\/www.tvturk.com\/index.php\/wp-json\/wp\/v2\/comments?post=199879"}],"version-history":[{"count":0,"href":"http:\/\/www.tvturk.com\/index.php\/wp-json\/wp\/v2\/posts\/199879\/revisions"}],"wp:featuredmedia":[{"embeddable":true,"href":"http:\/\/www.tvturk.com\/index.php\/wp-json\/wp\/v2\/media\/199880"}],"wp:attachment":[{"href":"http:\/\/www.tvturk.com\/index.php\/wp-json\/wp\/v2\/media?parent=199879"}],"wp:term":[{"taxonomy":"category","embeddable":true,"href":"http:\/\/www.tvturk.com\/index.php\/wp-json\/wp\/v2\/categories?post=199879"},{"taxonomy":"post_tag","embeddable":true,"href":"http:\/\/www.tvturk.com\/index.php\/wp-json\/wp\/v2\/tags?post=199879"}],"curies":[{"name":"wp","href":"https:\/\/api.w.org\/{rel}","templated":true}]}}