{"id":200021,"date":"2019-09-05T12:02:54","date_gmt":"2019-09-05T09:02:54","guid":{"rendered":"http:\/\/www.tvturk.com\/index.php\/ara-tatil-1-siniflar-icin-sikintili-olabilir\/"},"modified":"2019-09-05T12:02:54","modified_gmt":"2019-09-05T09:02:54","slug":"ara-tatil-1-siniflar-icin-sikintili-olabilir","status":"publish","type":"post","link":"http:\/\/www.tvturk.com\/index.php\/ara-tatil-1-siniflar-icin-sikintili-olabilir\/","title":{"rendered":"Ara tatil, 1. s\u0131n\u0131flar i\u00e7in s\u0131k\u0131nt\u0131l\u0131 olabilir"},"content":{"rendered":"<p>Okullar\u0131n a\u00e7\u0131lmas\u0131yla birlikte milyonlarca \u00f6\u011frenci 9 Eyl\u00fcl\u2019de ders ba\u015f\u0131 yapacak. Yakla\u015f\u0131k 2,5 ayd\u0131r yaz tatili i\u00e7erisinde olan \u00f6\u011frenciler yeni d\u00f6nemle birlikte ara tatil uygulamas\u0131na da ge\u00e7ecekler. Do\u00e7. Dr. Berna G\u00fclo\u011flu\u2019ya g\u00f6re; \u201cAra tatil uygulamas\u0131 1. s\u0131n\u0131flar i\u00e7in s\u0131k\u0131nt\u0131 olabilir. Yeni okumaya ge\u00e7tikleri bir d\u00f6nemde bir haftal\u0131k kopma gerilemeye yol a\u00e7abilir. Bu noktada velilerin \u00e7ocuklar\u0131 \u00fcst\u00fcndeki denetimleri \u00e7ok \u00f6nemli.\u201d<\/p>\n<p>Ebeveynlerin, \u00e7ocuklar\u0131n\u0131 en iyi tan\u0131yan ve onlar\u0131n \u00f6zelliklerini en iyi bilen ki\u015filer oldu\u011funu s\u00f6yleyen Do\u00e7. Dr. G\u00fclo\u011flu; \u201c\u00c7ocuklar\u0131n\u0131n bu tatilde derslerden kopaca\u011f\u0131n\u0131 d\u00fc\u015f\u00fcn\u00fcyorlarsa, g\u00fcnl\u00fck \u00e7al\u0131\u015fmalar\u0131n\u0131 devam ettirmeleri konusunda onlar\u0131 desteklemeleri \u00f6nemli olacakt\u0131r. E\u011fer ebeveyn \u00e7ocu\u011funun b\u00f6yle bir tatile ihtiyac\u0131 oldu\u011funu ve akademik ba\u015far\u0131s\u0131na iyi gelece\u011fini d\u00fc\u015f\u00fcn\u00fcyorsa, daha sosyal etkinliklerin oldu\u011fu (m\u00fcze gezme, kitap okuma, tiyatro-sinema gitme vb) bir program haz\u0131rlayabilirler\u201d a\u00e7\u0131klamas\u0131nda bulundu.<\/p>\n<p>En \u00f6nemli etken: Ara tatillerin nas\u0131l ge\u00e7irildi\u011fi<\/p>\n<p>Yeni e\u011fitim-\u00f6\u011fretim y\u0131l\u0131nda uygulanacak olan iki ara tatil d\u00f6nemi ile ilgili \u00f6nemli a\u00e7\u0131klamalarda bulunan BAU E\u011fitim Bilimleri Fak\u00fcltesi Rehberlik ve Psikolojik Dan\u0131\u015fmanl\u0131k B\u00f6l\u00fcm Ba\u015fkan\u0131 Do\u00e7. Dr. Berna G\u00fclo\u011flu, \u201cBireysel farkl\u0131l\u0131klar\u0131 dikkate ald\u0131\u011f\u0131m\u0131zda t\u00fcm d\u00fczenlemelerde oldu\u011fu gibi bu d\u00fczenlemenin de olumlu olarak etkiledi\u011fi \u00f6\u011frenciler oldu\u011fu gibi olumsuz olarak etkiledi\u011fi \u00f6\u011frencilerde olacak. Kimi i\u00e7in bir nefes alma, tazelenme ve yeniden enerji depolama imkan\u0131 olurken, kimi i\u00e7inse konsantrasyonunda kesilme ve motivasyonunda d\u00fc\u015fme; dolay\u0131s\u0131yla da derslerde kopma ya\u015fanacak. Burada \u00f6nemli olan \u00f6\u011frencilerin yeni d\u00fczenlemeye haz\u0131rlanmalar\u0131 ve ara tatilleri nas\u0131l ge\u00e7irdikleri olacak\u201d ifadelerini kulland\u0131.<\/p>\n<p>Yeni bir d\u00fczenleme ile \u00fc\u00e7 ara tatilin olmas\u0131 fikrinin \u00f6\u011frencileri etkileyebilece\u011fini belirten Do\u00e7. Dr. Berna G\u00fclo\u011flu; \u201cY\u0131llard\u0131r al\u0131\u015ft\u0131klar\u0131 bir d\u00fczen var, o d\u00fczeni tamamen de\u011fi\u015ftirdi\u011finizde, \u00f6zellikle de\u011fi\u015fikliklerden ho\u015flanmayan \u00f6\u011frenciler i\u00e7in s\u0131k\u0131nt\u0131 olu\u015fturabilir. De\u011fi\u015fikliklere a\u00e7\u0131k olan ve kolay uyum sa\u011flayanlar i\u00e7in daha az s\u0131k\u0131nt\u0131 olu\u015fturacak. Onlar \u00e7abuk adapte olacaklar. Bu sistemin okula yeni ba\u015flayacak \u00f6\u011frencilere uygulanmas\u0131 daha etkili olabilirdi. Onlar i\u00e7in okul demek \u00fc\u00e7 ara tatil demek olurdu\u201d dedi.<\/p>\n<p>Uygulama bir\u00e7ok \u00fclkede var<\/p>\n<p>Bu uygulaman\u0131n oldu\u011fu bir\u00e7ok \u00fclkenin oldu\u011funu s\u00f6yleyen BAU E\u011fitim Bilimleri Fak\u00fcltesi Rehberlik ve Psikolojik Dan\u0131\u015fmanl\u0131k B\u00f6l\u00fcm Ba\u015fkan\u0131 Do\u00e7. Dr. G\u00fclo\u011flu, kitap okuyarak, farkl\u0131 k\u00fclt\u00fcrleri \u00f6\u011frenerek, sosyal sorumluluk projelerinde g\u00f6rev alarak da dinlenebilece\u011fini s\u00f6yleyen Do\u00e7. Dr. Berna G\u00fclo\u011flu; \u201c\u0130nternette tak\u0131larak, bilgisayar oyunu oynayarakta dinlenebilirsiniz. Bu noktada dinlenmeden ne anlad\u0131\u011f\u0131n\u0131z \u00f6nemli olacak. \u00d6z-denetim becerileri \u00e7ok geli\u015fmemi\u015f \u00f6\u011frencilerimiz i\u00e7inde veliler denetleme mekanizmalar\u0131nda \u00f6nemli olacak. Hem dinlenecekleri hem de \u00f6\u011frenecekleri etkinlikler planlamalar\u0131 ve \u00e7ocuklar\u0131n\u0131n bu plana uymalar\u0131n\u0131 sa\u011flamalar\u0131 gerekecek. Eskiden bunu senede bir kere yap\u0131yordu veli, \u015fimdi \u00fc\u00e7 kere yapmak durumunda kalacak\u201d \u015feklinde konu\u015ftu.<\/p>\n<p>Tekrar yapmaya daha \u00e7ok \u00f6nem verilmeli<\/p>\n<p>Yeni ara tatil sisteminin \u00f6zellikle 1. s\u0131n\u0131flar i\u00e7in s\u0131k\u0131nt\u0131 olabilece\u011fini de belirten Do\u00e7. Dr. G\u00fclo\u011flu; \u201cYeni okumaya ge\u00e7tikleri d\u00f6nem olacak ve bir haftal\u0131k kopma gerilemeye yol a\u00e7abilir. Velilerin evde \u00f6\u011frenilenleri tekrar etmesi gerekecek. S\u0131nava haz\u0131rlananlar i\u00e7inse zaten tatillerde de \u00e7al\u0131\u015fmaya devam ediyorlar. \u00d6zellikler hedefleri olan \u00f6\u011frenciler t\u00fcm tatillerde h\u0131z kesmeden \u00e7al\u0131\u015fmaya devam ediyorlar. Okul \u00f6devleri olmadan sadece s\u0131nava y\u00f6nelik \u00e7al\u0131\u015fma yapma imkanlar\u0131n\u0131n olmas\u0131 duygusal olarak rahatlatabilir. Bir hafta boyunca hi\u00e7bir tekrar yapmayan \u00f6\u011frenci i\u00e7in bilgi kayb\u0131 olacakt\u0131r, ama ara s\u0131n\u0131flar i\u00e7in bu bilgi kayb\u0131n\u0131n uzun s\u00fcreli olaca\u011f\u0131n\u0131 sanm\u0131yorum. Okul a\u00e7\u0131ld\u0131ktan sonra bir hafta i\u00e7inde giderilebilir, e\u011fer \u00f6\u011frenci isterse\u201d diyerek s\u00f6zlerini tamamlad\u0131.<\/p>\n","protected":false},"excerpt":{"rendered":"<p>DO\u00c7. DR. BERNA G\u00dcLO\u011eLU<\/p>\n","protected":false},"author":1,"featured_media":200022,"comment_status":"closed","ping_status":"open","sticky":false,"template":"","format":"standard","meta":{"jetpack_post_was_ever_published":false,"_jetpack_newsletter_access":"","_jetpack_dont_email_post_to_subs":false,"_jetpack_newsletter_tier_id":0,"_jetpack_memberships_contains_paywalled_content":false,"_jetpack_memberships_contains_paid_content":false,"footnotes":"","jetpack_publicize_message":"","jetpack_publicize_feature_enabled":true,"jetpack_social_post_already_shared":true,"jetpack_social_options":{"image_generator_settings":{"template":"highway","default_image_id":0,"font":"","enabled":false},"version":2}},"categories":[1],"tags":[4921,112,44,5897,50309,3575],"class_list":["post-200021","post","type-post","status-publish","format-standard","has-post-thumbnail","hentry","category-genel","tag-sikintili","tag-ara","tag-icin","tag-olabilir","tag-siniflar","tag-tatil"],"jetpack_publicize_connections":[],"jetpack_featured_media_url":"https:\/\/i0.wp.com\/www.tvturk.com\/wp-content\/uploads\/2019\/09\/ara-tatil-1-siniflar-icin-sikintili-olabilir_705ae6d.jpg?fit=1000%2C666","jetpack_sharing_enabled":true,"jetpack_shortlink":"https:\/\/wp.me\/paKIfm-Q29","_links":{"self":[{"href":"http:\/\/www.tvturk.com\/index.php\/wp-json\/wp\/v2\/posts\/200021","targetHints":{"allow":["GET"]}}],"collection":[{"href":"http:\/\/www.tvturk.com\/index.php\/wp-json\/wp\/v2\/posts"}],"about":[{"href":"http:\/\/www.tvturk.com\/index.php\/wp-json\/wp\/v2\/types\/post"}],"author":[{"embeddable":true,"href":"http:\/\/www.tvturk.com\/index.php\/wp-json\/wp\/v2\/users\/1"}],"replies":[{"embeddable":true,"href":"http:\/\/www.tvturk.com\/index.php\/wp-json\/wp\/v2\/comments?post=200021"}],"version-history":[{"count":0,"href":"http:\/\/www.tvturk.com\/index.php\/wp-json\/wp\/v2\/posts\/200021\/revisions"}],"wp:featuredmedia":[{"embeddable":true,"href":"http:\/\/www.tvturk.com\/index.php\/wp-json\/wp\/v2\/media\/200022"}],"wp:attachment":[{"href":"http:\/\/www.tvturk.com\/index.php\/wp-json\/wp\/v2\/media?parent=200021"}],"wp:term":[{"taxonomy":"category","embeddable":true,"href":"http:\/\/www.tvturk.com\/index.php\/wp-json\/wp\/v2\/categories?post=200021"},{"taxonomy":"post_tag","embeddable":true,"href":"http:\/\/www.tvturk.com\/index.php\/wp-json\/wp\/v2\/tags?post=200021"}],"curies":[{"name":"wp","href":"https:\/\/api.w.org\/{rel}","templated":true}]}}