{"id":200091,"date":"2019-09-05T13:17:21","date_gmt":"2019-09-05T10:17:21","guid":{"rendered":"http:\/\/www.tvturk.com\/index.php\/efelere-genc-smacor\/"},"modified":"2019-09-05T13:17:21","modified_gmt":"2019-09-05T10:17:21","slug":"efelere-genc-smacor","status":"publish","type":"post","link":"http:\/\/www.tvturk.com\/index.php\/efelere-genc-smacor\/","title":{"rendered":"Efelere gen\u00e7 sma\u00e7\u00f6r"},"content":{"rendered":"<p>Bursa B\u00fcy\u00fck\u015fehir Belediyespor Kul\u00fcb\u00fc Voleybol tak\u0131m\u0131, Bosch Spor Kul\u00fcb\u00fc gen\u00e7 milli oyuncusu Berk Dilmenler\u2019i kadrosuna katt\u0131.<\/p>\n<p>Efeler Ligi\u2019nde m\u00fccadele eden Bursa B\u00fcy\u00fck\u015fehir Belediyespor Kul\u00fcb\u00fc kadrosunu g\u00fc\u00e7lendirmeye devam ediyor. Ye\u015fil-beyazl\u0131lar Bosch Spor Kul\u00fcb\u00fc\u2019nde forma giyen ve T\u00fcrkiye alt ya\u015f milli tak\u0131mlar\u0131nda forma giyen 15 ya\u015f\u0131ndaki sma\u00e7\u00f6r Berk Dilmenler\u2019i transfer etti. B\u00fcy\u00fck\u015fehir Belediyesi Fethiye Spor Kompleksi\u2019nde yap\u0131lan imza t\u00f6reninde gen\u00e7 sporcunun yan\u0131 s\u0131ra, baba Burhan Dilmenler, B\u00fcy\u00fck\u015fehir Belediyespor Kul\u00fcb\u00fc y\u00f6netim kurulu \u00fcyeleri \u00d6mer Cihat Bay, Murat Mestan, Kul\u00fcp M\u00fcd\u00fcr\u00fc Y\u00fcksel Arslan ile Bosch Spor Kul\u00fcb\u00fc y\u00f6neticileri, Murat \u00c7al\u0131\u015fkan, Yusuf Dokur, \u00d6zkan \u00d6zdamar ve Mustafa Alsun kat\u0131ld\u0131.<\/p>\n<p>\u201cBursa\u2019da yeti\u015fen sporcu, Bursa\u2019ya hizmet etsin\u201d<\/p>\n<p>T\u00f6rende konu\u015fan B\u00fcy\u00fck\u015fehir Belediyespor Kul\u00fcb\u00fc Y\u00f6netim Kurulu \u00dcyesi \u00d6mer Cihat Bay Bosch Spor Kul\u00fcb\u00fc ile yap\u0131lan ortak \u00e7al\u0131\u015fman\u0131n meyvesini ald\u0131klar\u0131n\u0131 s\u00f6yledi. Bosch Spor Kul\u00fcb\u00fc\u2019nden 3 sporcuyu da altyap\u0131ya takviye ettiklerini belirten Bay, \u201cBosch Spor Kul\u00fcb\u00fc sadece voleybolda de\u011fil di\u011fer bran\u015flarda da sporcu yeti\u015ftiriyor. Voleybolda A tak\u0131m d\u00fczeyinde bir olu\u015fumlar\u0131 yok. Bursa\u2019da yeti\u015fen sporcular\u0131m\u0131z\u0131n Bursa\u2019da hizmet etmesini sa\u011flamak bizim \u00f6nceli\u011fimiz. Gerek saha, gerekse ekipman gibi bir \u00e7ok noktada payla\u015f\u0131m yap\u0131yoruz. Kendileriyle karde\u015f kul\u00fcp gibi olduk. Elimizdeki imkanlar\u0131 di\u011fer kul\u00fcplerle de payla\u015fmak isteriz\u201d diye konu\u015ftu. Berk\u2019in gelecekte Bursa voleyboluna \u00f6nemli hizmetlerinin olaca\u011f\u0131n\u0131 savunan \u00d6mer Cihat Bay \u201cBerk \u015fu an U17 milli tak\u0131m\u0131m\u0131zda da forma giyiyor. Gelece\u011fi parlak bir arkada\u015f\u0131m\u0131z. Bursa voleyboluna \u00f6nemli hizmetleri olacakt\u0131r. Berk ile birlikte ayn\u0131 tak\u0131mda 3 sporcuyu da alt yap\u0131m\u0131za katt\u0131k. Onlar bu y\u0131l y\u0131ld\u0131z ve gen\u00e7 tak\u0131mlar\u0131m\u0131zda m\u00fccadele edecek. Berk, A tak\u0131m\u0131m\u0131zla antrenmanlara \u00e7\u0131kacak ve hocam\u0131zdan forma bekleyecek\u201d ifadelerini kulland\u0131.<\/p>\n<p>\u0130mza t\u00f6reninin ard\u0131ndan konu\u015fan gen\u00e7 sporcu Berk Dilmenler ise, eski kul\u00fcp y\u00f6netici ve antren\u00f6rlerine te\u015fekk\u00fcr ederken, gelecekte Bursa\u2019y\u0131 voleybolda en iyi \u015fekilde temsil etmek istedi\u011fini s\u00f6yledi.<\/p>\n","protected":false},"excerpt":{"rendered":"<p>BURSA B\u00dcY\u00dcK\u015eEH\u0130R BELED\u0130YESPOR KUL\u00dcB\u00dc VOLEYBOL TAKIMI, BOSCH SPOR KUL\u00dcB\u00dc GEN\u00c7 M\u0130LL\u0130 OYUNCUSU BERK D\u0130LMENLER\u2019\u0130 KADROSUNA KATTI.<\/p>\n","protected":false},"author":1,"featured_media":200092,"comment_status":"closed","ping_status":"open","sticky":false,"template":"","format":"standard","meta":{"jetpack_post_was_ever_published":false,"_jetpack_newsletter_access":"","_jetpack_dont_email_post_to_subs":false,"_jetpack_newsletter_tier_id":0,"_jetpack_memberships_contains_paywalled_content":false,"_jetpack_memberships_contains_paid_content":false,"footnotes":"","jetpack_publicize_message":"","jetpack_publicize_feature_enabled":true,"jetpack_social_post_already_shared":true,"jetpack_social_options":{"image_generator_settings":{"template":"highway","default_image_id":0,"font":"","enabled":false},"version":2}},"categories":[657],"tags":[9281,803,41995],"class_list":["post-200091","post","type-post","status-publish","format-standard","has-post-thumbnail","hentry","category-spor","tag-efelere","tag-genc","tag-smacor"],"jetpack_publicize_connections":[],"jetpack_featured_media_url":"https:\/\/i0.wp.com\/www.tvturk.com\/wp-content\/uploads\/2019\/09\/efelere-genc-smacor_707d419.jpg?fit=1000%2C695","jetpack_sharing_enabled":true,"jetpack_shortlink":"https:\/\/wp.me\/paKIfm-Q3h","_links":{"self":[{"href":"http:\/\/www.tvturk.com\/index.php\/wp-json\/wp\/v2\/posts\/200091","targetHints":{"allow":["GET"]}}],"collection":[{"href":"http:\/\/www.tvturk.com\/index.php\/wp-json\/wp\/v2\/posts"}],"about":[{"href":"http:\/\/www.tvturk.com\/index.php\/wp-json\/wp\/v2\/types\/post"}],"author":[{"embeddable":true,"href":"http:\/\/www.tvturk.com\/index.php\/wp-json\/wp\/v2\/users\/1"}],"replies":[{"embeddable":true,"href":"http:\/\/www.tvturk.com\/index.php\/wp-json\/wp\/v2\/comments?post=200091"}],"version-history":[{"count":0,"href":"http:\/\/www.tvturk.com\/index.php\/wp-json\/wp\/v2\/posts\/200091\/revisions"}],"wp:featuredmedia":[{"embeddable":true,"href":"http:\/\/www.tvturk.com\/index.php\/wp-json\/wp\/v2\/media\/200092"}],"wp:attachment":[{"href":"http:\/\/www.tvturk.com\/index.php\/wp-json\/wp\/v2\/media?parent=200091"}],"wp:term":[{"taxonomy":"category","embeddable":true,"href":"http:\/\/www.tvturk.com\/index.php\/wp-json\/wp\/v2\/categories?post=200091"},{"taxonomy":"post_tag","embeddable":true,"href":"http:\/\/www.tvturk.com\/index.php\/wp-json\/wp\/v2\/tags?post=200091"}],"curies":[{"name":"wp","href":"https:\/\/api.w.org\/{rel}","templated":true}]}}