{"id":20010,"date":"2019-02-11T09:18:48","date_gmt":"2019-02-11T06:18:48","guid":{"rendered":"http:\/\/www.tvturk.com\/index.php\/arisoy-zeytinburnunun-20-yildaki-degisimini-anlatti\/"},"modified":"2019-02-11T09:18:52","modified_gmt":"2019-02-11T06:18:52","slug":"arisoy-zeytinburnunun-20-yildaki-degisimini-anlatti","status":"publish","type":"post","link":"http:\/\/www.tvturk.com\/index.php\/arisoy-zeytinburnunun-20-yildaki-degisimini-anlatti\/","title":{"rendered":"Ar\u0131soy,  Zeytinburnu\u2019nun 20 y\u0131ldaki de\u011fi\u015fimini anlatt\u0131"},"content":{"rendered":"<p>Sivil toplum kurulu\u015flar\u0131 ziyaretinde Zeytinburnu\u2019nun 20 y\u0131l i\u00e7indeki de\u011fi\u015fimini anlatan AK Parti Zeytinburnu Belediye Ba\u015fkan Aday\u0131 \u00d6mer Ar\u0131soy, \u201cAltyap\u0131s\u0131 olmayan, soka\u011f\u0131nda ayd\u0131nlatmas\u0131 olmayan, soka\u011f\u0131na s\u00fcp\u00fcrgeci girmeyen, \u00e7\u00f6p toplanmas\u0131 birinci derecede sorun olan bir il\u00e7eydi. \u015eimdi Allah\u2019a \u00e7ok \u015f\u00fck\u00fcr Zeytinburnu \u0130stanbul\u2019un en temiz il\u00e7elerinden bir tanesi\u201d dedi.<\/p>\n<p>Hayalindeki Zeytinburnu\u2019nu ve projelerini anlatmak i\u00e7in yola \u00e7\u0131kan AK Parti Zeytinburnu Belediye Ba\u015fkan Aday\u0131 \u00d6mer Ar\u0131soy, sivil toplum kurulu\u015fu ziyaretlerine h\u0131z kesmeden devam ediyor.<\/p>\n<p>Ar\u0131soy, g\u00fcn i\u00e7erisindeki ilk ziyaretini Bitlis Sason Mu\u015f Derne\u011fi\u2019ne yapt\u0131. Ar\u0131soy\u2019a ziyarette AK Parti \u0130stanbul Milletvekili ve Genel ba\u015fkan Yard\u0131mc\u0131s\u0131 Vedat Demir\u00f6z E\u015flik etti. Vatanda\u015flar\u0131n yo\u011fun ilgi g\u00f6sterdi\u011fi ziyarette Ar\u0131soy, ho\u015f sohbetle kar\u015f\u0131land\u0131. Bitlisli milletvekili Demir\u00f6z, AK Parti Zeytinburnu Aday\u0131 Ar\u0131soy\u2019u tan\u0131tan bir konu\u015fma ger\u00e7ekle\u015ftirerek kendisine getirece\u011fi hizmetler i\u00e7in kefil oldu\u011funu dile getirdi.<\/p>\n<p>\u201cSizin derdiniz ile dertlenmeye talibim\u201d<\/p>\n<p>Ziyarette kendini evinde gibi hissetti\u011fini ifade eden Ar\u0131soy, \u201cBitlis, Mu\u015f, Sason\u2019u biliyorum. B\u00f6yle kar\u015f\u0131lanaca\u011f\u0131m\u0131 da biliyordum. Bizi mahcup etmediniz. Memnun ettiniz. Allah raz\u0131 olsun sizden. Bende sizi in\u015fallah mahcup etmeyece\u011fim. Burada proje anlatacak halimiz yok. Biz birbirimizi biliyoruz. Ben sizin derdiniz ile dertlenmeye talibim\u201d dedi.<\/p>\n<p>\u201cZeytinburnu \u0130stanbul\u2019un en temiz il\u00e7elerinden bir tanesi\u201d<\/p>\n<p>Ar\u0131soy, \u201cAK Parti belediyecilik konusunda zaten hepimizin bildi\u011fi \u00fczere ba\u015fkalar\u0131yla k\u0131yaslanmayacak \u00f6l\u00e7\u00fcde \u00f6nde bir partidir. Bu zamana kadar 20 y\u0131lda Zeytinburnu\u2019nu nereden nereye getirdi\u011fimizi hepiniz biliyorsunuz. Hepimiz ya\u015fad\u0131k. Altyap\u0131s\u0131 olmayan, soka\u011f\u0131nda ayd\u0131nlatmas\u0131 olmayan, soka\u011f\u0131na s\u00fcp\u00fcrgeci girmeyen, \u00e7\u00f6p toplamas\u0131 birinci derecede sorun olan bir il\u00e7eydi. \u015eimdi Allah\u2019a \u00e7ok \u015f\u00fck\u00fcr Zeytinburnu \u0130stanbul\u2019un en temiz il\u00e7elerinden bir tanesi. Sokaklar\u0131 \u00e7\u00f6p toplamay\u0131 b\u0131rak\u0131n\u0131z, s\u00fcp\u00fcrgeci hatta yaz\u0131n deterjanl\u0131 suyla sokaklar\u0131 y\u0131kamaya ba\u015flad\u0131k. Cami temizli\u011fi ilk defa Zeytinburnu\u2019nda ba\u015flad\u0131. P\u0131r\u0131l p\u0131r\u0131l camilerimiz var Allah\u2019a \u00e7ok \u015f\u00fck\u00fcr\u201d dedi.<\/p>\n<p>Diyarbak\u0131r \u00c7ermik \u00c7\u00fcng\u00fc\u015f \u0130l\u00e7esi \u00c7evre K\u00f6yleri Sosyal Yard\u0131mla\u015fma ve Dayan\u0131\u015fma Derne\u011fi\u2019ne ziyarette bulunan Ar\u0131soy, merhum Halil Y\u0131ld\u0131zhan\u2019\u0131n taziyesine kat\u0131l\u0131p ba\u015fsa\u011fl\u0131\u011f\u0131 diledi.<\/p>\n<p>Son olarak Arde\u015fen Pirin\u00e7lik Spor Kulub\u00fc\u2019n\u00fcn \u00c7\u0131rp\u0131c\u0131 1453 Sosyal Tesisleri\u2019nde d\u00fczenledi\u011fi programa kat\u0131larak bir selamlama konu\u015fmas\u0131 ger\u00e7ekle\u015ftirdi. Arde\u015fen Belediye Ba\u015fkan\u0131 Hakan G\u00fcltekin ile sohbet eden Ar\u0131soy, Zeytinburnu\u2019nda oturan Arde\u015fenli vatanda\u015flardan dua ve destek istedi.<div class=\"tiled-gallery type-rectangular tiled-gallery-unresized\" data-original-width=\"500\" data-carousel-extra='null' itemscope itemtype=\"http:\/\/schema.org\/ImageGallery\" > <div class=\"gallery-row\" style=\"width: 500px; height: 224px;\" data-original-width=\"500\" data-original-height=\"224\" > <div class=\"gallery-group images-1\" style=\"width: 334px; height: 224px;\" data-original-width=\"334\" data-original-height=\"224\" > <div class=\"tiled-gallery-item tiled-gallery-item-large\" itemprop=\"associatedMedia\" itemscope itemtype=\"http:\/\/schema.org\/ImageObject\"> <a href=\"http:\/\/www.tvturk.com\/index.php\/arisoy-zeytinburnunun-20-yildaki-degisimini-anlatti\/arisoy-zeytinburnunun-20-yildaki-degisimini-anlatti-3\/\" border=\"0\" itemprop=\"url\"> <meta itemprop=\"width\" content=\"330\"> <meta itemprop=\"height\" content=\"220\"> <img decoding=\"async\" class=\"\" data-attachment-id=\"20012\" data-orig-file=\"http:\/\/www.tvturk.com\/wp-content\/uploads\/2019\/02\/arisoy-zeytinburnunun-20-yildaki-degisimini-anlatti_8040da2.jpg\" data-orig-size=\"1000,666\" data-comments-opened=\"\" data-image-meta=\"{&quot;aperture&quot;:&quot;0&quot;,&quot;credit&quot;:&quot;IHA&quot;,&quot;camera&quot;:&quot;&quot;,&quot;caption&quot;:&quot;HAYAL\\u0130NDEK\\u0130 ZEYT\\u0130NBURNU\\u2019NU VE PROJELER\\u0130N\\u0130 ANLATMAK \\u0130\\u00c7\\u0130N YOLA \\u00c7IKAN AK PART\\u0130 ZEYT\\u0130NBURNU BELED\\u0130YE BA\\u015eKAN ADAYI \\u00d6MER ARISOY, S\\u0130V\\u0130L TOPLUM KURULU\\u015eU Z\\u0130YARETLER\\u0130NE HIZ KESMEDEN DEVAM ED\\u0130YOR. (CANER S\\u00d6NMEZ - MURAT KEMA\\u015e\\\/\\u0130STANBUL-\\u0130HA)&quot;,&quot;created_timestamp&quot;:&quot;0&quot;,&quot;copyright&quot;:&quot;\\u0130HLAS HABER AJANSI, www.iha.com.tr&quot;,&quot;focal_length&quot;:&quot;0&quot;,&quot;iso&quot;:&quot;0&quot;,&quot;shutter_speed&quot;:&quot;0&quot;,&quot;title&quot;:&quot;ARISOY, ZEYT\\u0130NBURNU\\u2019NUN 20 YILDAK\\u0130 DE\\u011e\\u0130\\u015e\\u0130M\\u0130N\\u0130 ANLATTI&quot;,&quot;orientation&quot;:&quot;0&quot;}\" data-image-title=\"Ar\u0131soy, Zeytinburnu\u2019nun 20 y\u0131ldaki de\u011fi\u015fimini anlatt\u0131\" data-image-description=\"&lt;p&gt;Ar\u0131soy, Zeytinburnu\u2019nun 20 y\u0131ldaki de\u011fi\u015fimini anlatt\u0131&lt;\/p&gt; \" data-medium-file=\"https:\/\/i0.wp.com\/www.tvturk.com\/wp-content\/uploads\/2019\/02\/arisoy-zeytinburnunun-20-yildaki-degisimini-anlatti_8040da2.jpg?fit=300%2C200\" data-large-file=\"https:\/\/i0.wp.com\/www.tvturk.com\/wp-content\/uploads\/2019\/02\/arisoy-zeytinburnunun-20-yildaki-degisimini-anlatti_8040da2.jpg?fit=1000%2C666\" src=\"https:\/\/i0.wp.com\/www.tvturk.com\/wp-content\/uploads\/2019\/02\/arisoy-zeytinburnunun-20-yildaki-degisimini-anlatti_8040da2.jpg?w=330&#038;h=220\" srcset=\"https:\/\/i0.wp.com\/www.tvturk.com\/wp-content\/uploads\/2019\/02\/arisoy-zeytinburnunun-20-yildaki-degisimini-anlatti_8040da2.jpg?w=1000 1000w, https:\/\/i0.wp.com\/www.tvturk.com\/wp-content\/uploads\/2019\/02\/arisoy-zeytinburnunun-20-yildaki-degisimini-anlatti_8040da2.jpg?resize=150%2C100 150w, https:\/\/i0.wp.com\/www.tvturk.com\/wp-content\/uploads\/2019\/02\/arisoy-zeytinburnunun-20-yildaki-degisimini-anlatti_8040da2.jpg?resize=300%2C200 300w, https:\/\/i0.wp.com\/www.tvturk.com\/wp-content\/uploads\/2019\/02\/arisoy-zeytinburnunun-20-yildaki-degisimini-anlatti_8040da2.jpg?resize=768%2C511 768w, https:\/\/i0.wp.com\/www.tvturk.com\/wp-content\/uploads\/2019\/02\/arisoy-zeytinburnunun-20-yildaki-degisimini-anlatti_8040da2.jpg?resize=170%2C113 170w, https:\/\/i0.wp.com\/www.tvturk.com\/wp-content\/uploads\/2019\/02\/arisoy-zeytinburnunun-20-yildaki-degisimini-anlatti_8040da2.jpg?resize=120%2C80 120w\" width=\"330\" height=\"220\" loading=\"lazy\" data-original-width=\"330\" data-original-height=\"220\" itemprop=\"http:\/\/schema.org\/image\" title=\"Ar\u0131soy, Zeytinburnu\u2019nun 20 y\u0131ldaki de\u011fi\u015fimini anlatt\u0131\" alt=\"Ar\u0131soy, Zeytinburnu\u2019nun 20 y\u0131ldaki de\u011fi\u015fimini anlatt\u0131\" style=\"width: 330px; height: 220px;\" \/> <\/a> <\/div> <\/div> <!-- close group --> <div class=\"gallery-group images-2\" style=\"width: 166px; height: 224px;\" data-original-width=\"166\" data-original-height=\"224\" > <div class=\"tiled-gallery-item tiled-gallery-item-small\" itemprop=\"associatedMedia\" itemscope itemtype=\"http:\/\/schema.org\/ImageObject\"> <a href=\"http:\/\/www.tvturk.com\/index.php\/arisoy-zeytinburnunun-20-yildaki-degisimini-anlatti\/arisoy-zeytinburnunun-20-yildaki-degisimini-anlatti-4\/\" border=\"0\" itemprop=\"url\"> <meta itemprop=\"width\" content=\"162\"> <meta itemprop=\"height\" content=\"108\"> <img decoding=\"async\" class=\"\" data-attachment-id=\"20013\" data-orig-file=\"http:\/\/www.tvturk.com\/wp-content\/uploads\/2019\/02\/arisoy-zeytinburnunun-20-yildaki-degisimini-anlatti_11883d2.jpg\" data-orig-size=\"1000,666\" data-comments-opened=\"\" data-image-meta=\"{&quot;aperture&quot;:&quot;0&quot;,&quot;credit&quot;:&quot;IHA&quot;,&quot;camera&quot;:&quot;&quot;,&quot;caption&quot;:&quot;HAYAL\\u0130NDEK\\u0130 ZEYT\\u0130NBURNU\\u2019NU VE PROJELER\\u0130N\\u0130 ANLATMAK \\u0130\\u00c7\\u0130N YOLA \\u00c7IKAN AK PART\\u0130 ZEYT\\u0130NBURNU BELED\\u0130YE BA\\u015eKAN ADAYI \\u00d6MER ARISOY, S\\u0130V\\u0130L TOPLUM KURULU\\u015eU Z\\u0130YARETLER\\u0130NE HIZ KESMEDEN DEVAM ED\\u0130YOR. (CANER S\\u00d6NMEZ - MURAT KEMA\\u015e\\\/\\u0130STANBUL-\\u0130HA)&quot;,&quot;created_timestamp&quot;:&quot;0&quot;,&quot;copyright&quot;:&quot;\\u0130HLAS HABER AJANSI, www.iha.com.tr&quot;,&quot;focal_length&quot;:&quot;0&quot;,&quot;iso&quot;:&quot;0&quot;,&quot;shutter_speed&quot;:&quot;0&quot;,&quot;title&quot;:&quot;ARISOY, ZEYT\\u0130NBURNU\\u2019NUN 20 YILDAK\\u0130 DE\\u011e\\u0130\\u015e\\u0130M\\u0130N\\u0130 ANLATTI&quot;,&quot;orientation&quot;:&quot;0&quot;}\" data-image-title=\"Ar\u0131soy, Zeytinburnu\u2019nun 20 y\u0131ldaki de\u011fi\u015fimini anlatt\u0131\" data-image-description=\"&lt;p&gt;Ar\u0131soy, Zeytinburnu\u2019nun 20 y\u0131ldaki de\u011fi\u015fimini anlatt\u0131&lt;\/p&gt; \" data-medium-file=\"https:\/\/i0.wp.com\/www.tvturk.com\/wp-content\/uploads\/2019\/02\/arisoy-zeytinburnunun-20-yildaki-degisimini-anlatti_11883d2.jpg?fit=300%2C200\" data-large-file=\"https:\/\/i0.wp.com\/www.tvturk.com\/wp-content\/uploads\/2019\/02\/arisoy-zeytinburnunun-20-yildaki-degisimini-anlatti_11883d2.jpg?fit=1000%2C666\" src=\"https:\/\/i0.wp.com\/www.tvturk.com\/wp-content\/uploads\/2019\/02\/arisoy-zeytinburnunun-20-yildaki-degisimini-anlatti_11883d2.jpg?w=162&#038;h=108\" srcset=\"https:\/\/i0.wp.com\/www.tvturk.com\/wp-content\/uploads\/2019\/02\/arisoy-zeytinburnunun-20-yildaki-degisimini-anlatti_11883d2.jpg?w=1000 1000w, https:\/\/i0.wp.com\/www.tvturk.com\/wp-content\/uploads\/2019\/02\/arisoy-zeytinburnunun-20-yildaki-degisimini-anlatti_11883d2.jpg?resize=150%2C100 150w, https:\/\/i0.wp.com\/www.tvturk.com\/wp-content\/uploads\/2019\/02\/arisoy-zeytinburnunun-20-yildaki-degisimini-anlatti_11883d2.jpg?resize=300%2C200 300w, https:\/\/i0.wp.com\/www.tvturk.com\/wp-content\/uploads\/2019\/02\/arisoy-zeytinburnunun-20-yildaki-degisimini-anlatti_11883d2.jpg?resize=768%2C511 768w, https:\/\/i0.wp.com\/www.tvturk.com\/wp-content\/uploads\/2019\/02\/arisoy-zeytinburnunun-20-yildaki-degisimini-anlatti_11883d2.jpg?resize=170%2C113 170w, https:\/\/i0.wp.com\/www.tvturk.com\/wp-content\/uploads\/2019\/02\/arisoy-zeytinburnunun-20-yildaki-degisimini-anlatti_11883d2.jpg?resize=120%2C80 120w\" width=\"162\" height=\"108\" loading=\"lazy\" data-original-width=\"162\" data-original-height=\"108\" itemprop=\"http:\/\/schema.org\/image\" title=\"Ar\u0131soy, Zeytinburnu\u2019nun 20 y\u0131ldaki de\u011fi\u015fimini anlatt\u0131\" alt=\"Ar\u0131soy, Zeytinburnu\u2019nun 20 y\u0131ldaki de\u011fi\u015fimini anlatt\u0131\" style=\"width: 162px; height: 108px;\" \/> <\/a> <\/div> <div class=\"tiled-gallery-item tiled-gallery-item-small\" itemprop=\"associatedMedia\" itemscope itemtype=\"http:\/\/schema.org\/ImageObject\"> <a href=\"http:\/\/www.tvturk.com\/index.php\/arisoy-zeytinburnunun-20-yildaki-degisimini-anlatti\/arisoy-zeytinburnunun-20-yildaki-degisimini-anlatti-5\/\" border=\"0\" itemprop=\"url\"> <meta itemprop=\"width\" content=\"162\"> <meta itemprop=\"height\" content=\"108\"> <img decoding=\"async\" class=\"\" data-attachment-id=\"20014\" data-orig-file=\"http:\/\/www.tvturk.com\/wp-content\/uploads\/2019\/02\/arisoy-zeytinburnunun-20-yildaki-degisimini-anlatti_06da966.jpg\" data-orig-size=\"1000,666\" data-comments-opened=\"\" data-image-meta=\"{&quot;aperture&quot;:&quot;0&quot;,&quot;credit&quot;:&quot;IHA&quot;,&quot;camera&quot;:&quot;&quot;,&quot;caption&quot;:&quot;HAYAL\\u0130NDEK\\u0130 ZEYT\\u0130NBURNU\\u2019NU VE PROJELER\\u0130N\\u0130 ANLATMAK \\u0130\\u00c7\\u0130N YOLA \\u00c7IKAN AK PART\\u0130 ZEYT\\u0130NBURNU BELED\\u0130YE BA\\u015eKAN ADAYI \\u00d6MER ARISOY, S\\u0130V\\u0130L TOPLUM KURULU\\u015eU Z\\u0130YARETLER\\u0130NE HIZ KESMEDEN DEVAM ED\\u0130YOR. (CANER S\\u00d6NMEZ - MURAT KEMA\\u015e\\\/\\u0130STANBUL-\\u0130HA)&quot;,&quot;created_timestamp&quot;:&quot;0&quot;,&quot;copyright&quot;:&quot;\\u0130HLAS HABER AJANSI, www.iha.com.tr&quot;,&quot;focal_length&quot;:&quot;0&quot;,&quot;iso&quot;:&quot;0&quot;,&quot;shutter_speed&quot;:&quot;0&quot;,&quot;title&quot;:&quot;ARISOY, ZEYT\\u0130NBURNU\\u2019NUN 20 YILDAK\\u0130 DE\\u011e\\u0130\\u015e\\u0130M\\u0130N\\u0130 ANLATTI&quot;,&quot;orientation&quot;:&quot;0&quot;}\" data-image-title=\"Ar\u0131soy, Zeytinburnu\u2019nun 20 y\u0131ldaki de\u011fi\u015fimini anlatt\u0131\" data-image-description=\"&lt;p&gt;Ar\u0131soy, Zeytinburnu\u2019nun 20 y\u0131ldaki de\u011fi\u015fimini anlatt\u0131&lt;\/p&gt; \" data-medium-file=\"https:\/\/i0.wp.com\/www.tvturk.com\/wp-content\/uploads\/2019\/02\/arisoy-zeytinburnunun-20-yildaki-degisimini-anlatti_06da966.jpg?fit=300%2C200\" data-large-file=\"https:\/\/i0.wp.com\/www.tvturk.com\/wp-content\/uploads\/2019\/02\/arisoy-zeytinburnunun-20-yildaki-degisimini-anlatti_06da966.jpg?fit=1000%2C666\" src=\"https:\/\/i0.wp.com\/www.tvturk.com\/wp-content\/uploads\/2019\/02\/arisoy-zeytinburnunun-20-yildaki-degisimini-anlatti_06da966.jpg?w=162&#038;h=108\" srcset=\"https:\/\/i0.wp.com\/www.tvturk.com\/wp-content\/uploads\/2019\/02\/arisoy-zeytinburnunun-20-yildaki-degisimini-anlatti_06da966.jpg?w=1000 1000w, https:\/\/i0.wp.com\/www.tvturk.com\/wp-content\/uploads\/2019\/02\/arisoy-zeytinburnunun-20-yildaki-degisimini-anlatti_06da966.jpg?resize=150%2C100 150w, https:\/\/i0.wp.com\/www.tvturk.com\/wp-content\/uploads\/2019\/02\/arisoy-zeytinburnunun-20-yildaki-degisimini-anlatti_06da966.jpg?resize=300%2C200 300w, https:\/\/i0.wp.com\/www.tvturk.com\/wp-content\/uploads\/2019\/02\/arisoy-zeytinburnunun-20-yildaki-degisimini-anlatti_06da966.jpg?resize=768%2C511 768w, https:\/\/i0.wp.com\/www.tvturk.com\/wp-content\/uploads\/2019\/02\/arisoy-zeytinburnunun-20-yildaki-degisimini-anlatti_06da966.jpg?resize=170%2C113 170w, https:\/\/i0.wp.com\/www.tvturk.com\/wp-content\/uploads\/2019\/02\/arisoy-zeytinburnunun-20-yildaki-degisimini-anlatti_06da966.jpg?resize=120%2C80 120w\" width=\"162\" height=\"108\" loading=\"lazy\" data-original-width=\"162\" data-original-height=\"108\" itemprop=\"http:\/\/schema.org\/image\" title=\"Ar\u0131soy, Zeytinburnu\u2019nun 20 y\u0131ldaki de\u011fi\u015fimini anlatt\u0131\" alt=\"Ar\u0131soy, Zeytinburnu\u2019nun 20 y\u0131ldaki de\u011fi\u015fimini anlatt\u0131\" style=\"width: 162px; height: 108px;\" \/> <\/a> <\/div> <\/div> <!-- close group --> <\/div> <!-- close row --> <div class=\"gallery-row\" style=\"width: 500px; height: 112px;\" data-original-width=\"500\" data-original-height=\"112\" > <div class=\"gallery-group images-1\" style=\"width: 167px; height: 112px;\" data-original-width=\"167\" data-original-height=\"112\" > <div class=\"tiled-gallery-item tiled-gallery-item-small\" itemprop=\"associatedMedia\" itemscope itemtype=\"http:\/\/schema.org\/ImageObject\"> <a href=\"http:\/\/www.tvturk.com\/index.php\/arisoy-zeytinburnunun-20-yildaki-degisimini-anlatti\/arisoy-zeytinburnunun-20-yildaki-degisimini-anlatti-6\/\" border=\"0\" itemprop=\"url\"> <meta itemprop=\"width\" content=\"163\"> <meta itemprop=\"height\" content=\"108\"> <img decoding=\"async\" class=\"\" data-attachment-id=\"20015\" data-orig-file=\"http:\/\/www.tvturk.com\/wp-content\/uploads\/2019\/02\/arisoy-zeytinburnunun-20-yildaki-degisimini-anlatti_fb873ea.jpg\" data-orig-size=\"1000,666\" data-comments-opened=\"\" data-image-meta=\"{&quot;aperture&quot;:&quot;0&quot;,&quot;credit&quot;:&quot;IHA&quot;,&quot;camera&quot;:&quot;&quot;,&quot;caption&quot;:&quot;HAYAL\\u0130NDEK\\u0130 ZEYT\\u0130NBURNU\\u2019NU VE PROJELER\\u0130N\\u0130 ANLATMAK \\u0130\\u00c7\\u0130N YOLA \\u00c7IKAN AK PART\\u0130 ZEYT\\u0130NBURNU BELED\\u0130YE BA\\u015eKAN ADAYI \\u00d6MER ARISOY, S\\u0130V\\u0130L TOPLUM KURULU\\u015eU Z\\u0130YARETLER\\u0130NE HIZ KESMEDEN DEVAM ED\\u0130YOR. (CANER S\\u00d6NMEZ - MURAT KEMA\\u015e\\\/\\u0130STANBUL-\\u0130HA)&quot;,&quot;created_timestamp&quot;:&quot;0&quot;,&quot;copyright&quot;:&quot;\\u0130HLAS HABER AJANSI, www.iha.com.tr&quot;,&quot;focal_length&quot;:&quot;0&quot;,&quot;iso&quot;:&quot;0&quot;,&quot;shutter_speed&quot;:&quot;0&quot;,&quot;title&quot;:&quot;ARISOY, ZEYT\\u0130NBURNU\\u2019NUN 20 YILDAK\\u0130 DE\\u011e\\u0130\\u015e\\u0130M\\u0130N\\u0130 ANLATTI&quot;,&quot;orientation&quot;:&quot;0&quot;}\" data-image-title=\"Ar\u0131soy, Zeytinburnu\u2019nun 20 y\u0131ldaki de\u011fi\u015fimini anlatt\u0131\" data-image-description=\"&lt;p&gt;Ar\u0131soy, Zeytinburnu\u2019nun 20 y\u0131ldaki de\u011fi\u015fimini anlatt\u0131&lt;\/p&gt; \" data-medium-file=\"https:\/\/i0.wp.com\/www.tvturk.com\/wp-content\/uploads\/2019\/02\/arisoy-zeytinburnunun-20-yildaki-degisimini-anlatti_fb873ea.jpg?fit=300%2C200\" data-large-file=\"https:\/\/i0.wp.com\/www.tvturk.com\/wp-content\/uploads\/2019\/02\/arisoy-zeytinburnunun-20-yildaki-degisimini-anlatti_fb873ea.jpg?fit=1000%2C666\" src=\"https:\/\/i0.wp.com\/www.tvturk.com\/wp-content\/uploads\/2019\/02\/arisoy-zeytinburnunun-20-yildaki-degisimini-anlatti_fb873ea.jpg?w=163&#038;h=108\" srcset=\"https:\/\/i0.wp.com\/www.tvturk.com\/wp-content\/uploads\/2019\/02\/arisoy-zeytinburnunun-20-yildaki-degisimini-anlatti_fb873ea.jpg?w=1000 1000w, https:\/\/i0.wp.com\/www.tvturk.com\/wp-content\/uploads\/2019\/02\/arisoy-zeytinburnunun-20-yildaki-degisimini-anlatti_fb873ea.jpg?resize=150%2C100 150w, https:\/\/i0.wp.com\/www.tvturk.com\/wp-content\/uploads\/2019\/02\/arisoy-zeytinburnunun-20-yildaki-degisimini-anlatti_fb873ea.jpg?resize=300%2C200 300w, https:\/\/i0.wp.com\/www.tvturk.com\/wp-content\/uploads\/2019\/02\/arisoy-zeytinburnunun-20-yildaki-degisimini-anlatti_fb873ea.jpg?resize=768%2C511 768w, https:\/\/i0.wp.com\/www.tvturk.com\/wp-content\/uploads\/2019\/02\/arisoy-zeytinburnunun-20-yildaki-degisimini-anlatti_fb873ea.jpg?resize=170%2C113 170w, https:\/\/i0.wp.com\/www.tvturk.com\/wp-content\/uploads\/2019\/02\/arisoy-zeytinburnunun-20-yildaki-degisimini-anlatti_fb873ea.jpg?resize=120%2C80 120w\" width=\"163\" height=\"108\" loading=\"lazy\" data-original-width=\"163\" data-original-height=\"108\" itemprop=\"http:\/\/schema.org\/image\" title=\"Ar\u0131soy, Zeytinburnu\u2019nun 20 y\u0131ldaki de\u011fi\u015fimini anlatt\u0131\" alt=\"Ar\u0131soy, Zeytinburnu\u2019nun 20 y\u0131ldaki de\u011fi\u015fimini anlatt\u0131\" style=\"width: 163px; height: 108px;\" \/> <\/a> <\/div> <\/div> <!-- close group --> <div class=\"gallery-group images-1\" style=\"width: 167px; height: 112px;\" data-original-width=\"167\" data-original-height=\"112\" > <div class=\"tiled-gallery-item tiled-gallery-item-small\" itemprop=\"associatedMedia\" itemscope itemtype=\"http:\/\/schema.org\/ImageObject\"> <a href=\"http:\/\/www.tvturk.com\/index.php\/arisoy-zeytinburnunun-20-yildaki-degisimini-anlatti\/arisoy-zeytinburnunun-20-yildaki-degisimini-anlatti-7\/\" border=\"0\" itemprop=\"url\"> <meta itemprop=\"width\" content=\"163\"> <meta itemprop=\"height\" content=\"108\"> <img decoding=\"async\" class=\"\" data-attachment-id=\"20016\" data-orig-file=\"http:\/\/www.tvturk.com\/wp-content\/uploads\/2019\/02\/arisoy-zeytinburnunun-20-yildaki-degisimini-anlatti_957f297.jpg\" data-orig-size=\"1000,666\" data-comments-opened=\"\" data-image-meta=\"{&quot;aperture&quot;:&quot;0&quot;,&quot;credit&quot;:&quot;IHA&quot;,&quot;camera&quot;:&quot;&quot;,&quot;caption&quot;:&quot;HAYAL\\u0130NDEK\\u0130 ZEYT\\u0130NBURNU\\u2019NU VE PROJELER\\u0130N\\u0130 ANLATMAK \\u0130\\u00c7\\u0130N YOLA \\u00c7IKAN AK PART\\u0130 ZEYT\\u0130NBURNU BELED\\u0130YE BA\\u015eKAN ADAYI \\u00d6MER ARISOY, S\\u0130V\\u0130L TOPLUM KURULU\\u015eU Z\\u0130YARETLER\\u0130NE HIZ KESMEDEN DEVAM ED\\u0130YOR. (CANER S\\u00d6NMEZ - MURAT KEMA\\u015e\\\/\\u0130STANBUL-\\u0130HA)&quot;,&quot;created_timestamp&quot;:&quot;0&quot;,&quot;copyright&quot;:&quot;\\u0130HLAS HABER AJANSI, www.iha.com.tr&quot;,&quot;focal_length&quot;:&quot;0&quot;,&quot;iso&quot;:&quot;0&quot;,&quot;shutter_speed&quot;:&quot;0&quot;,&quot;title&quot;:&quot;ARISOY, ZEYT\\u0130NBURNU\\u2019NUN 20 YILDAK\\u0130 DE\\u011e\\u0130\\u015e\\u0130M\\u0130N\\u0130 ANLATTI&quot;,&quot;orientation&quot;:&quot;0&quot;}\" data-image-title=\"Ar\u0131soy, Zeytinburnu\u2019nun 20 y\u0131ldaki de\u011fi\u015fimini anlatt\u0131\" data-image-description=\"&lt;p&gt;Ar\u0131soy, Zeytinburnu\u2019nun 20 y\u0131ldaki de\u011fi\u015fimini anlatt\u0131&lt;\/p&gt; \" data-medium-file=\"https:\/\/i0.wp.com\/www.tvturk.com\/wp-content\/uploads\/2019\/02\/arisoy-zeytinburnunun-20-yildaki-degisimini-anlatti_957f297.jpg?fit=300%2C200\" data-large-file=\"https:\/\/i0.wp.com\/www.tvturk.com\/wp-content\/uploads\/2019\/02\/arisoy-zeytinburnunun-20-yildaki-degisimini-anlatti_957f297.jpg?fit=1000%2C666\" src=\"https:\/\/i0.wp.com\/www.tvturk.com\/wp-content\/uploads\/2019\/02\/arisoy-zeytinburnunun-20-yildaki-degisimini-anlatti_957f297.jpg?w=163&#038;h=108\" srcset=\"https:\/\/i0.wp.com\/www.tvturk.com\/wp-content\/uploads\/2019\/02\/arisoy-zeytinburnunun-20-yildaki-degisimini-anlatti_957f297.jpg?w=1000 1000w, https:\/\/i0.wp.com\/www.tvturk.com\/wp-content\/uploads\/2019\/02\/arisoy-zeytinburnunun-20-yildaki-degisimini-anlatti_957f297.jpg?resize=150%2C100 150w, https:\/\/i0.wp.com\/www.tvturk.com\/wp-content\/uploads\/2019\/02\/arisoy-zeytinburnunun-20-yildaki-degisimini-anlatti_957f297.jpg?resize=300%2C200 300w, https:\/\/i0.wp.com\/www.tvturk.com\/wp-content\/uploads\/2019\/02\/arisoy-zeytinburnunun-20-yildaki-degisimini-anlatti_957f297.jpg?resize=768%2C511 768w, https:\/\/i0.wp.com\/www.tvturk.com\/wp-content\/uploads\/2019\/02\/arisoy-zeytinburnunun-20-yildaki-degisimini-anlatti_957f297.jpg?resize=170%2C113 170w, https:\/\/i0.wp.com\/www.tvturk.com\/wp-content\/uploads\/2019\/02\/arisoy-zeytinburnunun-20-yildaki-degisimini-anlatti_957f297.jpg?resize=120%2C80 120w\" width=\"163\" height=\"108\" loading=\"lazy\" data-original-width=\"163\" data-original-height=\"108\" itemprop=\"http:\/\/schema.org\/image\" title=\"Ar\u0131soy, Zeytinburnu\u2019nun 20 y\u0131ldaki de\u011fi\u015fimini anlatt\u0131\" alt=\"Ar\u0131soy, Zeytinburnu\u2019nun 20 y\u0131ldaki de\u011fi\u015fimini anlatt\u0131\" style=\"width: 163px; height: 108px;\" \/> <\/a> <\/div> <\/div> <!-- close group --> <div class=\"gallery-group images-1\" style=\"width: 166px; height: 112px;\" data-original-width=\"166\" data-original-height=\"112\" > <div class=\"tiled-gallery-item tiled-gallery-item-small\" itemprop=\"associatedMedia\" itemscope itemtype=\"http:\/\/schema.org\/ImageObject\"> <a href=\"http:\/\/www.tvturk.com\/index.php\/arisoy-zeytinburnunun-20-yildaki-degisimini-anlatti\/arisoy-zeytinburnunun-20-yildaki-degisimini-anlatti-8\/\" border=\"0\" itemprop=\"url\"> <meta itemprop=\"width\" content=\"162\"> <meta itemprop=\"height\" content=\"108\"> <img decoding=\"async\" class=\"\" data-attachment-id=\"20017\" data-orig-file=\"http:\/\/www.tvturk.com\/wp-content\/uploads\/2019\/02\/arisoy-zeytinburnunun-20-yildaki-degisimini-anlatti_9411d64.jpg\" data-orig-size=\"1000,666\" data-comments-opened=\"\" data-image-meta=\"{&quot;aperture&quot;:&quot;0&quot;,&quot;credit&quot;:&quot;IHA&quot;,&quot;camera&quot;:&quot;&quot;,&quot;caption&quot;:&quot;HAYAL\\u0130NDEK\\u0130 ZEYT\\u0130NBURNU\\u2019NU VE PROJELER\\u0130N\\u0130 ANLATMAK \\u0130\\u00c7\\u0130N YOLA \\u00c7IKAN AK PART\\u0130 ZEYT\\u0130NBURNU BELED\\u0130YE BA\\u015eKAN ADAYI \\u00d6MER ARISOY, S\\u0130V\\u0130L TOPLUM KURULU\\u015eU Z\\u0130YARETLER\\u0130NE HIZ KESMEDEN DEVAM ED\\u0130YOR. (CANER S\\u00d6NMEZ - MURAT KEMA\\u015e\\\/\\u0130STANBUL-\\u0130HA)&quot;,&quot;created_timestamp&quot;:&quot;0&quot;,&quot;copyright&quot;:&quot;\\u0130HLAS HABER AJANSI, www.iha.com.tr&quot;,&quot;focal_length&quot;:&quot;0&quot;,&quot;iso&quot;:&quot;0&quot;,&quot;shutter_speed&quot;:&quot;0&quot;,&quot;title&quot;:&quot;ARISOY, ZEYT\\u0130NBURNU\\u2019NUN 20 YILDAK\\u0130 DE\\u011e\\u0130\\u015e\\u0130M\\u0130N\\u0130 ANLATTI&quot;,&quot;orientation&quot;:&quot;0&quot;}\" data-image-title=\"Ar\u0131soy, Zeytinburnu\u2019nun 20 y\u0131ldaki de\u011fi\u015fimini anlatt\u0131\" data-image-description=\"&lt;p&gt;Ar\u0131soy, Zeytinburnu\u2019nun 20 y\u0131ldaki de\u011fi\u015fimini anlatt\u0131&lt;\/p&gt; \" data-medium-file=\"https:\/\/i0.wp.com\/www.tvturk.com\/wp-content\/uploads\/2019\/02\/arisoy-zeytinburnunun-20-yildaki-degisimini-anlatti_9411d64.jpg?fit=300%2C200\" data-large-file=\"https:\/\/i0.wp.com\/www.tvturk.com\/wp-content\/uploads\/2019\/02\/arisoy-zeytinburnunun-20-yildaki-degisimini-anlatti_9411d64.jpg?fit=1000%2C666\" src=\"https:\/\/i0.wp.com\/www.tvturk.com\/wp-content\/uploads\/2019\/02\/arisoy-zeytinburnunun-20-yildaki-degisimini-anlatti_9411d64.jpg?w=162&#038;h=108\" srcset=\"https:\/\/i0.wp.com\/www.tvturk.com\/wp-content\/uploads\/2019\/02\/arisoy-zeytinburnunun-20-yildaki-degisimini-anlatti_9411d64.jpg?w=1000 1000w, https:\/\/i0.wp.com\/www.tvturk.com\/wp-content\/uploads\/2019\/02\/arisoy-zeytinburnunun-20-yildaki-degisimini-anlatti_9411d64.jpg?resize=150%2C100 150w, https:\/\/i0.wp.com\/www.tvturk.com\/wp-content\/uploads\/2019\/02\/arisoy-zeytinburnunun-20-yildaki-degisimini-anlatti_9411d64.jpg?resize=300%2C200 300w, https:\/\/i0.wp.com\/www.tvturk.com\/wp-content\/uploads\/2019\/02\/arisoy-zeytinburnunun-20-yildaki-degisimini-anlatti_9411d64.jpg?resize=768%2C511 768w, https:\/\/i0.wp.com\/www.tvturk.com\/wp-content\/uploads\/2019\/02\/arisoy-zeytinburnunun-20-yildaki-degisimini-anlatti_9411d64.jpg?resize=170%2C113 170w, https:\/\/i0.wp.com\/www.tvturk.com\/wp-content\/uploads\/2019\/02\/arisoy-zeytinburnunun-20-yildaki-degisimini-anlatti_9411d64.jpg?resize=120%2C80 120w\" width=\"162\" height=\"108\" loading=\"lazy\" data-original-width=\"162\" data-original-height=\"108\" itemprop=\"http:\/\/schema.org\/image\" title=\"Ar\u0131soy, Zeytinburnu\u2019nun 20 y\u0131ldaki de\u011fi\u015fimini anlatt\u0131\" alt=\"Ar\u0131soy, Zeytinburnu\u2019nun 20 y\u0131ldaki de\u011fi\u015fimini anlatt\u0131\" style=\"width: 162px; height: 108px;\" \/> <\/a> <\/div> <\/div> <!-- close group --> <\/div> <!-- close row --> <\/div><\/p>\n","protected":false},"excerpt":{"rendered":"<p>HAYAL\u0130NDEK\u0130 ZEYT\u0130NBURNU\u2019NU VE PROJELER\u0130N\u0130 ANLATMAK \u0130\u00c7\u0130N YOLA \u00c7IKAN AK PART\u0130 ZEYT\u0130NBURNU BELED\u0130YE BA\u015eKAN ADAYI \u00d6MER ARISOY, S\u0130V\u0130L TOPLUM KURULU\u015eU Z\u0130YARETLER\u0130NE HIZ KESMEDEN DEVAM ED\u0130YOR.<\/p>\n","protected":false},"author":1,"featured_media":20011,"comment_status":"closed","ping_status":"open","sticky":false,"template":"","format":"standard","meta":{"jetpack_post_was_ever_published":false,"_jetpack_newsletter_access":"","_jetpack_dont_email_post_to_subs":false,"_jetpack_newsletter_tier_id":0,"_jetpack_memberships_contains_paywalled_content":false,"_jetpack_memberships_contains_paid_content":false,"footnotes":"","jetpack_publicize_message":"","jetpack_publicize_feature_enabled":true,"jetpack_social_post_already_shared":false,"jetpack_social_options":{"image_generator_settings":{"template":"highway","default_image_id":0,"font":"","enabled":false},"version":2}},"categories":[655],"tags":[356,7011,8810,8809,8808],"class_list":["post-20010","post","type-post","status-publish","format-standard","has-post-thumbnail","hentry","category-son-dakika","tag-anlatti","tag-arisoy","tag-degisimini","tag-yildaki","tag-zeytinburnunun"],"jetpack_publicize_connections":[],"jetpack_featured_media_url":"https:\/\/i0.wp.com\/www.tvturk.com\/wp-content\/uploads\/2019\/02\/arisoy-zeytinburnunun-20-yildaki-degisimini-anlatti_c35e506.jpg?fit=1000%2C666","jetpack_sharing_enabled":true,"jetpack_shortlink":"https:\/\/wp.me\/paKIfm-5cK","_links":{"self":[{"href":"http:\/\/www.tvturk.com\/index.php\/wp-json\/wp\/v2\/posts\/20010","targetHints":{"allow":["GET"]}}],"collection":[{"href":"http:\/\/www.tvturk.com\/index.php\/wp-json\/wp\/v2\/posts"}],"about":[{"href":"http:\/\/www.tvturk.com\/index.php\/wp-json\/wp\/v2\/types\/post"}],"author":[{"embeddable":true,"href":"http:\/\/www.tvturk.com\/index.php\/wp-json\/wp\/v2\/users\/1"}],"replies":[{"embeddable":true,"href":"http:\/\/www.tvturk.com\/index.php\/wp-json\/wp\/v2\/comments?post=20010"}],"version-history":[{"count":1,"href":"http:\/\/www.tvturk.com\/index.php\/wp-json\/wp\/v2\/posts\/20010\/revisions"}],"predecessor-version":[{"id":20018,"href":"http:\/\/www.tvturk.com\/index.php\/wp-json\/wp\/v2\/posts\/20010\/revisions\/20018"}],"wp:featuredmedia":[{"embeddable":true,"href":"http:\/\/www.tvturk.com\/index.php\/wp-json\/wp\/v2\/media\/20011"}],"wp:attachment":[{"href":"http:\/\/www.tvturk.com\/index.php\/wp-json\/wp\/v2\/media?parent=20010"}],"wp:term":[{"taxonomy":"category","embeddable":true,"href":"http:\/\/www.tvturk.com\/index.php\/wp-json\/wp\/v2\/categories?post=20010"},{"taxonomy":"post_tag","embeddable":true,"href":"http:\/\/www.tvturk.com\/index.php\/wp-json\/wp\/v2\/tags?post=20010"}],"curies":[{"name":"wp","href":"https:\/\/api.w.org\/{rel}","templated":true}]}}