{"id":200119,"date":"2019-09-05T13:46:41","date_gmt":"2019-09-05T10:46:41","guid":{"rendered":"http:\/\/www.tvturk.com\/index.php\/dev-traktor-tarim-fuarinin-ilgi-odagi-oldu\/"},"modified":"2019-09-05T13:46:41","modified_gmt":"2019-09-05T10:46:41","slug":"dev-traktor-tarim-fuarinin-ilgi-odagi-oldu","status":"publish","type":"post","link":"http:\/\/www.tvturk.com\/index.php\/dev-traktor-tarim-fuarinin-ilgi-odagi-oldu\/","title":{"rendered":"Dev trakt\u00f6r tar\u0131m fuar\u0131n\u0131n ilgi oda\u011f\u0131 oldu"},"content":{"rendered":"<p>Sivas\u2019ta d\u00fczenlenen 6\u2019\u0131nc\u0131 Tar\u0131m ve Hayvanc\u0131l\u0131k Fuar\u0131nda devasa boyutu ve 750 bin liral\u0131k fiyat\u0131yla dikkat \u00e7eken trakt\u00f6r ilgi oda\u011f\u0131 oldu.<\/p>\n<p>Sivas Kongresinin 100\u2019\u00fcncu y\u0131l d\u00f6n\u00fcm\u00fc etkinlikleri kapsam\u0131nda 6\u2019\u0131nc\u0131s\u0131 d\u00fczenlenen Tar\u0131m ve Hayvanc\u0131l\u0131k Fuar\u0131nda  sergilenen devasa trakt\u00f6r dikkatleri \u00fczerinde toplad\u0131. Fuara gezenler b\u00fcy\u00fckl\u00fc\u011f\u00fc ile dikkat \u00e7eken trakt\u00f6r\u00fcn \u00f6n\u00fcnde foto\u011fraf \u00e7ektirdi.<\/p>\n<p>Firma yetkilisi Salih Sevim,  trakt\u00f6r\u00fcn fiyat\u0131n\u0131 750 bin TL olarak a\u00e7\u0131klay\u0131p, trakt\u00f6re \u00fc\u00e7 m\u00fc\u015fteri \u00e7\u0131kt\u0131\u011f\u0131n\u0131 a\u00e7\u0131klad\u0131. Sevim,&#8221;Trakt\u00f6rde tar\u0131mla ilgili yap\u0131labilecek t\u00fcm donan\u0131mlar mevcuttur. Fuar\u0131nda ilgi oda\u011f\u0131. Arkada\u015flar resim \u00e7ekinmek i\u00e7in geldiler. Fiyat\u0131 750 bin Lira. Normal \u015fartlarda Avrupa da euro ile sat\u0131l\u0131yor ama biz fuarda T\u00fcrk Liras\u0131n\u0131 tercih ediyoruz. Pazarl\u0131kta oldu\u011fumuz 3 ki\u015fi var, g\u00f6r\u00fc\u015fmedeyiz\u201c dedi.<\/p>\n<p>Devasa trakt\u00f6r ile foto\u011fraf \u00e7ekinmek i\u00e7in birbiri ile yar\u0131\u015fan vatanda\u015flar ise trakt\u00f6r\u00fcn boyutu ile kendilerini etkilediklerini s\u00f6yledi.<\/p>\n","protected":false},"excerpt":{"rendered":"<p>S\u0130VAS\u2019TA D\u00dcZENLENEN 6\u2019INCI TARIM VE HAYVANCILIK FUARINDA DEVASA BOYUTU VE 750 B\u0130N L\u0130RALIK F\u0130YATIYLA D\u0130KKAT \u00c7EKEN TRAKT\u00d6R \u0130LG\u0130 ODA\u011eI OLDU.<\/p>\n","protected":false},"author":1,"featured_media":200120,"comment_status":"closed","ping_status":"open","sticky":false,"template":"","format":"standard","meta":{"jetpack_post_was_ever_published":false,"_jetpack_newsletter_access":"","_jetpack_dont_email_post_to_subs":false,"_jetpack_newsletter_tier_id":0,"_jetpack_memberships_contains_paywalled_content":false,"_jetpack_memberships_contains_paid_content":false,"footnotes":"","jetpack_publicize_message":"","jetpack_publicize_feature_enabled":true,"jetpack_social_post_already_shared":true,"jetpack_social_options":{"image_generator_settings":{"template":"highway","default_image_id":0,"font":"","enabled":false},"version":2}},"categories":[1],"tags":[3017,31229,1726,9382,77,2403,475],"class_list":["post-200119","post","type-post","status-publish","format-standard","has-post-thumbnail","hentry","category-genel","tag-dev","tag-fuarinin","tag-ilgi","tag-odagi","tag-oldu","tag-tarim","tag-traktor"],"jetpack_publicize_connections":[],"jetpack_featured_media_url":"https:\/\/i0.wp.com\/www.tvturk.com\/wp-content\/uploads\/2019\/09\/dev-traktor-tarim-fuarinin-ilgi-odagi-oldu_07221af.jpg?fit=1000%2C665","jetpack_sharing_enabled":true,"jetpack_shortlink":"https:\/\/wp.me\/paKIfm-Q3J","_links":{"self":[{"href":"http:\/\/www.tvturk.com\/index.php\/wp-json\/wp\/v2\/posts\/200119","targetHints":{"allow":["GET"]}}],"collection":[{"href":"http:\/\/www.tvturk.com\/index.php\/wp-json\/wp\/v2\/posts"}],"about":[{"href":"http:\/\/www.tvturk.com\/index.php\/wp-json\/wp\/v2\/types\/post"}],"author":[{"embeddable":true,"href":"http:\/\/www.tvturk.com\/index.php\/wp-json\/wp\/v2\/users\/1"}],"replies":[{"embeddable":true,"href":"http:\/\/www.tvturk.com\/index.php\/wp-json\/wp\/v2\/comments?post=200119"}],"version-history":[{"count":0,"href":"http:\/\/www.tvturk.com\/index.php\/wp-json\/wp\/v2\/posts\/200119\/revisions"}],"wp:featuredmedia":[{"embeddable":true,"href":"http:\/\/www.tvturk.com\/index.php\/wp-json\/wp\/v2\/media\/200120"}],"wp:attachment":[{"href":"http:\/\/www.tvturk.com\/index.php\/wp-json\/wp\/v2\/media?parent=200119"}],"wp:term":[{"taxonomy":"category","embeddable":true,"href":"http:\/\/www.tvturk.com\/index.php\/wp-json\/wp\/v2\/categories?post=200119"},{"taxonomy":"post_tag","embeddable":true,"href":"http:\/\/www.tvturk.com\/index.php\/wp-json\/wp\/v2\/tags?post=200119"}],"curies":[{"name":"wp","href":"https:\/\/api.w.org\/{rel}","templated":true}]}}