{"id":200213,"date":"2019-09-05T15:47:39","date_gmt":"2019-09-05T12:47:39","guid":{"rendered":"http:\/\/www.tvturk.com\/index.php\/antrenmanda-sakatlanan-cengiz-under-kadrodan-cikarildi\/"},"modified":"2019-09-05T15:47:39","modified_gmt":"2019-09-05T12:47:39","slug":"antrenmanda-sakatlanan-cengiz-under-kadrodan-cikarildi","status":"publish","type":"post","link":"http:\/\/www.tvturk.com\/index.php\/antrenmanda-sakatlanan-cengiz-under-kadrodan-cikarildi\/","title":{"rendered":"Antrenmanda sakatlanan Cengiz \u00dcnder kadrodan \u00e7\u0131kar\u0131ld\u0131"},"content":{"rendered":"<p>A Milli Futbol Tak\u0131m\u0131\u2019n\u0131n d\u00fcn ak\u015fam ger\u00e7ekle\u015ftirdi\u011fi antrenmanda sa\u011f \u00fcst arka bald\u0131r\u0131nda kas yaralanmas\u0131 ya\u015fayan Cengiz \u00dcnder, Andorra ve Moldova ma\u00e7lar\u0131 aday kadrosundan \u00e7\u0131kar\u0131ld\u0131.<\/p>\n<p>T\u00fcrkiye Futbol Federasyonu\u2019ndan yap\u0131lan a\u00e7\u0131klamada, A Milli Futbol Tak\u0131m\u0131\u2019nda yer alan futbolcular\u0131n sa\u011fl\u0131k durumlar\u0131 hakk\u0131nda bilgi verildi. Son yap\u0131lan antrenmanda sa\u011f \u00fcst arka bald\u0131r\u0131nda kas yaralanmas\u0131 ya\u015fayan Cengiz \u00dcnder, aday kadrodan \u00e7\u0131kar\u0131ld\u0131.<\/p>\n<p>Her iki alt bald\u0131r\u0131nda da kas yaralanmas\u0131 bulunan Dorukhan Tok\u00f6z\u2019\u00fcn tedavisinde olumlu ilerleme kaydedildi\u011fi, ilerleyen g\u00fcnlerde tak\u0131mla idmanlara ba\u015flamas\u0131n\u0131n planland\u0131\u011f\u0131 ifade edildi.<\/p>\n<p>Enes \u00dcnal\u2019\u0131n sakatland\u0131\u011f\u0131n\u0131n tamamen ge\u00e7ti\u011fi a\u00e7\u0131klan\u0131rken, daha \u00f6nce kul\u00fcb\u00fcnde tendinit te\u015fhisi konulan, bu \u015fekilde antrenman ve m\u00fcsabakalara devam eden Ozan Tufan\u2019\u0131n, milli tak\u0131m kamp\u0131na kat\u0131l\u0131\u015f\u0131n\u0131 takiben tedavisine devam edildi\u011fi ve oyuncu sa\u011fl\u0131\u011f\u0131 g\u00f6z \u00f6n\u00fcnde bulundurularak tak\u0131mla idman yapmas\u0131 uygun g\u00f6r\u00fclmedi\u011fi belirtildi.<\/p>\n<p>Tedavi ve rehabilitasyon s\u00fcrecini milli tak\u0131m kamp\u0131nda ge\u00e7irmek \u00fczere T\u00fcrkiye\u2019ye gelen Okay Yoku\u015flu da kendisi i\u00e7in planlanan program dahilinde bireysel \u00e7al\u0131\u015fmalar\u0131n\u0131 s\u00fcrd\u00fcr\u00fcyor.<\/p>\n<p>Kamp\u0131n ilk antrenman\u0131nda sol ayak bile\u011finden sakatl\u0131k ge\u00e7iren Naz\u0131m Sangare\u2019nin tedavisinde olumlu ilerledi\u011fi ve ilerleyen g\u00fcnlerde tak\u0131mla idmanlara ba\u015flamas\u0131 \u00f6ng\u00f6r\u00fcld\u00fc\u011f\u00fc a\u00e7\u0131kland\u0131.<\/p>\n<p>\u00d6te yandan Burak Y\u0131lmaz, Abd\u00fclkadir \u00d6m\u00fcr, Hasan Ali Kald\u0131r\u0131m, Mahmut Tekdemir ve Ozan Kabak\u2019\u0131n sakatl\u0131klar\u0131 nedeniyle A Milli Tak\u0131m\u2019\u0131n Andorra ve Moldova ma\u00e7lar\u0131 aday kadrosuna \u00e7a\u011fr\u0131lmad\u0131\u011f\u0131, O\u011fuzhan \u00d6zyakup\u2019un ise kamp\u0131n ba\u015flang\u0131c\u0131nda yap\u0131lan kontrol ve muayeneler neticesinde sakatl\u0131\u011f\u0131n\u0131n kar\u015f\u0131la\u015fmalara kadar d\u00fczelmeyece\u011fi tespit edildi\u011finden aday kadrodan \u00e7\u0131kar\u0131ld\u0131\u011f\u0131 ifade edildi.<\/p>\n","protected":false},"excerpt":{"rendered":"<p>A M\u0130LL\u0130 FUTBOL TAKIMI&#8217;NIN D\u00dcN AK\u015eAM GER\u00c7EKLE\u015eT\u0130RD\u0130\u011e\u0130 ANTRENMANDA SA\u011e \u00dcST ARKA BALDIRINDA KAS YARALANMASI YA\u015eAYAN CENG\u0130Z \u00dcNDER, ANDORRA VE MOLDOVA MA\u00c7LARI ADAY KADROSUNDAN \u00c7IKARILDI.<\/p>\n","protected":false},"author":1,"featured_media":200214,"comment_status":"closed","ping_status":"open","sticky":false,"template":"","format":"standard","meta":{"jetpack_post_was_ever_published":false,"_jetpack_newsletter_access":"","_jetpack_dont_email_post_to_subs":false,"_jetpack_newsletter_tier_id":0,"_jetpack_memberships_contains_paywalled_content":false,"_jetpack_memberships_contains_paid_content":false,"footnotes":"","jetpack_publicize_message":"","jetpack_publicize_feature_enabled":true,"jetpack_social_post_already_shared":true,"jetpack_social_options":{"image_generator_settings":{"template":"highway","default_image_id":0,"font":"","enabled":false},"version":2}},"categories":[657],"tags":[36481,7754,3587,26790,32088,8341],"class_list":["post-200213","post","type-post","status-publish","format-standard","has-post-thumbnail","hentry","category-spor","tag-antrenmanda","tag-cengiz","tag-cikarildi","tag-kadrodan","tag-sakatlanan","tag-under"],"jetpack_publicize_connections":[],"jetpack_featured_media_url":"https:\/\/i0.wp.com\/www.tvturk.com\/wp-content\/uploads\/2019\/09\/antrenmanda-sakatlanan-cengiz-under-kadrodan-cikarildi_29696f7.jpg?fit=1000%2C946","jetpack_sharing_enabled":true,"jetpack_shortlink":"https:\/\/wp.me\/paKIfm-Q5f","_links":{"self":[{"href":"http:\/\/www.tvturk.com\/index.php\/wp-json\/wp\/v2\/posts\/200213","targetHints":{"allow":["GET"]}}],"collection":[{"href":"http:\/\/www.tvturk.com\/index.php\/wp-json\/wp\/v2\/posts"}],"about":[{"href":"http:\/\/www.tvturk.com\/index.php\/wp-json\/wp\/v2\/types\/post"}],"author":[{"embeddable":true,"href":"http:\/\/www.tvturk.com\/index.php\/wp-json\/wp\/v2\/users\/1"}],"replies":[{"embeddable":true,"href":"http:\/\/www.tvturk.com\/index.php\/wp-json\/wp\/v2\/comments?post=200213"}],"version-history":[{"count":0,"href":"http:\/\/www.tvturk.com\/index.php\/wp-json\/wp\/v2\/posts\/200213\/revisions"}],"wp:featuredmedia":[{"embeddable":true,"href":"http:\/\/www.tvturk.com\/index.php\/wp-json\/wp\/v2\/media\/200214"}],"wp:attachment":[{"href":"http:\/\/www.tvturk.com\/index.php\/wp-json\/wp\/v2\/media?parent=200213"}],"wp:term":[{"taxonomy":"category","embeddable":true,"href":"http:\/\/www.tvturk.com\/index.php\/wp-json\/wp\/v2\/categories?post=200213"},{"taxonomy":"post_tag","embeddable":true,"href":"http:\/\/www.tvturk.com\/index.php\/wp-json\/wp\/v2\/tags?post=200213"}],"curies":[{"name":"wp","href":"https:\/\/api.w.org\/{rel}","templated":true}]}}