{"id":200249,"date":"2019-09-05T17:01:52","date_gmt":"2019-09-05T14:01:52","guid":{"rendered":"http:\/\/www.tvturk.com\/index.php\/izzet-kaptan-muzelik-oldu\/"},"modified":"2019-09-05T17:01:52","modified_gmt":"2019-09-05T14:01:52","slug":"izzet-kaptan-muzelik-oldu","status":"publish","type":"post","link":"http:\/\/www.tvturk.com\/index.php\/izzet-kaptan-muzelik-oldu\/","title":{"rendered":"\u2018\u0130zzet Kaptan\u2019 m\u00fczelik oldu"},"content":{"rendered":"<p>Halk aras\u0131nda \u2018\u0130zzet Kaptan\u2019 olarak tan\u0131nan \u0130zzet Bayrak\u2019\u0131n e\u015fyalar\u0131 Bursa Kent M\u00fczesi\u2019nde sergileniyor.<\/p>\n<p>\u2018\u0130zzet Kaptan\u2019\u0131n Bursa Kent M\u00fczesi\u2019ne ba\u011f\u0131\u015flad\u0131\u011f\u0131 e\u015fyalar, foto\u011fraflar ve bilgilerle olu\u015fturulan hat\u0131ra k\u00f6\u015fesi, efsane kaptan\u0131n hayat\u0131na dair \u00f6nemli bir k\u00fclt\u00fcrel birikimi de gelece\u011fe ta\u015f\u0131yor. B\u00fcy\u00fck\u015fehir Belediyesi Ba\u015fkanvekili Murat Demir, \u0130zzet Kaptan ve ailesinin i\u015ftir\u00e2k etti\u011fi t\u00f6rende yapt\u0131\u011f\u0131 konu\u015fmada, Kent M\u00fczesi\u2019nin \u00f6nemli bir de\u011feri a\u011f\u0131rlad\u0131\u011f\u0131n\u0131 s\u00f6yledi. Demir, \u201cBursa\u2019m\u0131z\u0131n deniz \u015fehri \u00f6zelli\u011finin sembol isimlerinden \u0130zzet Bayrak, nam-\u0131 di\u011fer \u0130zzet Kaptan ile bir arada olmaktan mutluyuz. Kaptan\u0131m\u0131z\u0131n hik\u00e2yesi, 17 ya\u015f\u0131ndayken 4 metrelik 4 ki\u015filik kay\u0131\u011f\u0131yla Kumla-Gemlik aras\u0131ndaki yolcu ta\u015f\u0131mac\u0131l\u0131\u011f\u0131 ile ba\u015fl\u0131yor. \u0130lk mehtap turlar\u0131n\u0131, 1962 y\u0131l\u0131nda ger\u00e7ekle\u015ftiren \u0130zzet Kaptan, 70\u2019li y\u0131llarda Manast\u0131r, Gemlik, Kumla aras\u0131ndaki mehtap turlar\u0131yla \u0130zzet Kaptan teknesinin herkes taraf\u0131ndan tan\u0131nmas\u0131n\u0131 sa\u011flad\u0131. 1990\u2019l\u0131 y\u0131llarda 22 metrelik, 165 ki\u015filik bir tekne sat\u0131n alarak \u015fehirleraras\u0131 gezi turlar\u0131na \u00e7\u0131kan \u0130zzet Kaptan, 2000\u2019li y\u0131llarda teknesini b\u00fcy\u00fcterek Mudanya\u2019dan hareketle \u0130stanbul-Adalar-Bo\u011faz turlar\u0131na ba\u015flad\u0131, sonra da Ayval\u0131k, \u0130zmir, Marmaris, Dalyan, \u0130zmit ve G\u00f6lc\u00fck\u2019te tan\u0131nd\u0131\u201d diye konu\u015ftu.<\/p>\n<p>Denizden sel\u00e2mlar<\/p>\n<p>\u0130zzet Kaptan\u2019\u0131n 80 ya\u015f\u0131na kadar \u201cBalkonlardan bakanlara, sahilde y\u00fczenlere, herkese selam olsun\u201d diye seslenerek teknesine yolcu davet etti\u011fini hat\u0131rlatan Demir, \u201c\u0130zzet Kaptan, 2007 y\u0131l\u0131nda teknesini ve \u2018\u0130zzet Kaptan\u2019 isim hakk\u0131n\u0131 devrederek mavi sulara veda ederek emekli oldu. Hayat\u0131 denizde ge\u00e7en \u0130zzet Kaptan\u2019\u0131n bilgi ve birikimi Bursa Kent M\u00fczesi arac\u0131l\u0131\u011f\u0131yla gelece\u011fe ta\u015f\u0131nacak. Kaptan\u0131m\u0131z\u0131n ba\u011f\u0131\u015flad\u0131\u011f\u0131 obje ve bilgilerden haz\u0131rlanan k\u00f6\u015fe ve vitrin, m\u00fczede kent k\u00fclt\u00fcr\u00fcn\u00fcn bir par\u00e7as\u0131 olarak gelece\u011fe ta\u015f\u0131nacak\u201d diyerek, m\u00fczeye deste\u011finden dolay\u0131 \u0130zzet Kaptan\u2019a te\u015fekk\u00fcr etti.<\/p>\n<p>\u0130zzet Kaptan, \u201c\u015eu \u00e2n \u00e7ok mutluyum. Ben 93 ya\u015f\u0131nday\u0131m. Kaptan\u0131m. 70 sene denizlerde gezdim, 60 y\u0131l turizmcilik yapt\u0131m. T\u00fcrkiye beni tan\u0131r, herkesi \u00e7ok seviyorum. Ne f\u0131rt\u0131nalar geldi ge\u00e7ti. \u00c7ok g\u00fczel bir mesle\u011fim var. \u015eu anda burada olmak, e\u015fyalar\u0131m\u0131n Bursa Kent M\u00fczesi\u2019nde sergileniyor olu\u015fu \u00e7ok g\u00fczel. \u00c7ok sevindim, duyguland\u0131m ve \u00e7ok mutluyum\u201d diye konu\u015ftu.<\/p>\n","protected":false},"excerpt":{"rendered":"<p>HALK ARASINDA \u2018\u0130ZZET KAPTAN\u2019 OLARAK TANINAN \u0130ZZET BAYRAK\u2019IN E\u015eYALARI BURSA KENT M\u00dcZES\u0130\u2019NDE SERG\u0130LEN\u0130YOR.<\/p>\n","protected":false},"author":1,"featured_media":200250,"comment_status":"closed","ping_status":"open","sticky":false,"template":"","format":"standard","meta":{"jetpack_post_was_ever_published":false,"_jetpack_newsletter_access":"","_jetpack_dont_email_post_to_subs":false,"_jetpack_newsletter_tier_id":0,"_jetpack_memberships_contains_paywalled_content":false,"_jetpack_memberships_contains_paid_content":false,"footnotes":"","jetpack_publicize_message":"","jetpack_publicize_feature_enabled":true,"jetpack_social_post_already_shared":true,"jetpack_social_options":{"image_generator_settings":{"template":"highway","default_image_id":0,"font":"","enabled":false},"version":2}},"categories":[1],"tags":[21303,11697,43924,77],"class_list":["post-200249","post","type-post","status-publish","format-standard","has-post-thumbnail","hentry","category-genel","tag-izzet","tag-kaptan","tag-muzelik","tag-oldu"],"jetpack_publicize_connections":[],"jetpack_featured_media_url":"https:\/\/i0.wp.com\/www.tvturk.com\/wp-content\/uploads\/2019\/09\/izzet-kaptan-muzelik-oldu_dc302bc.jpg?fit=1000%2C785","jetpack_sharing_enabled":true,"jetpack_shortlink":"https:\/\/wp.me\/paKIfm-Q5P","_links":{"self":[{"href":"http:\/\/www.tvturk.com\/index.php\/wp-json\/wp\/v2\/posts\/200249","targetHints":{"allow":["GET"]}}],"collection":[{"href":"http:\/\/www.tvturk.com\/index.php\/wp-json\/wp\/v2\/posts"}],"about":[{"href":"http:\/\/www.tvturk.com\/index.php\/wp-json\/wp\/v2\/types\/post"}],"author":[{"embeddable":true,"href":"http:\/\/www.tvturk.com\/index.php\/wp-json\/wp\/v2\/users\/1"}],"replies":[{"embeddable":true,"href":"http:\/\/www.tvturk.com\/index.php\/wp-json\/wp\/v2\/comments?post=200249"}],"version-history":[{"count":0,"href":"http:\/\/www.tvturk.com\/index.php\/wp-json\/wp\/v2\/posts\/200249\/revisions"}],"wp:featuredmedia":[{"embeddable":true,"href":"http:\/\/www.tvturk.com\/index.php\/wp-json\/wp\/v2\/media\/200250"}],"wp:attachment":[{"href":"http:\/\/www.tvturk.com\/index.php\/wp-json\/wp\/v2\/media?parent=200249"}],"wp:term":[{"taxonomy":"category","embeddable":true,"href":"http:\/\/www.tvturk.com\/index.php\/wp-json\/wp\/v2\/categories?post=200249"},{"taxonomy":"post_tag","embeddable":true,"href":"http:\/\/www.tvturk.com\/index.php\/wp-json\/wp\/v2\/tags?post=200249"}],"curies":[{"name":"wp","href":"https:\/\/api.w.org\/{rel}","templated":true}]}}