{"id":200281,"date":"2019-09-05T18:01:56","date_gmt":"2019-09-05T15:01:56","guid":{"rendered":"http:\/\/www.tvturk.com\/index.php\/kara-kuvvetleri-4-hastayi-helikopterle-nakletti\/"},"modified":"2019-09-05T18:01:56","modified_gmt":"2019-09-05T15:01:56","slug":"kara-kuvvetleri-4-hastayi-helikopterle-nakletti","status":"publish","type":"post","link":"http:\/\/www.tvturk.com\/index.php\/kara-kuvvetleri-4-hastayi-helikopterle-nakletti\/","title":{"rendered":"Kara Kuvvetleri 4 hastay\u0131 helikopterle nakletti"},"content":{"rendered":"<p>\u015e\u0131rnak Valili\u011finin talebi \u00fczerine Beyt\u00fc\u015f\u015febap Devlet Hastanesinde yatan d\u00f6rt hasta, Kara Kuvvetlerine ait helikopterle \u015e\u0131rnak Devlet Hastanesine nakledildi.<\/p>\n<p>\u015e\u0131rnak Valili\u011finin talebi \u00fczerine Beyt\u00fc\u015f\u015febap Devlet Hastanesinde yatmakta olan d\u00f6rt vatanda\u015f, Kara Kuvvetlerine ait helikopterle \u015e\u0131rnak Devlet Hastanesine nakledildi.<\/p>\n","protected":false},"excerpt":{"rendered":"<p>\u015eIRNAK VAL\u0130L\u0130\u011e\u0130&#8217;N\u0130N TALEB\u0130 \u00dcZER\u0130NE D\u00d6RT VATANDA\u015e KARA KUVVETLER\u0130NE A\u0130T B\u0130R HEL\u0130KOPTERLE \u015eIRNAK DEVLET HASTANES\u0130NE TAHL\u0130YE ED\u0130LD\u0130.<\/p>\n","protected":false},"author":1,"featured_media":200282,"comment_status":"closed","ping_status":"open","sticky":false,"template":"","format":"standard","meta":{"jetpack_post_was_ever_published":false,"_jetpack_newsletter_access":"","_jetpack_dont_email_post_to_subs":false,"_jetpack_newsletter_tier_id":0,"_jetpack_memberships_contains_paywalled_content":false,"_jetpack_memberships_contains_paid_content":false,"footnotes":"","jetpack_publicize_message":"","jetpack_publicize_feature_enabled":true,"jetpack_social_post_already_shared":true,"jetpack_social_options":{"image_generator_settings":{"template":"highway","default_image_id":0,"font":"","enabled":false},"version":2}},"categories":[1],"tags":[22218,10044,2053,18755,50379],"class_list":["post-200281","post","type-post","status-publish","format-standard","has-post-thumbnail","hentry","category-genel","tag-hastayi","tag-helikopterle","tag-kara","tag-kuvvetleri","tag-nakletti"],"jetpack_publicize_connections":[],"jetpack_featured_media_url":"https:\/\/i0.wp.com\/www.tvturk.com\/wp-content\/uploads\/2019\/09\/kara-kuvvetleri-4-hastayi-helikopterle-nakletti_17b5793.jpg?fit=1000%2C666","jetpack_sharing_enabled":true,"jetpack_shortlink":"https:\/\/wp.me\/paKIfm-Q6l","_links":{"self":[{"href":"http:\/\/www.tvturk.com\/index.php\/wp-json\/wp\/v2\/posts\/200281","targetHints":{"allow":["GET"]}}],"collection":[{"href":"http:\/\/www.tvturk.com\/index.php\/wp-json\/wp\/v2\/posts"}],"about":[{"href":"http:\/\/www.tvturk.com\/index.php\/wp-json\/wp\/v2\/types\/post"}],"author":[{"embeddable":true,"href":"http:\/\/www.tvturk.com\/index.php\/wp-json\/wp\/v2\/users\/1"}],"replies":[{"embeddable":true,"href":"http:\/\/www.tvturk.com\/index.php\/wp-json\/wp\/v2\/comments?post=200281"}],"version-history":[{"count":0,"href":"http:\/\/www.tvturk.com\/index.php\/wp-json\/wp\/v2\/posts\/200281\/revisions"}],"wp:featuredmedia":[{"embeddable":true,"href":"http:\/\/www.tvturk.com\/index.php\/wp-json\/wp\/v2\/media\/200282"}],"wp:attachment":[{"href":"http:\/\/www.tvturk.com\/index.php\/wp-json\/wp\/v2\/media?parent=200281"}],"wp:term":[{"taxonomy":"category","embeddable":true,"href":"http:\/\/www.tvturk.com\/index.php\/wp-json\/wp\/v2\/categories?post=200281"},{"taxonomy":"post_tag","embeddable":true,"href":"http:\/\/www.tvturk.com\/index.php\/wp-json\/wp\/v2\/tags?post=200281"}],"curies":[{"name":"wp","href":"https:\/\/api.w.org\/{rel}","templated":true}]}}