{"id":200359,"date":"2019-09-06T10:16:33","date_gmt":"2019-09-06T07:16:33","guid":{"rendered":"http:\/\/www.tvturk.com\/index.php\/diyanet-senden-hutbede-ataturkun-anilmadigi-iddialarina-cevap\/"},"modified":"2019-09-06T10:16:33","modified_gmt":"2019-09-06T07:16:33","slug":"diyanet-senden-hutbede-ataturkun-anilmadigi-iddialarina-cevap","status":"publish","type":"post","link":"http:\/\/www.tvturk.com\/index.php\/diyanet-senden-hutbede-ataturkun-anilmadigi-iddialarina-cevap\/","title":{"rendered":"Diyanet-Sen\u2019den hutbede Atat\u00fcrk\u2019\u00fcn an\u0131lmad\u0131\u011f\u0131 iddialar\u0131na cevap"},"content":{"rendered":"<p>30 A\u011fustos Zafer Bayram\u0131 i\u00e7in camilerde okutulan hutbede Atat\u00fcrk\u2019\u00fcn an\u0131lmad\u0131\u011f\u0131 iddialar\u0131na Diyanet-Sen\u2019den a\u00e7\u0131klama geldi. Diyanet-Sen Genel Ba\u015fkan\u0131 Mehmet Bayraktutar, &#8220;Yap\u0131lan\u0131n alenen ayr\u0131\u015ft\u0131rmak oldu\u011fu a\u015fikard\u0131r. Mustafa Kemal Atat\u00fcrk bizim i\u00e7in bir gazidir, o hutbelerde dile getirilen dualar ise b\u00fct\u00fcn \u015fehit ve gazilerin ruhuna g\u00f6nderilmi\u015ftir. Bug\u00fcn sen ben diyerek fitne ekmeye \u00e7al\u0131\u015fanlar, o y\u00fcce \u015fahsiyetlerin ruhuna sayg\u0131s\u0131zl\u0131k ettikleri gibi emanet ettikleri bu g\u00fczel vatana da h\u00fcrmetsizlik etmekteler\u201d dedi.<\/p>\n<p>T\u00fcrkiye Diyanet ve Vak\u0131f G\u00f6revlileri Sendikas\u0131 (Diyanet-Sen) Genel Ba\u015fkan\u0131 Mehmet Bayraktutar, 30 A\u011fustos Zafer Bayram\u0131 i\u00e7in camilerde okutulan hutbede Mustafa Kemal Atat\u00fcrk\u2019\u00fcn ad\u0131n\u0131n ge\u00e7medi\u011fi iddialar\u0131na yapt\u0131\u011f\u0131 yaz\u0131l\u0131 a\u00e7\u0131klamayla cevap verdi. Bayraktutar, a\u00e7\u0131klamas\u0131nda birka\u00e7 g\u00fcnd\u00fcr ortal\u0131\u011f\u0131 kar\u0131\u015ft\u0131rmak isteyenlere seslendi\u011fini belirterek, \u201cSizler c\u0131mb\u0131zlad\u0131\u011f\u0131n\u0131z kelimelerin arkas\u0131na s\u0131\u011f\u0131n\u0131p yaygara koparman\u0131n derdine d\u00fc\u015ft\u00fcn\u00fcz ama Mustafa Kemal Atat\u00fcrk bizim i\u00e7in bir gazidir, o hutbelerde dile getirilen dualar ise b\u00fct\u00fcn \u015fehit ve gazilerin ruhuna g\u00f6nderilmi\u015ftir. Yaygara kopar\u0131p bu \u00fclkede fitne tohumlar\u0131 ekmek, bu \u00fclkenin Kurtulu\u015f Sava\u015f\u0131\u2019nda ba\u015fkomutanl\u0131k yapm\u0131\u015f Gazi Mustafa Kemal Atat\u00fcrk\u2019\u00fcn ruhuna sayg\u0131s\u0131zl\u0131kt\u0131r\u201d dedi.<\/p>\n<p>Diyanet \u0130\u015fleri Ba\u015fkanl\u0131\u011f\u0131n\u0131n hutbelerinde b\u00fct\u00fcn \u015fehit ve gaziler i\u00e7in duada bulunuldu\u011funu vurgulayan Bayraktutar, \u201cBu \u00fclkenin kurtulu\u015fu i\u00e7in m\u00fccadele veren Polatl\u0131l\u0131 \u015eerife Bac\u0131\u2019dan tutun, Tokatl\u0131 15\u2019liler, Erzurumlu Kara Fatmalar, \u015eahin Beyler, Y\u00f6r\u00fck Ali Efeler, General Cevat \u00c7obanlar, Harputlu General Yakup \u015eevkiler, k\u0131sacas\u0131 kad\u0131n\u0131yla, k\u0131z\u0131yla, \u00e7ocu\u011fu ve genci ile ya\u015fl\u0131s\u0131 ile esnaf\u0131yla, \u00fcniversitedeki \u00f6\u011fretmeniyle, \u00f6\u011frencisiyle, camideki hocas\u0131 ile mektepteki talebesi ile topyek\u00fcn bir m\u00fccadele verilmi\u015f ve vatan kurtulu\u015fa ermi\u015ftir. Vatan i\u00e7in verilen m\u00fccadelenin seni beni olmam\u0131\u015f, do\u011fudan bat\u0131ya, Karadeniz\u2019den Akdeniz\u2019e kad\u0131n\u0131 ile erke\u011fi tek v\u00fccut olmu\u015f, d\u00fc\u015fman\u0131 topraklar\u0131m\u0131zdan atm\u0131\u015ft\u0131r\u201d ifadelerini kulland\u0131.<\/p>\n<p>D\u00fc\u015fmanlar\u0131 topraklardan atan kahramanlar\u0131 \u201cbir v\u00fccudun b\u00fct\u00fcn uzuvlar\u0131\u201d gibi g\u00f6rd\u00fcklerini belirten Bayratutar, \u201cBug\u00fcn sen ben diyerek fitne ekmeye \u00e7al\u0131\u015fanlar, o y\u00fcce \u015fahsiyetlerin ruhuna sayg\u0131s\u0131zl\u0131k ettikleri gibi emanet ettikleri bu g\u00fczel vatana da h\u00fcrmetsizlik etmekteler. Yap\u0131lan\u0131n alenen ayr\u0131\u015ft\u0131rmak oldu\u011fu a\u015fikard\u0131r. Milletin akl\u0131na fitne tohumu ekip, birlik ve beraberlik ruhumuza zarar vermek istedikleri bellidir\u201d a\u00e7\u0131klamas\u0131nda bulundu.<\/p>\n<p>Dindar olmay\u0131 ya da olmamay\u0131 Mustafa Kemal Atat\u00fcrk \u00fczerinden yorumlaman\u0131n ve bunu bir alg\u0131ya \u00e7evirmeye \u00e7al\u0131\u015fman\u0131n Atat\u00fcrk\u00e7\u00fcl\u00fck olmad\u0131\u011f\u0131n\u0131 kaydeden Bayraktutar, bu iddialar\u0131n milleti kutupla\u015ft\u0131rma gayreti oldu\u011funu belirterek, \u201cKald\u0131 ki Mustafa Kemal Atat\u00fcrk\u2019\u00fcn arkas\u0131na gizlenerek, onun ruhuna kar\u015f\u0131 yap\u0131lan bu sayg\u0131s\u0131zl\u0131k anlams\u0131z bir \u00e7\u0131rp\u0131n\u0131\u015ftan ba\u015fka bir \u015fey de\u011fildir. Mustafa Kemal Atat\u00fcrk bu \u00fclke i\u00e7in verdi\u011fi m\u00fccadelede gazi olmu\u015f, e\u015fsiz ba\u015far\u0131lar elde etmi\u015ftir\u201d dedi.<\/p>\n<p>Diyanet \u0130\u015fleri Ba\u015fkanl\u0131\u011f\u0131n\u0131n b\u00fct\u00fcn gazilere ve \u015fehitlere dair hutbesini yay\u0131nlad\u0131\u011f\u0131n\u0131 bir kez daha hat\u0131rlatan Bayraktutar, \u201cBu \u00fclkenin de\u011ferlerini ayr\u0131\u015ft\u0131rmaya kalkmak, s\u0131n\u0131flara ay\u0131rmak, farkl\u0131 bak\u0131\u015f a\u00e7\u0131lar\u0131na malzeme etmek tarihimize mal olmu\u015f herkesin ruhuna suikastt\u0131r. Diyanet \u0130\u015fleri Ba\u015fkanl\u0131\u011f\u0131n\u0131 bu \u00fclkenin de\u011ferleri ile kar\u015f\u0131 kar\u015f\u0131ya getirme \u00e7abas\u0131 ise fitneye malzeme aramakt\u0131r. Kald\u0131 ki y\u0131llard\u0131r dile getirilen hutbelerimizde ne \u015fehitlerimiz ne gazilerimiz asla unutulmam\u0131\u015ft\u0131r\u201d dedi.<\/p>\n<p>Tart\u0131\u015fma tohumlar\u0131n\u0131n at\u0131ld\u0131\u011f\u0131 tarihin, s\u00fcrecin ve muhataplar\u0131n manidar oldu\u011funu aktaran Bayraktutar, yap\u0131lmak istenenin Diyanet \u0130\u015fleri Ba\u015fkanl\u0131\u011f\u0131 \u00fczerinden Diyanet \u0130\u015fleri Ba\u015fkan\u0131n\u0131 hedef almak oldu\u011funu kaydetti. Bayraktutar, hedefin kurulmu\u015f bir kurgudan, itibars\u0131zla\u015ft\u0131rmak istenen bir kurumdan \u00e7ok \u00f6tesi oldu\u011funu dile getirerek \u015f\u00f6yle devam etti:<\/p>\n<p>\u201cNe yaz\u0131k ki g\u00fcn\u00fcm\u00fczde birilerine kar\u015f\u0131 duyulan kin, tarihimize mal olmu\u015f e\u015fsiz insanlar\u0131 malzeme yapabilme cesaretini de g\u00f6zler \u00f6n\u00fcne getirmi\u015ftir. S\u0131rt fitne tohumlar\u0131 yaymak i\u00e7in kullan\u0131lan isimlere yap\u0131lan sayg\u0131s\u0131zl\u0131k g\u00f6z ard\u0131 edilmi\u015f de\u011ferlerimiz fitne i\u00e7in malzeme olarak kullan\u0131lmak istenmi\u015ftir. Bizler hi\u00e7bir \u015fehidimizi, hi\u00e7bir gazimizi bu karanl\u0131k emellere alet etmeyiz, edilmesine de izin vermeyiz. Diyanetimizi de\u011ferlerimizle sorunlu g\u00f6stermek, hastal\u0131kl\u0131 bir ruhun, ayk\u0131r\u0131c\u0131 bir tutumun d\u0131\u015fa vurumudur. Bizler dualar ile me\u015fru nema bulmu\u015f bu g\u00fczel vatan\u0131n her bir ferdine duam\u0131z\u0131 esirgemeyiz. \u00dcz\u00fclerek g\u00f6r\u00fcyoruz ki siyasi rant pe\u015finde olanlar, d\u00fcn inan\u00e7lar\u0131m\u0131z\u0131 ve de\u011ferlerimizi nas\u0131l tart\u0131\u015fmaya a\u00e7m\u0131\u015fsa, bug\u00fcn de ayn\u0131s\u0131n\u0131 yapmaya \u00e7al\u0131\u015f\u0131yorlar. Temennimiz odur ki inan\u00e7lar\u0131m\u0131z\u0131n ve de\u011ferlerimizin \u00fczerinde gezinen bu kara bulutlar, kara fikirli zihinler bir an evvel uzakla\u015f\u0131r. Duam\u0131z odur ki yeterince d\u00fc\u015fman\u0131m\u0131z var iken, bu g\u00fczel vatan\u0131 de\u011ferleri \u00fczerinden birbirine d\u00fc\u015fman etmeye kalk\u0131\u015fanlara Rabbim f\u0131rsat vermesin.\u201d<\/p>\n","protected":false},"excerpt":{"rendered":"<p>CUMA HUTBES\u0130NDE ATAT\u00dcRK\u2019\u00dcN ANILMADI\u011eI \u0130DD\u0130ALARINA, D\u0130YANET-SEN YAPTI\u011eI YAZILI A\u00c7IKLAMA \u0130LE CEVAP VERD\u0130. \u2018YAPILANIN ALENEN AYRI\u015eTIRMAK OLDU\u011eU A\u015e\u0130KARDIR\u2019 \u0130FADES\u0130 KULLANILAN A\u00c7IKLAMADA , \u201cMUSTAFA KEMAL ATAT\u00dcRK B\u0130Z\u0130M \u0130\u00c7\u0130N B\u0130R GAZ\u0130D\u0130R, O HUTBELERDE D\u0130LE GET\u0130R\u0130LEN DUALAR \u0130SE B\u00dcT\u00dcN \u015eEH\u0130T VE GAZ\u0130LER\u0130N RUHUNA G\u00d6NDER\u0130LM\u0130\u015eT\u0130R.<\/p>\n","protected":false},"author":1,"featured_media":200360,"comment_status":"closed","ping_status":"open","sticky":false,"template":"","format":"standard","meta":{"jetpack_post_was_ever_published":false,"_jetpack_newsletter_access":"","_jetpack_dont_email_post_to_subs":false,"_jetpack_newsletter_tier_id":0,"_jetpack_memberships_contains_paywalled_content":false,"_jetpack_memberships_contains_paid_content":false,"footnotes":"","jetpack_publicize_message":"","jetpack_publicize_feature_enabled":true,"jetpack_social_post_already_shared":true,"jetpack_social_options":{"image_generator_settings":{"template":"highway","default_image_id":0,"font":"","enabled":false},"version":2}},"categories":[1],"tags":[50398,2818,5174,12438,50397,3370],"class_list":["post-200359","post","type-post","status-publish","format-standard","has-post-thumbnail","hentry","category-genel","tag-anilmadigi","tag-ataturkun","tag-cevap","tag-diyanet-senden","tag-hutbede","tag-iddialarina"],"jetpack_publicize_connections":[],"jetpack_featured_media_url":"https:\/\/i0.wp.com\/www.tvturk.com\/wp-content\/uploads\/2019\/09\/diyanet-senden-hutbede-ataturkun-anilmadigi-iddialarina-cevap_8d1619a.jpg?fit=1000%2C666","jetpack_sharing_enabled":true,"jetpack_shortlink":"https:\/\/wp.me\/paKIfm-Q7B","_links":{"self":[{"href":"http:\/\/www.tvturk.com\/index.php\/wp-json\/wp\/v2\/posts\/200359","targetHints":{"allow":["GET"]}}],"collection":[{"href":"http:\/\/www.tvturk.com\/index.php\/wp-json\/wp\/v2\/posts"}],"about":[{"href":"http:\/\/www.tvturk.com\/index.php\/wp-json\/wp\/v2\/types\/post"}],"author":[{"embeddable":true,"href":"http:\/\/www.tvturk.com\/index.php\/wp-json\/wp\/v2\/users\/1"}],"replies":[{"embeddable":true,"href":"http:\/\/www.tvturk.com\/index.php\/wp-json\/wp\/v2\/comments?post=200359"}],"version-history":[{"count":0,"href":"http:\/\/www.tvturk.com\/index.php\/wp-json\/wp\/v2\/posts\/200359\/revisions"}],"wp:featuredmedia":[{"embeddable":true,"href":"http:\/\/www.tvturk.com\/index.php\/wp-json\/wp\/v2\/media\/200360"}],"wp:attachment":[{"href":"http:\/\/www.tvturk.com\/index.php\/wp-json\/wp\/v2\/media?parent=200359"}],"wp:term":[{"taxonomy":"category","embeddable":true,"href":"http:\/\/www.tvturk.com\/index.php\/wp-json\/wp\/v2\/categories?post=200359"},{"taxonomy":"post_tag","embeddable":true,"href":"http:\/\/www.tvturk.com\/index.php\/wp-json\/wp\/v2\/tags?post=200359"}],"curies":[{"name":"wp","href":"https:\/\/api.w.org\/{rel}","templated":true}]}}