{"id":200383,"date":"2019-09-06T10:32:49","date_gmt":"2019-09-06T07:32:49","guid":{"rendered":"http:\/\/www.tvturk.com\/index.php\/mysiada-cocuklar-ve-gaziler-gokyuzuyle-bulustu\/"},"modified":"2019-09-06T10:32:49","modified_gmt":"2019-09-06T07:32:49","slug":"mysiada-cocuklar-ve-gaziler-gokyuzuyle-bulustu","status":"publish","type":"post","link":"http:\/\/www.tvturk.com\/index.php\/mysiada-cocuklar-ve-gaziler-gokyuzuyle-bulustu\/","title":{"rendered":"Mysia\u2019da \u00e7ocuklar ve gaziler g\u00f6ky\u00fcz\u00fcyle bulu\u015ftu"},"content":{"rendered":"<p>Mysia Uluslararas\u0131 Havac\u0131l\u0131k Festivali kapsam\u0131nda Bal\u0131kesir\u2019in Edremit il\u00e7esinde ya\u015flar\u0131 7 ile 18 aras\u0131nda de\u011fi\u015fen 90 \u00e7ocuk, gen\u00e7 ve 10 K\u0131br\u0131s Gazisi u\u00e7uruldu.<\/p>\n<p>Bal\u0131kesir\u2019in Edremit il\u00e7esinde 6.\u2019nc\u0131 kez d\u00fczenlenen Mysia Uluslararas\u0131 Havac\u0131l\u0131k Festivali\u2019nin sosyal sorumluluk projesi kapsam\u0131nda \u00e7ocuklar ve gaziler g\u00f6ky\u00fcz\u00fc ile bulu\u015fturuldu.<\/p>\n<p>K\u00f6rfez Sportif Havac\u0131l\u0131k Kul\u00fcb\u00fc taraf\u0131ndan bu y\u0131l alt\u0131nc\u0131s\u0131 d\u00fczenlenen Mysia Uluslararas\u0131 Havac\u0131l\u0131k Festivali kapsam\u0131nda 90 \u00e7ocuk ve 10 K\u0131br\u0131s Gazisi, Koca Seyit Havaliman\u0131\u2019ndan havalanan u\u00e7u\u015f okullar\u0131na ait u\u00e7aklara bindirilerek u\u00e7uruldu. U\u00e7u\u015fa AFA, AYJET gibi u\u00e7u\u015f okullar\u0131n\u0131n yan\u0131 s\u0131ra \u00f6zel u\u00e7aklarda kat\u0131ld\u0131. U\u00e7u\u015flara SOLOT\u00dcRK ekibi de kat\u0131ld\u0131. SOLOT\u00dcRK Pilotu Hava Pilot Y\u00fczba\u015f\u0131 Serdar Do\u011fan gen\u00e7lerden ve kat\u0131l\u0131mc\u0131lardan b\u00fcy\u00fck ilgi g\u00f6rd\u00fc. Kat\u0131l\u0131mc\u0131lar SOLOT\u00dcRK ekibiyle bol bol foto\u011fraf \u00e7ektirdiler.<\/p>\n<p>Edremit il\u00e7esinde e\u011fitim veren u\u00e7u\u015f okullar\u0131n\u0131n e\u011fitim u\u00e7aklar\u0131 ile yap\u0131lan u\u00e7u\u015flarda \u00e7ocuklar\u0131n heyecan\u0131 ve mutluluklar\u0131 y\u00fczlerine yans\u0131d\u0131.<\/p>\n<p>Edremit Sportif Havac\u0131l\u0131k Kul\u00fcb\u00fc Ba\u015fkan Yard\u0131mc\u0131s\u0131 Pilot Mustafa G\u00fcrer \u201c20 u\u00e7a\u011f\u0131n kat\u0131l\u0131m\u0131 ile sosyal sorumluluk projesi kapsam\u0131nda ilk\u00f6nce gazilerimizi u\u00e7urduk. 14-18 ya\u015f aras\u0131 \u00e7ocuklar\u0131m\u0131z\u0131 u\u00e7uruyoruz. \u015eans\u0131m\u0131za hava r\u00fczgarl\u0131 olmas\u0131na ra\u011fmen hareketli bir u\u00e7u\u015f oluyor. Yar\u0131nda u\u00e7aklar\u0131m\u0131z\u0131n g\u00f6sterileri olacak.\u201ddedi.<\/p>\n<p>\u0130lk kez u\u00e7a\u011fa binen Beng\u00fcsu Serinkent ise \u201cBen bu tarz bir \u015feye daha \u00f6nce kat\u0131lmad\u0131m. Bu \u015fekilde ilk u\u00e7u\u015fum. Bende u\u00e7may\u0131 \u00e7ok seviyorum. \u00c7ok heyecanl\u0131y\u0131m.\u201d<\/p>\n<p>K\u0131rb\u0131rsta yaraland\u0131ktan sonra askeri u\u00e7aklar Ankara\u2019ya getirilen ve bir daha hi\u00e7 u\u00e7mayan K\u0131br\u0131s Gazisi Ali \u00c7ak\u0131r \u201cAyr\u0131 bir heyecan, organizasyonu yapanlara ve ilgililere arkada\u015flar\u0131m ve \u015fahs\u0131m ad\u0131na \u00e7ok te\u015fekk\u00fcr ediyorum.\u201ddedi.<\/p>\n<p>SOLOT\u00dcRK ve H\u00fcrku\u015f Test Pilotlu\u011funu yapan ve \u015fimdi bir u\u00e7u\u015f okulunda pilot yeti\u015ftiren Murat Kele\u015f \u201cU\u00e7a\u011f\u0131, u\u00e7may\u0131 ve havac\u0131l\u0131\u011f\u0131 tan\u0131tmaya \u00e7al\u0131\u015faca\u011f\u0131z. \u0130lk tohumlar\u0131 ataca\u011f\u0131z burada.\u201d Dedi.<\/p>\n<p>U\u00e7u\u015flar yakla\u015f\u0131k 3 saat s\u00fcrd\u00fc.<\/p>\n","protected":false},"excerpt":{"rendered":"<p>MYS\u0130A ULUSLARARASI HAVACILIK FEST\u0130VAL\u0130 KAPSAMINDA BALIKES\u0130R\u2019\u0130N EDREM\u0130T \u0130L\u00c7ES\u0130NDE YA\u015eLARI 7 \u0130LE 18 ARASINDA DE\u011e\u0130\u015eEN 90 \u00c7OCUK, GEN\u00c7 VE 10 KIBRIS GAZ\u0130S\u0130 U\u00c7URULDU.<\/p>\n","protected":false},"author":1,"featured_media":200384,"comment_status":"closed","ping_status":"open","sticky":false,"template":"","format":"standard","meta":{"jetpack_post_was_ever_published":false,"_jetpack_newsletter_access":"","_jetpack_dont_email_post_to_subs":false,"_jetpack_newsletter_tier_id":0,"_jetpack_memberships_contains_paywalled_content":false,"_jetpack_memberships_contains_paid_content":false,"footnotes":"","jetpack_publicize_message":"","jetpack_publicize_feature_enabled":true,"jetpack_social_post_already_shared":true,"jetpack_social_options":{"image_generator_settings":{"template":"highway","default_image_id":0,"font":"","enabled":false},"version":2}},"categories":[1],"tags":[389,252,12914,37387,50408],"class_list":["post-200383","post","type-post","status-publish","format-standard","has-post-thumbnail","hentry","category-genel","tag-bulustu","tag-cocuklar","tag-gaziler","tag-gokyuzuyle","tag-mysiada"],"jetpack_publicize_connections":[],"jetpack_featured_media_url":"https:\/\/i0.wp.com\/www.tvturk.com\/wp-content\/uploads\/2019\/09\/mysiada-cocuklar-ve-gaziler-gokyuzuyle-bulustu_3365e6a.jpg?fit=1000%2C666","jetpack_sharing_enabled":true,"jetpack_shortlink":"https:\/\/wp.me\/paKIfm-Q7Z","_links":{"self":[{"href":"http:\/\/www.tvturk.com\/index.php\/wp-json\/wp\/v2\/posts\/200383","targetHints":{"allow":["GET"]}}],"collection":[{"href":"http:\/\/www.tvturk.com\/index.php\/wp-json\/wp\/v2\/posts"}],"about":[{"href":"http:\/\/www.tvturk.com\/index.php\/wp-json\/wp\/v2\/types\/post"}],"author":[{"embeddable":true,"href":"http:\/\/www.tvturk.com\/index.php\/wp-json\/wp\/v2\/users\/1"}],"replies":[{"embeddable":true,"href":"http:\/\/www.tvturk.com\/index.php\/wp-json\/wp\/v2\/comments?post=200383"}],"version-history":[{"count":0,"href":"http:\/\/www.tvturk.com\/index.php\/wp-json\/wp\/v2\/posts\/200383\/revisions"}],"wp:featuredmedia":[{"embeddable":true,"href":"http:\/\/www.tvturk.com\/index.php\/wp-json\/wp\/v2\/media\/200384"}],"wp:attachment":[{"href":"http:\/\/www.tvturk.com\/index.php\/wp-json\/wp\/v2\/media?parent=200383"}],"wp:term":[{"taxonomy":"category","embeddable":true,"href":"http:\/\/www.tvturk.com\/index.php\/wp-json\/wp\/v2\/categories?post=200383"},{"taxonomy":"post_tag","embeddable":true,"href":"http:\/\/www.tvturk.com\/index.php\/wp-json\/wp\/v2\/tags?post=200383"}],"curies":[{"name":"wp","href":"https:\/\/api.w.org\/{rel}","templated":true}]}}