{"id":200393,"date":"2019-09-06T10:34:07","date_gmt":"2019-09-06T07:34:07","guid":{"rendered":"http:\/\/www.tvturk.com\/index.php\/fenerbahce-scoutlari-romanya-ispanya-macini-takip-etti\/"},"modified":"2019-09-06T10:34:07","modified_gmt":"2019-09-06T07:34:07","slug":"fenerbahce-scoutlari-romanya-ispanya-macini-takip-etti","status":"publish","type":"post","link":"http:\/\/www.tvturk.com\/index.php\/fenerbahce-scoutlari-romanya-ispanya-macini-takip-etti\/","title":{"rendered":"Fenerbah\u00e7e scoutlar\u0131, Romanya-\u0130spanya ma\u00e7\u0131n\u0131 takip etti"},"content":{"rendered":"<p>Fenerbah\u00e7e\u2019nin scout ekibi, oyuncu taramalar\u0131 i\u00e7in Romanya ile \u0130spanya aras\u0131nda oynanan ma\u00e7\u0131 trib\u00fcnden takip etti.<\/p>\n<p>Avrupa Futbol \u015eampiyonas\u0131\u2019nda eleme ma\u00e7lar\u0131 devam ederken, Fenerbah\u00e7e de g\u00f6zlemcilerini \u00e7e\u015fitli \u00fclkelere g\u00f6ndermeye ba\u015flad\u0131. Sar\u0131-lacivertli ekibin scoutlar\u0131, d\u00fcn oynanan Romanya-\u0130spanya ma\u00e7\u0131n\u0131 yerinde takip etti. \u00d6zellikle Romanya\u2019daki oyuncu havuzu ile ilgili analizler yapan g\u00f6zlemciler, Avrupa Futbol \u015eampiyonas\u0131 elemeleri bitimine kadar b\u00fct\u00fcn ma\u00e7lar\u0131 takip edip teknik heyete bir rapor sunacak.<\/p>\n","protected":false},"excerpt":{"rendered":"<p>FENERBAH\u00c7E\u2019N\u0130N SCOUT EK\u0130B\u0130, OYUNCU TARAMALARI \u0130\u00c7\u0130N ROMANYA \u0130LE \u0130SPANYA ARASINDA OYNANAN MA\u00c7I TR\u0130B\u00dcNDEN TAK\u0130P ETT\u0130.<\/p>\n","protected":false},"author":1,"featured_media":200394,"comment_status":"closed","ping_status":"open","sticky":false,"template":"","format":"standard","meta":{"jetpack_post_was_ever_published":false,"_jetpack_newsletter_access":"","_jetpack_dont_email_post_to_subs":false,"_jetpack_newsletter_tier_id":0,"_jetpack_memberships_contains_paywalled_content":false,"_jetpack_memberships_contains_paid_content":false,"footnotes":"","jetpack_publicize_message":"","jetpack_publicize_feature_enabled":true,"jetpack_social_post_already_shared":true,"jetpack_social_options":{"image_generator_settings":{"template":"highway","default_image_id":0,"font":"","enabled":false},"version":2}},"categories":[657],"tags":[207,2626,6868,50411,50410,3533],"class_list":["post-200393","post","type-post","status-publish","format-standard","has-post-thumbnail","hentry","category-spor","tag-etti","tag-fenerbahce","tag-macini","tag-romanya-ispanya","tag-scoutlari","tag-takip"],"jetpack_publicize_connections":[],"jetpack_featured_media_url":"https:\/\/i0.wp.com\/www.tvturk.com\/wp-content\/uploads\/2019\/09\/fenerbahce-scoutlari-romanya-ispanya-macini-takip-etti_61b839a.jpg?fit=1000%2C641","jetpack_sharing_enabled":true,"jetpack_shortlink":"https:\/\/wp.me\/paKIfm-Q89","_links":{"self":[{"href":"http:\/\/www.tvturk.com\/index.php\/wp-json\/wp\/v2\/posts\/200393","targetHints":{"allow":["GET"]}}],"collection":[{"href":"http:\/\/www.tvturk.com\/index.php\/wp-json\/wp\/v2\/posts"}],"about":[{"href":"http:\/\/www.tvturk.com\/index.php\/wp-json\/wp\/v2\/types\/post"}],"author":[{"embeddable":true,"href":"http:\/\/www.tvturk.com\/index.php\/wp-json\/wp\/v2\/users\/1"}],"replies":[{"embeddable":true,"href":"http:\/\/www.tvturk.com\/index.php\/wp-json\/wp\/v2\/comments?post=200393"}],"version-history":[{"count":0,"href":"http:\/\/www.tvturk.com\/index.php\/wp-json\/wp\/v2\/posts\/200393\/revisions"}],"wp:featuredmedia":[{"embeddable":true,"href":"http:\/\/www.tvturk.com\/index.php\/wp-json\/wp\/v2\/media\/200394"}],"wp:attachment":[{"href":"http:\/\/www.tvturk.com\/index.php\/wp-json\/wp\/v2\/media?parent=200393"}],"wp:term":[{"taxonomy":"category","embeddable":true,"href":"http:\/\/www.tvturk.com\/index.php\/wp-json\/wp\/v2\/categories?post=200393"},{"taxonomy":"post_tag","embeddable":true,"href":"http:\/\/www.tvturk.com\/index.php\/wp-json\/wp\/v2\/tags?post=200393"}],"curies":[{"name":"wp","href":"https:\/\/api.w.org\/{rel}","templated":true}]}}