{"id":200467,"date":"2019-09-06T12:02:51","date_gmt":"2019-09-06T09:02:51","guid":{"rendered":"http:\/\/www.tvturk.com\/index.php\/70-yasindaki-demir-adam-120-yasina-kadar-spor-yapacagim\/"},"modified":"2019-09-06T12:02:51","modified_gmt":"2019-09-06T09:02:51","slug":"70-yasindaki-demir-adam-120-yasina-kadar-spor-yapacagim","status":"publish","type":"post","link":"http:\/\/www.tvturk.com\/index.php\/70-yasindaki-demir-adam-120-yasina-kadar-spor-yapacagim\/","title":{"rendered":"70 ya\u015f\u0131ndaki demir adam: &#8220;120 ya\u015f\u0131na kadar spor yapaca\u011f\u0131m&#8221;"},"content":{"rendered":"<p>Antalya\u2019da &#8220;demir adam&#8221; olarak tan\u0131nan 70 ya\u015f\u0131ndaki i\u015f adam\u0131 ve milli sporcu Ali B\u0131d\u0131, 5 y\u0131l \u00f6nce ba\u015flad\u0131\u011f\u0131 ve Avrupa ikincili\u011fine kadar y\u00fckseldi\u011fi triatlonda d\u00fcnya \u015fampiyonas\u0131na kat\u0131ld\u0131. Dereceye giremese de kat\u0131l\u0131m madalyas\u0131yla T\u00fcrk Bayra\u011f\u0131\u2019n\u0131 \u0130svi\u00e7re\u2019de ta\u015f\u0131yan  B\u0131d\u0131, \u201c Son nefesime kadar spor yapaca\u011f\u0131m\u201d dedi.<\/p>\n<p>Antalya\u2019da i\u015f adam\u0131 Ali B\u0131d\u0131 (70), 2014 y\u0131l\u0131nda tan\u0131\u015ft\u0131\u011f\u0131 triatlonda (y\u00fczme, bisiklet ve ko\u015fma dallar\u0131n\u0131n bir arada yap\u0131ld\u0131\u011f\u0131 spor) ba\u015far\u0131 \u00fcst\u00fcne ba\u015far\u0131 kazan\u0131yor. Triatlona ba\u015flad\u0131ktan bir y\u0131l sonras\u0131 milli olan B\u0131d\u0131, ayn\u0131 y\u0131l i\u00e7erisinde Alanya\u2019da Uluslararas\u0131 Triatlon Birli\u011fi (ITU) taraf\u0131ndan d\u00fczenlenen Triatlon D\u00fcnya Kupas\u0131\u2019nda 60 ya\u015f ve \u00fcst\u00fc kategoride T\u00fcrkiye\u2019yi temsil eden tek sporcu olup d\u00fcnya ikincisi oldu.<\/p>\n<p>Ironman 70.3\u2019de Avrupa ikincisi<\/p>\n<p>Ard\u0131ndan 2016 y\u0131l\u0131 23 Ekim\u2019de yine Antalya\u2019da yap\u0131lan d\u00fcnyan\u0131n en prestijli triatlon yar\u0131\u015flar\u0131ndan olan &#8220;Gloria Ironman 70.3 Turkey&#8221;de bin 900 metre y\u00fczme, 90 kilometre bisiklet ve 21 kilometre ko\u015fmay\u0131 7 saat 13 dakikada tamamlayarak kendi ya\u015f kategorisinde Avrupa ikincisi olan B\u0131d\u0131, ge\u00e7ti\u011fimiz ay \u0130stanbul\u2019da ger\u00e7ekle\u015ftirilen Triatlon Balkan \u015eampiyonas\u0131\u2019nda da kendi ya\u015f kategorisinde birinci oldu.<\/p>\n<p>D\u00fcnya \u015fampiyonas\u0131na kat\u0131ld\u0131<\/p>\n<p>B\u0131d\u0131, son olarak 29 A\u011fustos &#8211; 1 Eyl\u00fcl tarihleri aras\u0131nda \u0130svi\u00e7re\u2019nin Lozan kentinde ger\u00e7ekle\u015ftirilen 2019 ITU D\u00fcnya \u015eampiyonas\u0131\u2019n\u0131n 70-74 ya\u015f kategorisinde ter d\u00f6kt\u00fc. Kategoride T\u00fcrkiye\u2019yi temsil eden tek T\u00fcrk olma \u00f6zelli\u011fiyle dikkat \u00e7eken B\u0131d\u0131, 50 sporcunun kat\u0131ld\u0131\u011f\u0131 bin 500 metre y\u00fczme, 40 kilometre bisiklet ve 10 kilometre ko\u015fma parkurunu 3 saat 49 dakikada tamamlayarak 46.\u2019l\u0131\u011f\u0131 elde etti. Burada kendisine verilen kat\u0131l\u0131mc\u0131 madalyas\u0131yla T\u00fcrkiye\u2019ye d\u00f6nen B\u0131d\u0131, \u00fclke bayra\u011f\u0131 ve formas\u0131n\u0131 ta\u015f\u0131yarak \u00fclkesini temsil etti\u011fi i\u00e7in gururlu oldu\u011funu s\u00f6yledi.<\/p>\n<p>\u201cNefes ald\u0131\u011f\u0131m s\u00fcrece sporu b\u0131rakmayaca\u011f\u0131m\u201d<\/p>\n<p>\u00dczerine d\u00fc\u015fen g\u00f6revi fazlas\u0131yla yapt\u0131\u011f\u0131n\u0131 belirten B\u0131d\u0131, \u201cBen 4 y\u0131l \u00f6nce bu spora ba\u015flad\u0131m. Vitesli bisikleti s\u00fcrmeyi yeni \u00f6\u011frendim. Sa\u011fl\u0131\u011f\u0131n\u0131 d\u00fc\u015f\u00fcnen herkesin spor yapmas\u0131 laz\u0131m. Bu madalyalar rahmetli babamdan miras kalmad\u0131. Al\u0131n teriyle ald\u0131m, almaya da devam edece\u011fim. 120 ya\u015f\u0131na kadar ya\u015famak ve spor yapmak istiyorum. Nefes ald\u0131\u011f\u0131m s\u00fcrece bu sporu b\u0131rakmayaca\u011f\u0131m. En iyi ila\u00e7 spordur\u201d dedi.<\/p>\n","protected":false},"excerpt":{"rendered":"<p>ANTALYA&#8217;DA &#8220;DEM\u0130R ADAM&#8221; OLARAK TANINAN 70 YA\u015eINDAK\u0130 \u0130\u015e ADAMI VE M\u0130LL\u0130 SPORCU AL\u0130 BIDI, 5 YIL \u00d6NCE BA\u015eLADI\u011eI VE AVRUPA \u0130K\u0130NC\u0130L\u0130\u011e\u0130NE KADAR Y\u00dcKSELD\u0130\u011e\u0130 TR\u0130ATLONDA D\u00dcNYA \u015eAMP\u0130YONASINA KATILDI. DERECEYE G\u0130REMESE DE KATILIM MADALYASIYLA T\u00dcRK BAYRA\u011eI\u2019NI \u0130SV\u0130\u00c7RE\u2019DE TA\u015eIYAN  BIDI, \u201c120 YA\u015eINA KADAR YA\u015eAYIP SON NEFES\u0130ME KADAR SPOR YAPACA\u011eIM\u201d DED\u0130.<\/p>\n","protected":false},"author":1,"featured_media":200468,"comment_status":"closed","ping_status":"open","sticky":false,"template":"","format":"standard","meta":{"jetpack_post_was_ever_published":false,"_jetpack_newsletter_access":"","_jetpack_dont_email_post_to_subs":false,"_jetpack_newsletter_tier_id":0,"_jetpack_memberships_contains_paywalled_content":false,"_jetpack_memberships_contains_paid_content":false,"footnotes":"","jetpack_publicize_message":"","jetpack_publicize_feature_enabled":true,"jetpack_social_post_already_shared":true,"jetpack_social_options":{"image_generator_settings":{"template":"highway","default_image_id":0,"font":"","enabled":false},"version":2}},"categories":[657],"tags":[3766,5386,491,3702,1619,28972,16749,1063],"class_list":["post-200467","post","type-post","status-publish","format-standard","has-post-thumbnail","hentry","category-spor","tag-3766","tag-adam","tag-demir","tag-kadar","tag-spor","tag-yapacagim","tag-yasina","tag-yasindaki"],"jetpack_publicize_connections":[],"jetpack_featured_media_url":"https:\/\/i0.wp.com\/www.tvturk.com\/wp-content\/uploads\/2019\/09\/70-yasindaki-demir-adam-120-yasina-kadar-spor-yapacagim_4d67858.jpg?fit=1000%2C666","jetpack_sharing_enabled":true,"jetpack_shortlink":"https:\/\/wp.me\/paKIfm-Q9l","_links":{"self":[{"href":"http:\/\/www.tvturk.com\/index.php\/wp-json\/wp\/v2\/posts\/200467","targetHints":{"allow":["GET"]}}],"collection":[{"href":"http:\/\/www.tvturk.com\/index.php\/wp-json\/wp\/v2\/posts"}],"about":[{"href":"http:\/\/www.tvturk.com\/index.php\/wp-json\/wp\/v2\/types\/post"}],"author":[{"embeddable":true,"href":"http:\/\/www.tvturk.com\/index.php\/wp-json\/wp\/v2\/users\/1"}],"replies":[{"embeddable":true,"href":"http:\/\/www.tvturk.com\/index.php\/wp-json\/wp\/v2\/comments?post=200467"}],"version-history":[{"count":0,"href":"http:\/\/www.tvturk.com\/index.php\/wp-json\/wp\/v2\/posts\/200467\/revisions"}],"wp:featuredmedia":[{"embeddable":true,"href":"http:\/\/www.tvturk.com\/index.php\/wp-json\/wp\/v2\/media\/200468"}],"wp:attachment":[{"href":"http:\/\/www.tvturk.com\/index.php\/wp-json\/wp\/v2\/media?parent=200467"}],"wp:term":[{"taxonomy":"category","embeddable":true,"href":"http:\/\/www.tvturk.com\/index.php\/wp-json\/wp\/v2\/categories?post=200467"},{"taxonomy":"post_tag","embeddable":true,"href":"http:\/\/www.tvturk.com\/index.php\/wp-json\/wp\/v2\/tags?post=200467"}],"curies":[{"name":"wp","href":"https:\/\/api.w.org\/{rel}","templated":true}]}}