{"id":200579,"date":"2019-09-06T14:17:11","date_gmt":"2019-09-06T11:17:11","guid":{"rendered":"http:\/\/www.tvturk.com\/index.php\/saglik-bakanligindan-7-ulkenin-personellerine-acil-saglik-egitimi\/"},"modified":"2019-09-06T14:17:11","modified_gmt":"2019-09-06T11:17:11","slug":"saglik-bakanligindan-7-ulkenin-personellerine-acil-saglik-egitimi","status":"publish","type":"post","link":"http:\/\/www.tvturk.com\/index.php\/saglik-bakanligindan-7-ulkenin-personellerine-acil-saglik-egitimi\/","title":{"rendered":"Sa\u011fl\u0131k Bakanl\u0131\u011f\u0131ndan 7 \u00fclkenin personellerine Acil Sa\u011fl\u0131k E\u011fitimi"},"content":{"rendered":"<p>Sa\u011fl\u0131k Bakanl\u0131\u011f\u0131n\u0131n Acil Sa\u011fl\u0131k E\u011fitim Projesi (ASEP) kapsam\u0131nda 7 \u00f6zerk T\u00fcrk cumhuriyetinden gelen 21 sa\u011fl\u0131k personeline, \u0130zmir \u0130l Sa\u011fl\u0131k M\u00fcd\u00fcrl\u00fc\u011f\u00fc Urla Uluslararas\u0131 Acil, Afet E\u011fitim ve Sim\u00fclasyon Merkezinde e\u011fitim veriliyor.<\/p>\n<p>Sa\u011fl\u0131k Bakanl\u0131\u011f\u0131n\u0131n sa\u011fl\u0131kta edinilen tecr\u00fcbeleri, yak\u0131n i\u015fbirli\u011fi i\u00e7inde olunan dost ve karde\u015f \u00fclkelere aktarmak amac\u0131yla hayata ge\u00e7irdi\u011fi Acil Sa\u011fl\u0131k E\u011fitim Projesi\u2019ne, Ba\u015fkurdistan, \u00c7uva\u015fistan, Gagavuzya, Karakalpakistan, K\u0131r\u0131m, Nah\u00e7\u0131van ve Tataristan\u2019dan 21 sa\u011fl\u0131k personeli kat\u0131ld\u0131. 1-14 Eyl\u00fcl tarihleri aras\u0131nda \u0130zmir \u0130l Sa\u011fl\u0131k M\u00fcd\u00fcrl\u00fc\u011f\u00fc Urla Uluslararas\u0131 Acil, Afet E\u011fitim ve Sim\u00fclasyon Merkezinde verilen e\u011fitime kat\u0131lan sa\u011fl\u0131k personellerine, Acil Sa\u011fl\u0131k Hizmetleri Sunumu Bilgilendirmesi, Normal ve \u0130leri Ya\u015fam Destek Uygulamalar\u0131, Travma Ya\u015fam Destek Uygulamalar\u0131, Yeni Do\u011fan Ya\u015fam Destek Uygulamalar\u0131 ve Pediatrik Destek Uygulamalar\u0131, \u0130zmir 112 Acil Komuta Merkezi ziyareti, Acil ve Afetlerde Sa\u011fl\u0131k Hizmetleri Sunumu, Ambulans ve Helikopter Ambulans Hizmetleri konular\u0131nda teorik ve uygulamal\u0131 e\u011fitimler veriliyor.<\/p>\n<p>\u201cOrtak noktay\u0131 hat\u0131rlamaya \u00e7al\u0131\u015faca\u011f\u0131z\u201d<\/p>\n<p>\u0130zmir \u0130l Sa\u011fl\u0131k M\u00fcd\u00fcrl\u00fc\u011f\u00fcnde d\u00fczenlenen toplant\u0131da proje hakk\u0131nda konu\u015fan \u0130l Sa\u011fl\u0131k M\u00fcd\u00fcr\u00fc Op. Dr. M. Burak \u00d6ztop, &#8220;Daha \u00f6nce 34 \u00fclkeden 737 sa\u011fl\u0131k personeline e\u011fitim verdik. E\u011fitim vermeye de devam edece\u011fiz. \u015eu anda burada 7 \u00fclkeden 21 arkada\u015f\u0131m\u0131z var. Onlar\u0131n bizim k\u00fclt\u00fcr\u00fcm\u00fcz\u00fc tan\u0131malar\u0131 ve sa\u011fl\u0131k sistemimiz hakk\u0131nda bilgilenmelerini sa\u011flayaca\u011f\u0131z. Onlar\u0131n e\u011fitimlerine katk\u0131 vermeyi ve k\u00fclt\u00fcrlerimizdeki ortak noktalar\u0131 hat\u0131rlamaya \u00e7al\u0131\u015faca\u011f\u0131z. \u0130n\u015fallah verimli bir \u00e7al\u0131\u015fma olur&#8221; dedi.<\/p>\n<p>\u201cBuradaki e\u011fitimleri biz de \u00fclkemizde uygulayaca\u011f\u0131z\u201d<\/p>\n<p>Proje kapsam\u0131nda e\u011fitim alan sa\u011fl\u0131k personellerinden Svetlana Padueva, &#8220;Geldi\u011fimiz andan itibaren profesyonel ekipler bize e\u011fitim veriyor. \u00d6zellikle bu e\u011fitimlerde ilk ba\u015fta teorinin yap\u0131lmas\u0131 ve daha sonra uygulamaya ge\u00e7ilmesi ve mankenler \u00fczerinde bunlar\u0131 sanki canl\u0131ym\u0131\u015f gibi g\u00f6stermeleri \u00e7ok g\u00fczel. E\u011fitimde kullanm\u0131\u015f oldu\u011fumuz ekipmanlar son teknoloji. Bizim \u00fclkemizde olmayan ekipmanlar da var. Buradaki e\u011fitimleri biz de \u00fclkemize uygulayaca\u011f\u0131z. Her \u015feyden \u00e7ok memnunuz&#8221; ifadelerini kulland\u0131.<\/p>\n<p>\u201cBu e\u011fitimler devam ettik\u00e7e biz yeniden devlet olabiliriz\u201d<\/p>\n<p>Proje hakk\u0131nda g\u00f6r\u00fc\u015flerini belirten kat\u0131l\u0131mc\u0131lardan Aida Necefova ise &#8220;Azerbaycan\u2019a ba\u011fl\u0131 Nah\u00e7\u0131van Muhtar Cumhuriyetinden geliyorum. \u0130lk kez b\u00f6yle bir e\u011fitim daveti ald\u0131m. T\u00fcrkiye\u2019nin bir\u00e7ok merkezinde e\u011fitim ald\u0131m ama bu farkl\u0131. Biz bu projeyi haz\u0131rlayanlardan bir \u015fey rica ediyoruz. Biliyorsunuz Nahcivan, Azerbaycan\u2019dan ayr\u0131 bir yer. Ula\u015f\u0131m ve di\u011fer imkanlar k\u0131s\u0131tl\u0131 oldu\u011fundan dolay\u0131 bizim bu t\u00fcr e\u011fitimlere \u00e7ok ihtiyac\u0131m\u0131z var. Bu e\u011fitimler devam ettik\u00e7e biz yeniden devlet olabiliriz. Bundan dolay\u0131 Sa\u011fl\u0131k Bakan\u0131 Fahrettin Koca\u2019ya \u00e7ok te\u015fekk\u00fcr ederim&#8221; diye konu\u015ftu.<\/p>\n<p>Toplant\u0131n\u0131n sonunda kat\u0131l\u0131mc\u0131lar taraf\u0131ndan \u0130zmir \u0130l Sa\u011fl\u0131k M\u00fcd\u00fcr\u00fc Op. Dr. M. Burak \u00d6ztop\u2019a y\u00f6resel k\u0131yafet hediye edildi ve hat\u0131ra foto\u011fraf\u0131 \u00e7ektirildi.<\/p>\n","protected":false},"excerpt":{"rendered":"<p>SA\u011eLIK BAKANLI\u011eI&#8217;NIN D\u00dcZENLED\u0130\u011e\u0130 AC\u0130L SA\u011eLIK E\u011e\u0130T\u0130M PROJES\u0130 (ASEP) KAPSAMINDA \u00d6ZERK T\u00dcRK CUMHUR\u0130YETLER\u0130NDEN GELEN 21 K\u0130\u015e\u0130L\u0130K SA\u011eLIK PERSONEL\u0130NE \u0130ZM\u0130R \u0130L SA\u011eLIK M\u00dcD\u00dcRL\u00dc\u011e\u00dc URLA ULUSLARARASI AC\u0130L, AFET E\u011e\u0130T\u0130M VE S\u0130M\u00dcLASYON MERKEZ\u0130\u2019NDE MED\u0130KAL KURTARMA (UMKE) VE ASEP E\u011e\u0130T\u0130M\u0130 VER\u0130L\u0130YOR.<\/p>\n","protected":false},"author":1,"featured_media":200580,"comment_status":"closed","ping_status":"open","sticky":false,"template":"","format":"standard","meta":{"jetpack_post_was_ever_published":false,"_jetpack_newsletter_access":"","_jetpack_dont_email_post_to_subs":false,"_jetpack_newsletter_tier_id":0,"_jetpack_memberships_contains_paywalled_content":false,"_jetpack_memberships_contains_paid_content":false,"footnotes":"","jetpack_publicize_message":"","jetpack_publicize_feature_enabled":true,"jetpack_social_post_already_shared":true,"jetpack_social_options":{"image_generator_settings":{"template":"highway","default_image_id":0,"font":"","enabled":false},"version":2}},"categories":[1],"tags":[7016,34,581,9186,734,4938],"class_list":["post-200579","post","type-post","status-publish","format-standard","has-post-thumbnail","hentry","category-genel","tag-acil","tag-bakanligindan","tag-egitimi","tag-personellerine","tag-saglik","tag-ulkenin"],"jetpack_publicize_connections":[],"jetpack_featured_media_url":"https:\/\/i0.wp.com\/www.tvturk.com\/wp-content\/uploads\/2019\/09\/saglik-bakanligindan-7-ulkenin-personellerine-acil-saglik-egitimi_fe13a5d.jpg?fit=1000%2C666","jetpack_sharing_enabled":true,"jetpack_shortlink":"https:\/\/wp.me\/paKIfm-Qb9","_links":{"self":[{"href":"http:\/\/www.tvturk.com\/index.php\/wp-json\/wp\/v2\/posts\/200579","targetHints":{"allow":["GET"]}}],"collection":[{"href":"http:\/\/www.tvturk.com\/index.php\/wp-json\/wp\/v2\/posts"}],"about":[{"href":"http:\/\/www.tvturk.com\/index.php\/wp-json\/wp\/v2\/types\/post"}],"author":[{"embeddable":true,"href":"http:\/\/www.tvturk.com\/index.php\/wp-json\/wp\/v2\/users\/1"}],"replies":[{"embeddable":true,"href":"http:\/\/www.tvturk.com\/index.php\/wp-json\/wp\/v2\/comments?post=200579"}],"version-history":[{"count":0,"href":"http:\/\/www.tvturk.com\/index.php\/wp-json\/wp\/v2\/posts\/200579\/revisions"}],"wp:featuredmedia":[{"embeddable":true,"href":"http:\/\/www.tvturk.com\/index.php\/wp-json\/wp\/v2\/media\/200580"}],"wp:attachment":[{"href":"http:\/\/www.tvturk.com\/index.php\/wp-json\/wp\/v2\/media?parent=200579"}],"wp:term":[{"taxonomy":"category","embeddable":true,"href":"http:\/\/www.tvturk.com\/index.php\/wp-json\/wp\/v2\/categories?post=200579"},{"taxonomy":"post_tag","embeddable":true,"href":"http:\/\/www.tvturk.com\/index.php\/wp-json\/wp\/v2\/tags?post=200579"}],"curies":[{"name":"wp","href":"https:\/\/api.w.org\/{rel}","templated":true}]}}