{"id":200595,"date":"2019-09-06T14:32:44","date_gmt":"2019-09-06T11:32:44","guid":{"rendered":"http:\/\/www.tvturk.com\/index.php\/mvk-uluslararasi-turkiye-amator-acik-sampiyonasina-geri-sayim-basladi\/"},"modified":"2019-09-06T14:32:44","modified_gmt":"2019-09-06T11:32:44","slug":"mvk-uluslararasi-turkiye-amator-acik-sampiyonasina-geri-sayim-basladi","status":"publish","type":"post","link":"http:\/\/www.tvturk.com\/index.php\/mvk-uluslararasi-turkiye-amator-acik-sampiyonasina-geri-sayim-basladi\/","title":{"rendered":"MVK Uluslararas\u0131 T\u00fcrkiye Amat\u00f6r A\u00e7\u0131k \u015eampiyonas\u0131\u2019na geri say\u0131m ba\u015flad\u0131"},"content":{"rendered":"<p>MVK Uluslararas\u0131 T\u00fcrkiye Amat\u00f6r A\u00e7\u0131k \u015eampiyonas\u0131, 12-15 Eyl\u00fcl tarihlerinde Antalya Belek\u2019teki Titanic Golf Kul\u00fcb\u00fc\u2019nde yap\u0131lacak.<\/p>\n<p>T\u00fcrkiye Golf Federasyonu\u2019nun 2001 y\u0131l\u0131ndan bu yana d\u00fczenli olarak organize etti\u011fi ve bu y\u0131l 18.\u2019si ger\u00e7ekle\u015ftirilecek Uluslararas\u0131 T\u00fcrkiye Amat\u00f6r A\u00e7\u0131k \u015eampiyonas\u0131, 12-15 Eyl\u00fcl tarihlerinde Antalya\u2019da ger\u00e7ekle\u015ftirilecek.<\/p>\n<p>Turnuva son \u00fc\u00e7 y\u0131lda oldu\u011fu gibi bu y\u0131l da, 2016 y\u0131l\u0131n\u0131n ocak ay\u0131nda vefat eden ve T\u00fcrk golf\u00fcn\u00fcn geli\u015fmesine \u00f6nemli katk\u0131larda bulunan merhum i\u015f adam\u0131 Mustafa Vehbi Ko\u00e7 (MVK) ad\u0131na d\u00fczenlenecek.<\/p>\n<p>12-15 Eyl\u00fcl tarihleri aras\u0131nda Titanic Golf Sahas\u0131\u2019nda organize edilecek turnuvada 13 \u00fclkeden 64 oyuncu sahaya \u00e7\u0131kacak. \u015eampiyonada 11\u2019i kad\u0131n toplam 30 T\u00fcrk sporcu dereceye girmek i\u00e7in m\u00fccadele edecek.<\/p>\n<p>Ge\u00e7ti\u011fimiz y\u0131l Gloria Golf Kul\u00fcb\u00fc\u2019n\u00fcn Yeni Sahas\u0131\u2019nda oynanan \u015fampiyonada erkeklerde Slovak golf\u00e7\u00fc Jakub Hrinda toplamda 285 (-3) vuru\u015fla, kad\u0131nlarda ise Rus golf\u00e7\u00fc Nataliya Guseva toplamda 281 (-7) vuru\u015fla \u015fampiyon olmu\u015ftu.<\/p>\n<p>MVK Uluslararas\u0131 T\u00fcrkiye Amat\u00f6r A\u00e7\u0131k \u015eampiyonas\u0131\u2019n\u0131n k\u0131sa ge\u00e7mi\u015fine ra\u011fmen d\u00fcnyan\u0131n en \u00f6nemli amat\u00f6r turnuvalar\u0131ndan biri oldu\u011funu yineleyen T\u00fcrkiye Golf Federasyonu Ba\u015fkan\u0131 Ahmet A\u011fao\u011flu, &#8220;Bu prestijli \u015fampiyonada yeteneklerini g\u00f6stermek isteyen bir\u00e7ok gen\u00e7 oyuncu ile heyecan verici bir organizasyona \u015fahit olaca\u011f\u0131m\u0131za inan\u0131yorum. Ev sahibi kul\u00fcb\u00fc, kat\u0131l\u0131mc\u0131 \u00fclkelerin yetkililerini ve organizat\u00f6rleri \u015fampiyonlu\u011fun bir par\u00e7as\u0131 olmak i\u00e7in \u00e7al\u0131\u015fmalar\u0131ndan dolay\u0131 tebrik ediyorum. \u015eampiyonada m\u00fccadele edecek t\u00fcm sporculara ba\u015far\u0131lar diliyorum&#8221; dedi.<\/p>\n","protected":false},"excerpt":{"rendered":"<p>MVK ULUSLARARASI T\u00dcRK\u0130YE AMAT\u00d6R A\u00c7IK \u015eAMP\u0130YONASI, 12-15 EYL\u00dcL TAR\u0130HLER\u0130NDE ANTALYA BELEK\u2019TEK\u0130 T\u0130TAN\u0130C GOLF KUL\u00dcB\u00dc\u2019NDE YAPILACAK.<\/p>\n","protected":false},"author":1,"featured_media":200596,"comment_status":"closed","ping_status":"open","sticky":false,"template":"","format":"standard","meta":{"jetpack_post_was_ever_published":false,"_jetpack_newsletter_access":"","_jetpack_dont_email_post_to_subs":false,"_jetpack_newsletter_tier_id":0,"_jetpack_memberships_contains_paywalled_content":false,"_jetpack_memberships_contains_paid_content":false,"footnotes":"","jetpack_publicize_message":"","jetpack_publicize_feature_enabled":true,"jetpack_social_post_already_shared":true,"jetpack_social_options":{"image_generator_settings":{"template":"highway","default_image_id":0,"font":"","enabled":false},"version":2}},"categories":[657],"tags":[4839,9804,8220,55,592,50480,6842,5604,453],"class_list":["post-200595","post","type-post","status-publish","format-standard","has-post-thumbnail","hentry","category-spor","tag-uluslararasi","tag-acik","tag-amator","tag-basladi","tag-geri","tag-mvk","tag-sampiyonasina","tag-sayim","tag-turkiye"],"jetpack_publicize_connections":[],"jetpack_featured_media_url":"https:\/\/i0.wp.com\/www.tvturk.com\/wp-content\/uploads\/2019\/09\/mvk-uluslararasi-turkiye-amator-acik-sampiyonasina-geri-sayim-basladi_938fc48.jpg?fit=1000%2C710","jetpack_sharing_enabled":true,"jetpack_shortlink":"https:\/\/wp.me\/paKIfm-Qbp","_links":{"self":[{"href":"http:\/\/www.tvturk.com\/index.php\/wp-json\/wp\/v2\/posts\/200595","targetHints":{"allow":["GET"]}}],"collection":[{"href":"http:\/\/www.tvturk.com\/index.php\/wp-json\/wp\/v2\/posts"}],"about":[{"href":"http:\/\/www.tvturk.com\/index.php\/wp-json\/wp\/v2\/types\/post"}],"author":[{"embeddable":true,"href":"http:\/\/www.tvturk.com\/index.php\/wp-json\/wp\/v2\/users\/1"}],"replies":[{"embeddable":true,"href":"http:\/\/www.tvturk.com\/index.php\/wp-json\/wp\/v2\/comments?post=200595"}],"version-history":[{"count":0,"href":"http:\/\/www.tvturk.com\/index.php\/wp-json\/wp\/v2\/posts\/200595\/revisions"}],"wp:featuredmedia":[{"embeddable":true,"href":"http:\/\/www.tvturk.com\/index.php\/wp-json\/wp\/v2\/media\/200596"}],"wp:attachment":[{"href":"http:\/\/www.tvturk.com\/index.php\/wp-json\/wp\/v2\/media?parent=200595"}],"wp:term":[{"taxonomy":"category","embeddable":true,"href":"http:\/\/www.tvturk.com\/index.php\/wp-json\/wp\/v2\/categories?post=200595"},{"taxonomy":"post_tag","embeddable":true,"href":"http:\/\/www.tvturk.com\/index.php\/wp-json\/wp\/v2\/tags?post=200595"}],"curies":[{"name":"wp","href":"https:\/\/api.w.org\/{rel}","templated":true}]}}