{"id":20063,"date":"2019-02-11T09:36:47","date_gmt":"2019-02-11T06:36:47","guid":{"rendered":"http:\/\/www.tvturk.com\/index.php\/ozel-vanli-besicilerin-kis-mesaisi-zorlu-geciyor\/"},"modified":"2019-02-11T09:36:54","modified_gmt":"2019-02-11T06:36:54","slug":"ozel-vanli-besicilerin-kis-mesaisi-zorlu-geciyor","status":"publish","type":"post","link":"http:\/\/www.tvturk.com\/index.php\/ozel-vanli-besicilerin-kis-mesaisi-zorlu-geciyor\/","title":{"rendered":"(\u00d6zel) Vanl\u0131 besicilerin k\u0131\u015f mesaisi zorlu ge\u00e7iyor"},"content":{"rendered":"<p>T\u00fcrkiye\u2019nin \u00f6nemli hayvanc\u0131l\u0131k merkezlerinden olan Van\u2019da, besiciler k\u0131\u015f aylar\u0131nda canl\u0131 hayvan pazar\u0131na olan ilginin azalmas\u0131ndan yak\u0131nd\u0131.<\/p>\n<p>Van\u2019\u0131n \u0130pekyolu il\u00e7esine ba\u011fl\u0131 Bostani\u00e7i Mahallesi\u2019nde kurulan canl\u0131 hayvan pazar\u0131na sabah saatlerinde giden besiciler, k\u0131\u015f aylar\u0131nda elindeki hayvan\u0131 satabilmek i\u00e7in yo\u011fun \u00e7aba sarf ediyor. K\u0131\u015f mevsiminin gelmesiyle birlikte bat\u0131daki hayvan sahiplerinin kentteki hayvan pazar\u0131na u\u011framamas\u0131ndan yak\u0131nan besiciler, sat\u0131\u015f i\u00e7in al\u0131c\u0131 bulamad\u0131klar\u0131n\u0131 s\u00f6yledi. Hayvan fiyatlar\u0131n\u0131n d\u00fc\u015f\u00fck, yem fiyatlar\u0131n\u0131n ise y\u00fcksek oldu\u011funu ileri s\u00fcren besiciler, yem fiyatlar\u0131n\u0131n hayvan fiyatlar\u0131n\u0131 etkiledi\u011fini kaydetti.<\/p>\n<p>\u0130l\u00e7eye ba\u011fl\u0131 Er\u00e7ek Mahallesi\u2019nden hayvan pazar\u0131na geldi\u011fini s\u00f6yleyen Vahdettin \u00c7elik isimli besici, k\u0131\u015f aylar\u0131nda piyasan\u0131n \u00e7ok durgun oldu\u011funu belirtti. Sat\u0131\u015f\u0131n\u0131 ger\u00e7ekle\u015ftirdikleri hayvan\u0131n paras\u0131n\u0131 \u00e7ok ge\u00e7 ald\u0131klar\u0131n\u0131 ifade eden \u00c7elik, \u201cOrtada para yok. Alan ki\u015fi pe\u015fin alaca\u011f\u0131n\u0131 s\u00f6ylese bile bir ay sonra paras\u0131n\u0131 veriyor. Biz bu durumdan \u00e7ok ma\u011fduruz. \u015eu an k\u00fc\u00e7\u00fckba\u015f hayvan\u0131n fiyat\u0131 bin ile 2 bin lira aras\u0131nda de\u011fi\u015fiyor\u201d dedi.<\/p>\n<p>\u201cBat\u0131daki besicilerimiz ilimize gelmiyor\u201d<\/p>\n<p>Bat\u0131 illerinde hayvanc\u0131l\u0131kla ilgilenen al\u0131c\u0131lar\u0131n k\u0131\u015f aylar\u0131nda pazara gelmemesinden yak\u0131nan Fehim Ate\u015f isimli besici ise \u201c\u015eu an hayvan sevk\u0131yat\u0131 yap\u0131lm\u0131yor. Bat\u0131daki besicilerimiz ilimize gelmiyor. Hayvanc\u0131l\u0131\u011f\u0131n kayna\u011f\u0131 Van, Kars, A\u011fr\u0131 ve Erzurum\u2019dur. Hayvanc\u0131l\u0131k bitiyor. Hayvanc\u0131l\u0131k biterse ithal hayvan getirilecek. Hayvanc\u0131l\u0131\u011f\u0131n as\u0131l merkezi saym\u0131\u015f oldu\u011fum 4 illerdir. \u015eu an bir danan\u0131n fiyat\u0131 5 bindir. Ancak yemin torba fiyat\u0131 ise 80 lirad\u0131r. 5 bin liral\u0131k danaya 2 bin liral\u0131k masraf yap\u0131yoruz. Bu y\u00fczden 5 binlik danan\u0131n fiyat\u0131 7 bin oluyor\u201d diye konu\u015ftu.<\/p>\n<p>K\u00fc\u00e7\u00fckba\u015f hayvan\u0131n piyasas\u0131nda herhangi bir y\u00fckselme olmad\u0131\u011f\u0131n\u0131 belirten Zeki Eraygen de b\u00fcy\u00fckba\u015f hayvan piyasas\u0131n\u0131n y\u00fcksek oldu\u011funu dile getirdi.<\/p>\n<p>\u00d6te yandan, canl\u0131 hayvan pazar\u0131nda k\u00fc\u00e7\u00fckba\u015f hayvanlar bin liradan ba\u015flayan fiyatlarla al\u0131c\u0131 bulurken, b\u00fcy\u00fckba\u015f hayvan fiyatlar\u0131 ise 5 bin liradan ba\u015flay\u0131p 12 bin liraya kadar \u00e7\u0131kabiliyor.<div class=\"tiled-gallery type-rectangular tiled-gallery-unresized\" data-original-width=\"500\" data-carousel-extra='null' itemscope itemtype=\"http:\/\/schema.org\/ImageGallery\" > <div class=\"gallery-row\" style=\"width: 500px; height: 224px;\" data-original-width=\"500\" data-original-height=\"224\" > <div class=\"gallery-group images-1\" style=\"width: 334px; height: 224px;\" data-original-width=\"334\" data-original-height=\"224\" > <div class=\"tiled-gallery-item tiled-gallery-item-large\" itemprop=\"associatedMedia\" itemscope itemtype=\"http:\/\/schema.org\/ImageObject\"> <a href=\"http:\/\/www.tvturk.com\/index.php\/ozel-vanli-besicilerin-kis-mesaisi-zorlu-geciyor\/ozel-vanli-besicilerin-kis-mesaisi-zorlu-geciyor-3\/\" border=\"0\" itemprop=\"url\"> <meta itemprop=\"width\" content=\"330\"> <meta itemprop=\"height\" content=\"220\"> <img decoding=\"async\" class=\"\" data-attachment-id=\"20065\" data-orig-file=\"http:\/\/www.tvturk.com\/wp-content\/uploads\/2019\/02\/ozel-vanli-besicilerin-kis-mesaisi-zorlu-geciyor_1335487.jpg\" data-orig-size=\"1000,666\" data-comments-opened=\"\" data-image-meta=\"{&quot;aperture&quot;:&quot;0&quot;,&quot;credit&quot;:&quot;IHA&quot;,&quot;camera&quot;:&quot;&quot;,&quot;caption&quot;:&quot;VAN\\u0027IN \\u0130PEKYOLU \\u0130L\\u00c7ES\\u0130NE BA\\u011eLI BOSTAN\\u0130\\u00c7\\u0130 MAHALLES\\u0130\\u2019NDE KURULAN CANLI HAYVAN PAZARINA SABAH SAATLER\\u0130NDE G\\u0130DEN BES\\u0130C\\u0130LER, KI\\u015e AYINDA EL\\u0130NDEK\\u0130 HAYVANINI SATAB\\u0130LMEK \\u0130\\u00c7\\u0130N YO\\u011eUN \\u00c7ABA SARF ED\\u0130YOR. (YILMAZ S\\u00d6NMEZ\\\/VAN-\\u0130HA)&quot;,&quot;created_timestamp&quot;:&quot;0&quot;,&quot;copyright&quot;:&quot;\\u0130HLAS HABER AJANSI, www.iha.com.tr&quot;,&quot;focal_length&quot;:&quot;0&quot;,&quot;iso&quot;:&quot;0&quot;,&quot;shutter_speed&quot;:&quot;0&quot;,&quot;title&quot;:&quot;(\\u00d6ZEL) VANLI BES\\u0130C\\u0130LER\\u0130N KI\\u015e MESA\\u0130S\\u0130 ZORLU GE\\u00c7\\u0130YOR CANLI HAYVAN PAZARINA \\u0130LG\\u0130 AZALDI&quot;,&quot;orientation&quot;:&quot;0&quot;}\" data-image-title=\"(\u00d6zel) Vanl\u0131 besicilerin k\u0131\u015f mesaisi zorlu ge\u00e7iyor\" data-image-description=\"&lt;p&gt;(\u00d6zel) Vanl\u0131 besicilerin k\u0131\u015f mesaisi zorlu ge\u00e7iyor&lt;\/p&gt; \" data-medium-file=\"https:\/\/i0.wp.com\/www.tvturk.com\/wp-content\/uploads\/2019\/02\/ozel-vanli-besicilerin-kis-mesaisi-zorlu-geciyor_1335487.jpg?fit=300%2C200\" data-large-file=\"https:\/\/i0.wp.com\/www.tvturk.com\/wp-content\/uploads\/2019\/02\/ozel-vanli-besicilerin-kis-mesaisi-zorlu-geciyor_1335487.jpg?fit=1000%2C666\" src=\"https:\/\/i0.wp.com\/www.tvturk.com\/wp-content\/uploads\/2019\/02\/ozel-vanli-besicilerin-kis-mesaisi-zorlu-geciyor_1335487.jpg?w=330&#038;h=220\" srcset=\"https:\/\/i0.wp.com\/www.tvturk.com\/wp-content\/uploads\/2019\/02\/ozel-vanli-besicilerin-kis-mesaisi-zorlu-geciyor_1335487.jpg?w=1000 1000w, https:\/\/i0.wp.com\/www.tvturk.com\/wp-content\/uploads\/2019\/02\/ozel-vanli-besicilerin-kis-mesaisi-zorlu-geciyor_1335487.jpg?resize=150%2C100 150w, https:\/\/i0.wp.com\/www.tvturk.com\/wp-content\/uploads\/2019\/02\/ozel-vanli-besicilerin-kis-mesaisi-zorlu-geciyor_1335487.jpg?resize=300%2C200 300w, https:\/\/i0.wp.com\/www.tvturk.com\/wp-content\/uploads\/2019\/02\/ozel-vanli-besicilerin-kis-mesaisi-zorlu-geciyor_1335487.jpg?resize=768%2C511 768w, https:\/\/i0.wp.com\/www.tvturk.com\/wp-content\/uploads\/2019\/02\/ozel-vanli-besicilerin-kis-mesaisi-zorlu-geciyor_1335487.jpg?resize=170%2C113 170w, https:\/\/i0.wp.com\/www.tvturk.com\/wp-content\/uploads\/2019\/02\/ozel-vanli-besicilerin-kis-mesaisi-zorlu-geciyor_1335487.jpg?resize=120%2C80 120w\" width=\"330\" height=\"220\" loading=\"lazy\" data-original-width=\"330\" data-original-height=\"220\" itemprop=\"http:\/\/schema.org\/image\" title=\"(\u00d6zel) Vanl\u0131 besicilerin k\u0131\u015f mesaisi zorlu ge\u00e7iyor\" alt=\"(\u00d6zel) Vanl\u0131 besicilerin k\u0131\u015f mesaisi zorlu ge\u00e7iyor\" style=\"width: 330px; height: 220px;\" \/> <\/a> <\/div> <\/div> <!-- close group --> <div class=\"gallery-group images-2\" style=\"width: 166px; height: 224px;\" data-original-width=\"166\" data-original-height=\"224\" > <div class=\"tiled-gallery-item tiled-gallery-item-small\" itemprop=\"associatedMedia\" itemscope itemtype=\"http:\/\/schema.org\/ImageObject\"> <a href=\"http:\/\/www.tvturk.com\/index.php\/ozel-vanli-besicilerin-kis-mesaisi-zorlu-geciyor\/ozel-vanli-besicilerin-kis-mesaisi-zorlu-geciyor-4\/\" border=\"0\" itemprop=\"url\"> <meta itemprop=\"width\" content=\"162\"> <meta itemprop=\"height\" content=\"108\"> <img decoding=\"async\" class=\"\" data-attachment-id=\"20066\" data-orig-file=\"http:\/\/www.tvturk.com\/wp-content\/uploads\/2019\/02\/ozel-vanli-besicilerin-kis-mesaisi-zorlu-geciyor_8fc4880.jpg\" data-orig-size=\"1000,666\" data-comments-opened=\"\" data-image-meta=\"{&quot;aperture&quot;:&quot;0&quot;,&quot;credit&quot;:&quot;IHA&quot;,&quot;camera&quot;:&quot;&quot;,&quot;caption&quot;:&quot;KI\\u015e MEVS\\u0130M\\u0130N\\u0130N GELMES\\u0130YLE B\\u0130RL\\u0130KTE BATIDAK\\u0130 HAYVAN SAH\\u0130PLER\\u0130N\\u0130N KENTTEK\\u0130 HAYVAN PAZARINA U\\u011eRAMAMASINDAN YAKINAN BES\\u0130C\\u0130LER, SATI\\u015e \\u0130\\u00c7\\u0130N ALICI BULAMADIKLARINI S\\u00d6YLED\\u0130LER. (YILMAZ S\\u00d6NMEZ\\\/VAN-\\u0130HA)&quot;,&quot;created_timestamp&quot;:&quot;0&quot;,&quot;copyright&quot;:&quot;\\u0130HLAS HABER AJANSI, www.iha.com.tr&quot;,&quot;focal_length&quot;:&quot;0&quot;,&quot;iso&quot;:&quot;0&quot;,&quot;shutter_speed&quot;:&quot;0&quot;,&quot;title&quot;:&quot;(\\u00d6ZEL) VANLI BES\\u0130C\\u0130LER\\u0130N KI\\u015e MESA\\u0130S\\u0130 ZORLU GE\\u00c7\\u0130YOR CANLI HAYVAN PAZARINA \\u0130LG\\u0130 AZALDI&quot;,&quot;orientation&quot;:&quot;0&quot;}\" data-image-title=\"(\u00d6zel) Vanl\u0131 besicilerin k\u0131\u015f mesaisi zorlu ge\u00e7iyor\" data-image-description=\"&lt;p&gt;(\u00d6zel) Vanl\u0131 besicilerin k\u0131\u015f mesaisi zorlu ge\u00e7iyor&lt;\/p&gt; \" data-medium-file=\"https:\/\/i0.wp.com\/www.tvturk.com\/wp-content\/uploads\/2019\/02\/ozel-vanli-besicilerin-kis-mesaisi-zorlu-geciyor_8fc4880.jpg?fit=300%2C200\" data-large-file=\"https:\/\/i0.wp.com\/www.tvturk.com\/wp-content\/uploads\/2019\/02\/ozel-vanli-besicilerin-kis-mesaisi-zorlu-geciyor_8fc4880.jpg?fit=1000%2C666\" src=\"https:\/\/i0.wp.com\/www.tvturk.com\/wp-content\/uploads\/2019\/02\/ozel-vanli-besicilerin-kis-mesaisi-zorlu-geciyor_8fc4880.jpg?w=162&#038;h=108\" srcset=\"https:\/\/i0.wp.com\/www.tvturk.com\/wp-content\/uploads\/2019\/02\/ozel-vanli-besicilerin-kis-mesaisi-zorlu-geciyor_8fc4880.jpg?w=1000 1000w, https:\/\/i0.wp.com\/www.tvturk.com\/wp-content\/uploads\/2019\/02\/ozel-vanli-besicilerin-kis-mesaisi-zorlu-geciyor_8fc4880.jpg?resize=150%2C100 150w, https:\/\/i0.wp.com\/www.tvturk.com\/wp-content\/uploads\/2019\/02\/ozel-vanli-besicilerin-kis-mesaisi-zorlu-geciyor_8fc4880.jpg?resize=300%2C200 300w, https:\/\/i0.wp.com\/www.tvturk.com\/wp-content\/uploads\/2019\/02\/ozel-vanli-besicilerin-kis-mesaisi-zorlu-geciyor_8fc4880.jpg?resize=768%2C511 768w, https:\/\/i0.wp.com\/www.tvturk.com\/wp-content\/uploads\/2019\/02\/ozel-vanli-besicilerin-kis-mesaisi-zorlu-geciyor_8fc4880.jpg?resize=170%2C113 170w, https:\/\/i0.wp.com\/www.tvturk.com\/wp-content\/uploads\/2019\/02\/ozel-vanli-besicilerin-kis-mesaisi-zorlu-geciyor_8fc4880.jpg?resize=120%2C80 120w\" width=\"162\" height=\"108\" loading=\"lazy\" data-original-width=\"162\" data-original-height=\"108\" itemprop=\"http:\/\/schema.org\/image\" title=\"(\u00d6zel) Vanl\u0131 besicilerin k\u0131\u015f mesaisi zorlu ge\u00e7iyor\" alt=\"(\u00d6zel) Vanl\u0131 besicilerin k\u0131\u015f mesaisi zorlu ge\u00e7iyor\" style=\"width: 162px; height: 108px;\" \/> <\/a> <\/div> <div class=\"tiled-gallery-item tiled-gallery-item-small\" itemprop=\"associatedMedia\" itemscope itemtype=\"http:\/\/schema.org\/ImageObject\"> <a href=\"http:\/\/www.tvturk.com\/index.php\/ozel-vanli-besicilerin-kis-mesaisi-zorlu-geciyor\/ozel-vanli-besicilerin-kis-mesaisi-zorlu-geciyor-5\/\" border=\"0\" itemprop=\"url\"> <meta itemprop=\"width\" content=\"162\"> <meta itemprop=\"height\" content=\"108\"> <img decoding=\"async\" class=\"\" data-attachment-id=\"20067\" data-orig-file=\"http:\/\/www.tvturk.com\/wp-content\/uploads\/2019\/02\/ozel-vanli-besicilerin-kis-mesaisi-zorlu-geciyor_7a7a5ec.jpg\" data-orig-size=\"1000,666\" data-comments-opened=\"\" data-image-meta=\"{&quot;aperture&quot;:&quot;0&quot;,&quot;credit&quot;:&quot;IHA&quot;,&quot;camera&quot;:&quot;&quot;,&quot;caption&quot;:&quot;HAYVAN F\\u0130YATLARININ UCUZ AMA YEM F\\u0130YATLARININ Y\\u00dcKSEK OLDU\\u011eUNU \\u0130LER\\u0130 S\\u00dcREN BES\\u0130C\\u0130LER, YEM F\\u0130YATLARININ HAYVAN F\\u0130YATLARINI ETK\\u0130LED\\u0130\\u011e\\u0130N\\u0130 KAYDETT\\u0130. (YILMAZ S\\u00d6NMEZ\\\/VAN-\\u0130HA)&quot;,&quot;created_timestamp&quot;:&quot;0&quot;,&quot;copyright&quot;:&quot;\\u0130HLAS HABER AJANSI, www.iha.com.tr&quot;,&quot;focal_length&quot;:&quot;0&quot;,&quot;iso&quot;:&quot;0&quot;,&quot;shutter_speed&quot;:&quot;0&quot;,&quot;title&quot;:&quot;(\\u00d6ZEL) VANLI BES\\u0130C\\u0130LER\\u0130N KI\\u015e MESA\\u0130S\\u0130 ZORLU GE\\u00c7\\u0130YOR CANLI HAYVAN PAZARINA \\u0130LG\\u0130 AZALDI&quot;,&quot;orientation&quot;:&quot;0&quot;}\" data-image-title=\"(\u00d6zel) Vanl\u0131 besicilerin k\u0131\u015f mesaisi zorlu ge\u00e7iyor\" data-image-description=\"&lt;p&gt;(\u00d6zel) Vanl\u0131 besicilerin k\u0131\u015f mesaisi zorlu ge\u00e7iyor&lt;\/p&gt; \" data-medium-file=\"https:\/\/i0.wp.com\/www.tvturk.com\/wp-content\/uploads\/2019\/02\/ozel-vanli-besicilerin-kis-mesaisi-zorlu-geciyor_7a7a5ec.jpg?fit=300%2C200\" data-large-file=\"https:\/\/i0.wp.com\/www.tvturk.com\/wp-content\/uploads\/2019\/02\/ozel-vanli-besicilerin-kis-mesaisi-zorlu-geciyor_7a7a5ec.jpg?fit=1000%2C666\" src=\"https:\/\/i0.wp.com\/www.tvturk.com\/wp-content\/uploads\/2019\/02\/ozel-vanli-besicilerin-kis-mesaisi-zorlu-geciyor_7a7a5ec.jpg?w=162&#038;h=108\" srcset=\"https:\/\/i0.wp.com\/www.tvturk.com\/wp-content\/uploads\/2019\/02\/ozel-vanli-besicilerin-kis-mesaisi-zorlu-geciyor_7a7a5ec.jpg?w=1000 1000w, https:\/\/i0.wp.com\/www.tvturk.com\/wp-content\/uploads\/2019\/02\/ozel-vanli-besicilerin-kis-mesaisi-zorlu-geciyor_7a7a5ec.jpg?resize=150%2C100 150w, https:\/\/i0.wp.com\/www.tvturk.com\/wp-content\/uploads\/2019\/02\/ozel-vanli-besicilerin-kis-mesaisi-zorlu-geciyor_7a7a5ec.jpg?resize=300%2C200 300w, https:\/\/i0.wp.com\/www.tvturk.com\/wp-content\/uploads\/2019\/02\/ozel-vanli-besicilerin-kis-mesaisi-zorlu-geciyor_7a7a5ec.jpg?resize=768%2C511 768w, https:\/\/i0.wp.com\/www.tvturk.com\/wp-content\/uploads\/2019\/02\/ozel-vanli-besicilerin-kis-mesaisi-zorlu-geciyor_7a7a5ec.jpg?resize=170%2C113 170w, https:\/\/i0.wp.com\/www.tvturk.com\/wp-content\/uploads\/2019\/02\/ozel-vanli-besicilerin-kis-mesaisi-zorlu-geciyor_7a7a5ec.jpg?resize=120%2C80 120w\" width=\"162\" height=\"108\" loading=\"lazy\" data-original-width=\"162\" data-original-height=\"108\" itemprop=\"http:\/\/schema.org\/image\" title=\"(\u00d6zel) Vanl\u0131 besicilerin k\u0131\u015f mesaisi zorlu ge\u00e7iyor\" alt=\"(\u00d6zel) Vanl\u0131 besicilerin k\u0131\u015f mesaisi zorlu ge\u00e7iyor\" style=\"width: 162px; height: 108px;\" \/> <\/a> <\/div> <\/div> <!-- close group --> <\/div> <!-- close row --> <div class=\"gallery-row\" style=\"width: 500px; height: 112px;\" data-original-width=\"500\" data-original-height=\"112\" > <div class=\"gallery-group images-1\" style=\"width: 167px; height: 112px;\" data-original-width=\"167\" data-original-height=\"112\" > <div class=\"tiled-gallery-item tiled-gallery-item-small\" itemprop=\"associatedMedia\" itemscope itemtype=\"http:\/\/schema.org\/ImageObject\"> <a href=\"http:\/\/www.tvturk.com\/index.php\/ozel-vanli-besicilerin-kis-mesaisi-zorlu-geciyor\/ozel-vanli-besicilerin-kis-mesaisi-zorlu-geciyor-6\/\" border=\"0\" itemprop=\"url\"> <meta itemprop=\"width\" content=\"163\"> <meta itemprop=\"height\" content=\"108\"> <img decoding=\"async\" class=\"\" data-attachment-id=\"20068\" data-orig-file=\"http:\/\/www.tvturk.com\/wp-content\/uploads\/2019\/02\/ozel-vanli-besicilerin-kis-mesaisi-zorlu-geciyor_707d419.jpg\" data-orig-size=\"1000,666\" data-comments-opened=\"\" data-image-meta=\"{&quot;aperture&quot;:&quot;0&quot;,&quot;credit&quot;:&quot;IHA&quot;,&quot;camera&quot;:&quot;&quot;,&quot;caption&quot;:&quot;T\\u00dcRK\\u0130YE\\u0027N\\u0130N \\u00d6NEML\\u0130 HAYVANCILIK MERKEZLER\\u0130NDEN OLAN VAN\\u0027DA BES\\u0130C\\u0130LER, KI\\u015e AYLARINDA CANLI HAYVAN PAZARINA OLAN \\u0130LG\\u0130N\\u0130N AZALMASINDAN YAKINDI. (YILMAZ S\\u00d6NMEZ\\\/VAN-\\u0130HA)&quot;,&quot;created_timestamp&quot;:&quot;0&quot;,&quot;copyright&quot;:&quot;\\u0130HLAS HABER AJANSI, www.iha.com.tr&quot;,&quot;focal_length&quot;:&quot;0&quot;,&quot;iso&quot;:&quot;0&quot;,&quot;shutter_speed&quot;:&quot;0&quot;,&quot;title&quot;:&quot;(\\u00d6ZEL) VANLI BES\\u0130C\\u0130LER\\u0130N KI\\u015e MESA\\u0130S\\u0130 ZORLU GE\\u00c7\\u0130YOR CANLI HAYVAN PAZARINA \\u0130LG\\u0130 AZALDI&quot;,&quot;orientation&quot;:&quot;0&quot;}\" data-image-title=\"(\u00d6zel) Vanl\u0131 besicilerin k\u0131\u015f mesaisi zorlu ge\u00e7iyor\" data-image-description=\"&lt;p&gt;(\u00d6zel) Vanl\u0131 besicilerin k\u0131\u015f mesaisi zorlu ge\u00e7iyor&lt;\/p&gt; \" data-medium-file=\"https:\/\/i0.wp.com\/www.tvturk.com\/wp-content\/uploads\/2019\/02\/ozel-vanli-besicilerin-kis-mesaisi-zorlu-geciyor_707d419.jpg?fit=300%2C200\" data-large-file=\"https:\/\/i0.wp.com\/www.tvturk.com\/wp-content\/uploads\/2019\/02\/ozel-vanli-besicilerin-kis-mesaisi-zorlu-geciyor_707d419.jpg?fit=1000%2C666\" src=\"https:\/\/i0.wp.com\/www.tvturk.com\/wp-content\/uploads\/2019\/02\/ozel-vanli-besicilerin-kis-mesaisi-zorlu-geciyor_707d419.jpg?w=163&#038;h=108\" srcset=\"https:\/\/i0.wp.com\/www.tvturk.com\/wp-content\/uploads\/2019\/02\/ozel-vanli-besicilerin-kis-mesaisi-zorlu-geciyor_707d419.jpg?w=1000 1000w, https:\/\/i0.wp.com\/www.tvturk.com\/wp-content\/uploads\/2019\/02\/ozel-vanli-besicilerin-kis-mesaisi-zorlu-geciyor_707d419.jpg?resize=150%2C100 150w, https:\/\/i0.wp.com\/www.tvturk.com\/wp-content\/uploads\/2019\/02\/ozel-vanli-besicilerin-kis-mesaisi-zorlu-geciyor_707d419.jpg?resize=300%2C200 300w, https:\/\/i0.wp.com\/www.tvturk.com\/wp-content\/uploads\/2019\/02\/ozel-vanli-besicilerin-kis-mesaisi-zorlu-geciyor_707d419.jpg?resize=768%2C511 768w, https:\/\/i0.wp.com\/www.tvturk.com\/wp-content\/uploads\/2019\/02\/ozel-vanli-besicilerin-kis-mesaisi-zorlu-geciyor_707d419.jpg?resize=170%2C113 170w, https:\/\/i0.wp.com\/www.tvturk.com\/wp-content\/uploads\/2019\/02\/ozel-vanli-besicilerin-kis-mesaisi-zorlu-geciyor_707d419.jpg?resize=120%2C80 120w\" width=\"163\" height=\"108\" loading=\"lazy\" data-original-width=\"163\" data-original-height=\"108\" itemprop=\"http:\/\/schema.org\/image\" title=\"(\u00d6zel) Vanl\u0131 besicilerin k\u0131\u015f mesaisi zorlu ge\u00e7iyor\" alt=\"(\u00d6zel) Vanl\u0131 besicilerin k\u0131\u015f mesaisi zorlu ge\u00e7iyor\" style=\"width: 163px; height: 108px;\" \/> <\/a> <\/div> <\/div> <!-- close group --> <div class=\"gallery-group images-1\" style=\"width: 167px; height: 112px;\" data-original-width=\"167\" data-original-height=\"112\" > <div class=\"tiled-gallery-item tiled-gallery-item-small\" itemprop=\"associatedMedia\" itemscope itemtype=\"http:\/\/schema.org\/ImageObject\"> <a href=\"http:\/\/www.tvturk.com\/index.php\/ozel-vanli-besicilerin-kis-mesaisi-zorlu-geciyor\/ozel-vanli-besicilerin-kis-mesaisi-zorlu-geciyor-7\/\" border=\"0\" itemprop=\"url\"> <meta itemprop=\"width\" content=\"163\"> <meta itemprop=\"height\" content=\"108\"> <img decoding=\"async\" class=\"\" data-attachment-id=\"20069\" data-orig-file=\"http:\/\/www.tvturk.com\/wp-content\/uploads\/2019\/02\/ozel-vanli-besicilerin-kis-mesaisi-zorlu-geciyor_bce66e4.jpg\" data-orig-size=\"1000,666\" data-comments-opened=\"\" data-image-meta=\"{&quot;aperture&quot;:&quot;0&quot;,&quot;credit&quot;:&quot;IHA&quot;,&quot;camera&quot;:&quot;&quot;,&quot;caption&quot;:&quot;T\\u00dcRK\\u0130YE\\u0027N\\u0130N \\u00d6NEML\\u0130 HAYVANCILIK MERKEZLER\\u0130NDEN OLAN VAN\\u0027DA BES\\u0130C\\u0130LER, KI\\u015e AYLARINDA CANLI HAYVAN PAZARINA OLAN \\u0130LG\\u0130N\\u0130N AZALMASINDAN YAKINDI. (YILMAZ S\\u00d6NMEZ\\\/VAN-\\u0130HA)&quot;,&quot;created_timestamp&quot;:&quot;0&quot;,&quot;copyright&quot;:&quot;\\u0130HLAS HABER AJANSI, www.iha.com.tr&quot;,&quot;focal_length&quot;:&quot;0&quot;,&quot;iso&quot;:&quot;0&quot;,&quot;shutter_speed&quot;:&quot;0&quot;,&quot;title&quot;:&quot;(\\u00d6ZEL) VANLI BES\\u0130C\\u0130LER\\u0130N KI\\u015e MESA\\u0130S\\u0130 ZORLU GE\\u00c7\\u0130YOR CANLI HAYVAN PAZARINA \\u0130LG\\u0130 AZALDI&quot;,&quot;orientation&quot;:&quot;0&quot;}\" data-image-title=\"(\u00d6zel) Vanl\u0131 besicilerin k\u0131\u015f mesaisi zorlu ge\u00e7iyor\" data-image-description=\"&lt;p&gt;(\u00d6zel) Vanl\u0131 besicilerin k\u0131\u015f mesaisi zorlu ge\u00e7iyor&lt;\/p&gt; \" data-medium-file=\"https:\/\/i0.wp.com\/www.tvturk.com\/wp-content\/uploads\/2019\/02\/ozel-vanli-besicilerin-kis-mesaisi-zorlu-geciyor_bce66e4.jpg?fit=300%2C200\" data-large-file=\"https:\/\/i0.wp.com\/www.tvturk.com\/wp-content\/uploads\/2019\/02\/ozel-vanli-besicilerin-kis-mesaisi-zorlu-geciyor_bce66e4.jpg?fit=1000%2C666\" src=\"https:\/\/i0.wp.com\/www.tvturk.com\/wp-content\/uploads\/2019\/02\/ozel-vanli-besicilerin-kis-mesaisi-zorlu-geciyor_bce66e4.jpg?w=163&#038;h=108\" srcset=\"https:\/\/i0.wp.com\/www.tvturk.com\/wp-content\/uploads\/2019\/02\/ozel-vanli-besicilerin-kis-mesaisi-zorlu-geciyor_bce66e4.jpg?w=1000 1000w, https:\/\/i0.wp.com\/www.tvturk.com\/wp-content\/uploads\/2019\/02\/ozel-vanli-besicilerin-kis-mesaisi-zorlu-geciyor_bce66e4.jpg?resize=150%2C100 150w, https:\/\/i0.wp.com\/www.tvturk.com\/wp-content\/uploads\/2019\/02\/ozel-vanli-besicilerin-kis-mesaisi-zorlu-geciyor_bce66e4.jpg?resize=300%2C200 300w, https:\/\/i0.wp.com\/www.tvturk.com\/wp-content\/uploads\/2019\/02\/ozel-vanli-besicilerin-kis-mesaisi-zorlu-geciyor_bce66e4.jpg?resize=768%2C511 768w, https:\/\/i0.wp.com\/www.tvturk.com\/wp-content\/uploads\/2019\/02\/ozel-vanli-besicilerin-kis-mesaisi-zorlu-geciyor_bce66e4.jpg?resize=170%2C113 170w, https:\/\/i0.wp.com\/www.tvturk.com\/wp-content\/uploads\/2019\/02\/ozel-vanli-besicilerin-kis-mesaisi-zorlu-geciyor_bce66e4.jpg?resize=120%2C80 120w\" width=\"163\" height=\"108\" loading=\"lazy\" data-original-width=\"163\" data-original-height=\"108\" itemprop=\"http:\/\/schema.org\/image\" title=\"(\u00d6zel) Vanl\u0131 besicilerin k\u0131\u015f mesaisi zorlu ge\u00e7iyor\" alt=\"(\u00d6zel) Vanl\u0131 besicilerin k\u0131\u015f mesaisi zorlu ge\u00e7iyor\" style=\"width: 163px; height: 108px;\" \/> <\/a> <\/div> <\/div> <!-- close group --> <div class=\"gallery-group images-1\" style=\"width: 166px; height: 112px;\" data-original-width=\"166\" data-original-height=\"112\" > <div class=\"tiled-gallery-item tiled-gallery-item-small\" itemprop=\"associatedMedia\" itemscope itemtype=\"http:\/\/schema.org\/ImageObject\"> <a href=\"http:\/\/www.tvturk.com\/index.php\/ozel-vanli-besicilerin-kis-mesaisi-zorlu-geciyor\/ozel-vanli-besicilerin-kis-mesaisi-zorlu-geciyor-8\/\" border=\"0\" itemprop=\"url\"> <meta itemprop=\"width\" content=\"162\"> <meta itemprop=\"height\" content=\"108\"> <img decoding=\"async\" class=\"\" data-attachment-id=\"20070\" data-orig-file=\"http:\/\/www.tvturk.com\/wp-content\/uploads\/2019\/02\/ozel-vanli-besicilerin-kis-mesaisi-zorlu-geciyor_d5d219c.jpg\" data-orig-size=\"1000,666\" data-comments-opened=\"\" data-image-meta=\"{&quot;aperture&quot;:&quot;0&quot;,&quot;credit&quot;:&quot;IHA&quot;,&quot;camera&quot;:&quot;&quot;,&quot;caption&quot;:&quot;T\\u00dcRK\\u0130YE\\u0027N\\u0130N \\u00d6NEML\\u0130 HAYVANCILIK MERKEZLER\\u0130NDEN OLAN VAN\\u0027DA BES\\u0130C\\u0130LER, KI\\u015e AYLARINDA CANLI HAYVAN PAZARINA OLAN \\u0130LG\\u0130N\\u0130N AZALMASINDAN YAKINDI. (YILMAZ S\\u00d6NMEZ\\\/VAN-\\u0130HA)&quot;,&quot;created_timestamp&quot;:&quot;0&quot;,&quot;copyright&quot;:&quot;\\u0130HLAS HABER AJANSI, www.iha.com.tr&quot;,&quot;focal_length&quot;:&quot;0&quot;,&quot;iso&quot;:&quot;0&quot;,&quot;shutter_speed&quot;:&quot;0&quot;,&quot;title&quot;:&quot;(\\u00d6ZEL) VANLI BES\\u0130C\\u0130LER\\u0130N KI\\u015e MESA\\u0130S\\u0130 ZORLU GE\\u00c7\\u0130YOR CANLI HAYVAN PAZARINA \\u0130LG\\u0130 AZALDI&quot;,&quot;orientation&quot;:&quot;0&quot;}\" data-image-title=\"(\u00d6zel) Vanl\u0131 besicilerin k\u0131\u015f mesaisi zorlu ge\u00e7iyor\" data-image-description=\"&lt;p&gt;(\u00d6zel) Vanl\u0131 besicilerin k\u0131\u015f mesaisi zorlu ge\u00e7iyor&lt;\/p&gt; \" data-medium-file=\"https:\/\/i0.wp.com\/www.tvturk.com\/wp-content\/uploads\/2019\/02\/ozel-vanli-besicilerin-kis-mesaisi-zorlu-geciyor_d5d219c.jpg?fit=300%2C200\" data-large-file=\"https:\/\/i0.wp.com\/www.tvturk.com\/wp-content\/uploads\/2019\/02\/ozel-vanli-besicilerin-kis-mesaisi-zorlu-geciyor_d5d219c.jpg?fit=1000%2C666\" src=\"https:\/\/i0.wp.com\/www.tvturk.com\/wp-content\/uploads\/2019\/02\/ozel-vanli-besicilerin-kis-mesaisi-zorlu-geciyor_d5d219c.jpg?w=162&#038;h=108\" srcset=\"https:\/\/i0.wp.com\/www.tvturk.com\/wp-content\/uploads\/2019\/02\/ozel-vanli-besicilerin-kis-mesaisi-zorlu-geciyor_d5d219c.jpg?w=1000 1000w, https:\/\/i0.wp.com\/www.tvturk.com\/wp-content\/uploads\/2019\/02\/ozel-vanli-besicilerin-kis-mesaisi-zorlu-geciyor_d5d219c.jpg?resize=150%2C100 150w, https:\/\/i0.wp.com\/www.tvturk.com\/wp-content\/uploads\/2019\/02\/ozel-vanli-besicilerin-kis-mesaisi-zorlu-geciyor_d5d219c.jpg?resize=300%2C200 300w, https:\/\/i0.wp.com\/www.tvturk.com\/wp-content\/uploads\/2019\/02\/ozel-vanli-besicilerin-kis-mesaisi-zorlu-geciyor_d5d219c.jpg?resize=768%2C511 768w, https:\/\/i0.wp.com\/www.tvturk.com\/wp-content\/uploads\/2019\/02\/ozel-vanli-besicilerin-kis-mesaisi-zorlu-geciyor_d5d219c.jpg?resize=170%2C113 170w, https:\/\/i0.wp.com\/www.tvturk.com\/wp-content\/uploads\/2019\/02\/ozel-vanli-besicilerin-kis-mesaisi-zorlu-geciyor_d5d219c.jpg?resize=120%2C80 120w\" width=\"162\" height=\"108\" loading=\"lazy\" data-original-width=\"162\" data-original-height=\"108\" itemprop=\"http:\/\/schema.org\/image\" title=\"(\u00d6zel) Vanl\u0131 besicilerin k\u0131\u015f mesaisi zorlu ge\u00e7iyor\" alt=\"(\u00d6zel) Vanl\u0131 besicilerin k\u0131\u015f mesaisi zorlu ge\u00e7iyor\" style=\"width: 162px; height: 108px;\" \/> <\/a> <\/div> <\/div> <!-- close group --> <\/div> <!-- close row --> <div class=\"gallery-row\" style=\"width: 500px; height: 168px;\" data-original-width=\"500\" data-original-height=\"168\" > <div class=\"gallery-group images-1\" style=\"width: 250px; height: 168px;\" data-original-width=\"250\" data-original-height=\"168\" > <div class=\"tiled-gallery-item tiled-gallery-item-small\" itemprop=\"associatedMedia\" itemscope itemtype=\"http:\/\/schema.org\/ImageObject\"> <a href=\"http:\/\/www.tvturk.com\/index.php\/ozel-vanli-besicilerin-kis-mesaisi-zorlu-geciyor\/ozel-vanli-besicilerin-kis-mesaisi-zorlu-geciyor-9\/\" border=\"0\" itemprop=\"url\"> <meta itemprop=\"width\" content=\"246\"> <meta itemprop=\"height\" content=\"164\"> <img decoding=\"async\" class=\"\" data-attachment-id=\"20071\" data-orig-file=\"http:\/\/www.tvturk.com\/wp-content\/uploads\/2019\/02\/ozel-vanli-besicilerin-kis-mesaisi-zorlu-geciyor_8138f5f.jpg\" data-orig-size=\"1000,666\" data-comments-opened=\"\" data-image-meta=\"{&quot;aperture&quot;:&quot;0&quot;,&quot;credit&quot;:&quot;IHA&quot;,&quot;camera&quot;:&quot;&quot;,&quot;caption&quot;:&quot;\\u0130L\\u00c7EYE BA\\u011eLI ER\\u00c7EK MAHALLES\\u0130NDEN HAYVAN PAZARINA GELD\\u0130\\u011e\\u0130N\\u0130 S\\u00d6YLEYEN VAHDETT\\u0130N \\u00c7EL\\u0130K \\u0130S\\u0130ML\\u0130 BES\\u0130C\\u0130, KI\\u015e AYLARINDA P\\u0130YASANIN \\u00c7OK DURGUN OLDU\\u011eUNU BEL\\u0130RTT\\u0130. (YILMAZ S\\u00d6NMEZ\\\/VAN-\\u0130HA)&quot;,&quot;created_timestamp&quot;:&quot;0&quot;,&quot;copyright&quot;:&quot;\\u0130HLAS HABER AJANSI, www.iha.com.tr&quot;,&quot;focal_length&quot;:&quot;0&quot;,&quot;iso&quot;:&quot;0&quot;,&quot;shutter_speed&quot;:&quot;0&quot;,&quot;title&quot;:&quot;(\\u00d6ZEL) VANLI BES\\u0130C\\u0130LER\\u0130N KI\\u015e MESA\\u0130S\\u0130 ZORLU GE\\u00c7\\u0130YOR CANLI HAYVAN PAZARINA \\u0130LG\\u0130 AZALDI&quot;,&quot;orientation&quot;:&quot;0&quot;}\" data-image-title=\"(\u00d6zel) Vanl\u0131 besicilerin k\u0131\u015f mesaisi zorlu ge\u00e7iyor\" data-image-description=\"&lt;p&gt;(\u00d6zel) Vanl\u0131 besicilerin k\u0131\u015f mesaisi zorlu ge\u00e7iyor&lt;\/p&gt; \" data-medium-file=\"https:\/\/i0.wp.com\/www.tvturk.com\/wp-content\/uploads\/2019\/02\/ozel-vanli-besicilerin-kis-mesaisi-zorlu-geciyor_8138f5f.jpg?fit=300%2C200\" data-large-file=\"https:\/\/i0.wp.com\/www.tvturk.com\/wp-content\/uploads\/2019\/02\/ozel-vanli-besicilerin-kis-mesaisi-zorlu-geciyor_8138f5f.jpg?fit=1000%2C666\" src=\"https:\/\/i0.wp.com\/www.tvturk.com\/wp-content\/uploads\/2019\/02\/ozel-vanli-besicilerin-kis-mesaisi-zorlu-geciyor_8138f5f.jpg?w=246&#038;h=164\" srcset=\"https:\/\/i0.wp.com\/www.tvturk.com\/wp-content\/uploads\/2019\/02\/ozel-vanli-besicilerin-kis-mesaisi-zorlu-geciyor_8138f5f.jpg?w=1000 1000w, https:\/\/i0.wp.com\/www.tvturk.com\/wp-content\/uploads\/2019\/02\/ozel-vanli-besicilerin-kis-mesaisi-zorlu-geciyor_8138f5f.jpg?resize=150%2C100 150w, https:\/\/i0.wp.com\/www.tvturk.com\/wp-content\/uploads\/2019\/02\/ozel-vanli-besicilerin-kis-mesaisi-zorlu-geciyor_8138f5f.jpg?resize=300%2C200 300w, https:\/\/i0.wp.com\/www.tvturk.com\/wp-content\/uploads\/2019\/02\/ozel-vanli-besicilerin-kis-mesaisi-zorlu-geciyor_8138f5f.jpg?resize=768%2C511 768w, https:\/\/i0.wp.com\/www.tvturk.com\/wp-content\/uploads\/2019\/02\/ozel-vanli-besicilerin-kis-mesaisi-zorlu-geciyor_8138f5f.jpg?resize=170%2C113 170w, https:\/\/i0.wp.com\/www.tvturk.com\/wp-content\/uploads\/2019\/02\/ozel-vanli-besicilerin-kis-mesaisi-zorlu-geciyor_8138f5f.jpg?resize=120%2C80 120w\" width=\"246\" height=\"164\" loading=\"lazy\" data-original-width=\"246\" data-original-height=\"164\" itemprop=\"http:\/\/schema.org\/image\" title=\"(\u00d6zel) Vanl\u0131 besicilerin k\u0131\u015f mesaisi zorlu ge\u00e7iyor\" alt=\"(\u00d6zel) Vanl\u0131 besicilerin k\u0131\u015f mesaisi zorlu ge\u00e7iyor\" style=\"width: 246px; height: 164px;\" \/> <\/a> <\/div> <\/div> <!-- close group --> <div class=\"gallery-group images-1\" style=\"width: 250px; height: 168px;\" data-original-width=\"250\" data-original-height=\"168\" > <div class=\"tiled-gallery-item tiled-gallery-item-small\" itemprop=\"associatedMedia\" itemscope itemtype=\"http:\/\/schema.org\/ImageObject\"> <a href=\"http:\/\/www.tvturk.com\/index.php\/ozel-vanli-besicilerin-kis-mesaisi-zorlu-geciyor\/ozel-vanli-besicilerin-kis-mesaisi-zorlu-geciyor-10\/\" border=\"0\" itemprop=\"url\"> <meta itemprop=\"width\" content=\"246\"> <meta itemprop=\"height\" content=\"164\"> <img decoding=\"async\" class=\"\" data-attachment-id=\"20072\" data-orig-file=\"http:\/\/www.tvturk.com\/wp-content\/uploads\/2019\/02\/ozel-vanli-besicilerin-kis-mesaisi-zorlu-geciyor_42f1644.jpg\" data-orig-size=\"1000,666\" data-comments-opened=\"\" data-image-meta=\"{&quot;aperture&quot;:&quot;0&quot;,&quot;credit&quot;:&quot;IHA&quot;,&quot;camera&quot;:&quot;&quot;,&quot;caption&quot;:&quot;BATI \\u0130L\\u0130NDE HAYVANCILIKLA \\u0130LG\\u0130LENEN ALICILARIN KI\\u015e AYLARINDA PAZARA GELMEMES\\u0130NDEN YAKINAN FEH\\u0130M ATE\\u015e \\u0130S\\u0130ML\\u0130 BES\\u0130C\\u0130 \\u0130SE, \\u201c\\u015eU AN HAYVAN SEVKIYATI YAPILMIYOR\\u0022 DED\\u0130. (YILMAZ S\\u00d6NMEZ\\\/VAN-\\u0130HA)&quot;,&quot;created_timestamp&quot;:&quot;0&quot;,&quot;copyright&quot;:&quot;\\u0130HLAS HABER AJANSI, www.iha.com.tr&quot;,&quot;focal_length&quot;:&quot;0&quot;,&quot;iso&quot;:&quot;0&quot;,&quot;shutter_speed&quot;:&quot;0&quot;,&quot;title&quot;:&quot;(\\u00d6ZEL) VANLI BES\\u0130C\\u0130LER\\u0130N KI\\u015e MESA\\u0130S\\u0130 ZORLU GE\\u00c7\\u0130YOR CANLI HAYVAN PAZARINA \\u0130LG\\u0130 AZALDI&quot;,&quot;orientation&quot;:&quot;0&quot;}\" data-image-title=\"(\u00d6zel) Vanl\u0131 besicilerin k\u0131\u015f mesaisi zorlu ge\u00e7iyor\" data-image-description=\"&lt;p&gt;(\u00d6zel) Vanl\u0131 besicilerin k\u0131\u015f mesaisi zorlu ge\u00e7iyor&lt;\/p&gt; \" data-medium-file=\"https:\/\/i0.wp.com\/www.tvturk.com\/wp-content\/uploads\/2019\/02\/ozel-vanli-besicilerin-kis-mesaisi-zorlu-geciyor_42f1644.jpg?fit=300%2C200\" data-large-file=\"https:\/\/i0.wp.com\/www.tvturk.com\/wp-content\/uploads\/2019\/02\/ozel-vanli-besicilerin-kis-mesaisi-zorlu-geciyor_42f1644.jpg?fit=1000%2C666\" src=\"https:\/\/i0.wp.com\/www.tvturk.com\/wp-content\/uploads\/2019\/02\/ozel-vanli-besicilerin-kis-mesaisi-zorlu-geciyor_42f1644.jpg?w=246&#038;h=164\" srcset=\"https:\/\/i0.wp.com\/www.tvturk.com\/wp-content\/uploads\/2019\/02\/ozel-vanli-besicilerin-kis-mesaisi-zorlu-geciyor_42f1644.jpg?w=1000 1000w, https:\/\/i0.wp.com\/www.tvturk.com\/wp-content\/uploads\/2019\/02\/ozel-vanli-besicilerin-kis-mesaisi-zorlu-geciyor_42f1644.jpg?resize=150%2C100 150w, https:\/\/i0.wp.com\/www.tvturk.com\/wp-content\/uploads\/2019\/02\/ozel-vanli-besicilerin-kis-mesaisi-zorlu-geciyor_42f1644.jpg?resize=300%2C200 300w, https:\/\/i0.wp.com\/www.tvturk.com\/wp-content\/uploads\/2019\/02\/ozel-vanli-besicilerin-kis-mesaisi-zorlu-geciyor_42f1644.jpg?resize=768%2C511 768w, https:\/\/i0.wp.com\/www.tvturk.com\/wp-content\/uploads\/2019\/02\/ozel-vanli-besicilerin-kis-mesaisi-zorlu-geciyor_42f1644.jpg?resize=170%2C113 170w, https:\/\/i0.wp.com\/www.tvturk.com\/wp-content\/uploads\/2019\/02\/ozel-vanli-besicilerin-kis-mesaisi-zorlu-geciyor_42f1644.jpg?resize=120%2C80 120w\" width=\"246\" height=\"164\" loading=\"lazy\" data-original-width=\"246\" data-original-height=\"164\" itemprop=\"http:\/\/schema.org\/image\" title=\"(\u00d6zel) Vanl\u0131 besicilerin k\u0131\u015f mesaisi zorlu ge\u00e7iyor\" alt=\"(\u00d6zel) Vanl\u0131 besicilerin k\u0131\u015f mesaisi zorlu ge\u00e7iyor\" style=\"width: 246px; height: 164px;\" \/> <\/a> <\/div> <\/div> <!-- close group --> <\/div> <!-- close row --> <\/div><\/p>\n","protected":false},"excerpt":{"rendered":"<p>T\u00dcRK\u0130YE&#8217;N\u0130N \u00d6NEML\u0130 HAYVANCILIK MERKEZLER\u0130NDEN OLAN VAN&#8217;DA BES\u0130C\u0130LER, KI\u015e AYLARINDA CANLI HAYVAN PAZARINA OLAN \u0130LG\u0130N\u0130N AZALMASINDAN YAKINDI.<\/p>\n","protected":false},"author":1,"featured_media":20064,"comment_status":"closed","ping_status":"open","sticky":false,"template":"","format":"standard","meta":{"jetpack_post_was_ever_published":false,"_jetpack_newsletter_access":"","_jetpack_dont_email_post_to_subs":false,"_jetpack_newsletter_tier_id":0,"_jetpack_memberships_contains_paywalled_content":false,"_jetpack_memberships_contains_paid_content":false,"footnotes":"","jetpack_publicize_message":"","jetpack_publicize_feature_enabled":true,"jetpack_social_post_already_shared":false,"jetpack_social_options":{"image_generator_settings":{"template":"highway","default_image_id":0,"font":"","enabled":false},"version":2}},"categories":[655],"tags":[1073,8824,8825,1806,2634,8823,4376],"class_list":["post-20063","post","type-post","status-publish","format-standard","has-post-thumbnail","hentry","category-son-dakika","tag-ozel","tag-besicilerin","tag-geciyor","tag-kis","tag-mesaisi","tag-vanli","tag-zorlu"],"jetpack_publicize_connections":[],"jetpack_featured_media_url":"https:\/\/i0.wp.com\/www.tvturk.com\/wp-content\/uploads\/2019\/02\/ozel-vanli-besicilerin-kis-mesaisi-zorlu-geciyor_846348a.jpg?fit=1000%2C666","jetpack_sharing_enabled":true,"jetpack_shortlink":"https:\/\/wp.me\/paKIfm-5dB","_links":{"self":[{"href":"http:\/\/www.tvturk.com\/index.php\/wp-json\/wp\/v2\/posts\/20063","targetHints":{"allow":["GET"]}}],"collection":[{"href":"http:\/\/www.tvturk.com\/index.php\/wp-json\/wp\/v2\/posts"}],"about":[{"href":"http:\/\/www.tvturk.com\/index.php\/wp-json\/wp\/v2\/types\/post"}],"author":[{"embeddable":true,"href":"http:\/\/www.tvturk.com\/index.php\/wp-json\/wp\/v2\/users\/1"}],"replies":[{"embeddable":true,"href":"http:\/\/www.tvturk.com\/index.php\/wp-json\/wp\/v2\/comments?post=20063"}],"version-history":[{"count":1,"href":"http:\/\/www.tvturk.com\/index.php\/wp-json\/wp\/v2\/posts\/20063\/revisions"}],"predecessor-version":[{"id":20073,"href":"http:\/\/www.tvturk.com\/index.php\/wp-json\/wp\/v2\/posts\/20063\/revisions\/20073"}],"wp:featuredmedia":[{"embeddable":true,"href":"http:\/\/www.tvturk.com\/index.php\/wp-json\/wp\/v2\/media\/20064"}],"wp:attachment":[{"href":"http:\/\/www.tvturk.com\/index.php\/wp-json\/wp\/v2\/media?parent=20063"}],"wp:term":[{"taxonomy":"category","embeddable":true,"href":"http:\/\/www.tvturk.com\/index.php\/wp-json\/wp\/v2\/categories?post=20063"},{"taxonomy":"post_tag","embeddable":true,"href":"http:\/\/www.tvturk.com\/index.php\/wp-json\/wp\/v2\/tags?post=20063"}],"curies":[{"name":"wp","href":"https:\/\/api.w.org\/{rel}","templated":true}]}}