{"id":200647,"date":"2019-09-06T16:16:40","date_gmt":"2019-09-06T13:16:40","guid":{"rendered":"http:\/\/www.tvturk.com\/index.php\/asirlar-once-bu-yolculugu-ertugrul-gazi-ve-kayi-asireti-yapiyordu\/"},"modified":"2019-09-06T16:16:40","modified_gmt":"2019-09-06T13:16:40","slug":"asirlar-once-bu-yolculugu-ertugrul-gazi-ve-kayi-asireti-yapiyordu","status":"publish","type":"post","link":"http:\/\/www.tvturk.com\/index.php\/asirlar-once-bu-yolculugu-ertugrul-gazi-ve-kayi-asireti-yapiyordu\/","title":{"rendered":"As\u0131rlar \u00f6nce bu yolculu\u011fu Ertu\u011frul Gazi ve Kay\u0131 a\u015fireti yap\u0131yordu"},"content":{"rendered":"<p>Bilecik Do\u011fa Sporlar\u0131 (B\u0130DOS) Derne\u011fi \u00fcyeleri, Ertu\u011frul Gazi\u2019nin Kay\u0131 a\u015fireti ile 1281 y\u0131l\u0131nda Domani\u00e7\u2019ten S\u00f6\u011f\u00fct\u2019e ger\u00e7ekle\u015ftirmi\u015f oldu\u011fu yayla y\u00fcr\u00fcy\u00fc\u015f\u00fcn\u00fc bug\u00fcn 5 gece 6 g\u00fcn s\u00fcren yolculukla tamamlad\u0131lar.<\/p>\n<p>Hayme Ana\u2019y\u0131 Anma ve G\u00f6\u00e7 \u015eenlikleri\u2019ne, Bilecik Do\u011fa Sporlar\u0131 Kul\u00fcb\u00fc \u00fcyesi 30 ki\u015fi Kay\u0131 Boyu G\u00f6\u00e7 Y\u00fcr\u00fcy\u00fc\u015f\u00fc ad\u0131 alt\u0131nda K\u00fctahya Domani\u00e7\u2019ten S\u00f6\u011f\u00fct\u2019e do\u011fru yola \u00e7\u0131kt\u0131. S\u00f6\u011f\u00fct\u2019e 5 gece 6 g\u00fcn s\u00fcre bir yolculu\u011fun ard\u0131ndan grup \u00fcyeleri bug\u00fcn 738\u2019incisi ger\u00e7ekle\u015fen Ertu\u011frul Gazi\u2019yi Anma ve Y\u00f6r\u00fck \u015eenlikleri a\u00e7\u0131l\u0131\u015f t\u00f6renlerine yeti\u015ftiler. Ertu\u011frul Gazi T\u00fcrbesi \u00f6n\u00fcnde Bilecik Valisi Bilal \u015eent\u00fcrk taraf\u0131ndan kar\u015f\u0131lan dernek \u00fcyeleri yar\u0131n Domani\u00e7 Kaymakam Vekili Hasan Ra\u015fit Ta\u015fk\u0131n\u2019dan ald\u0131klar\u0131 Kay\u0131 Boyu Sanca\u011f\u0131 ve topraklar\u0131 Bilecik Valisi ve S\u00f6\u011f\u00fct Kaymakam\u0131na teslim edecekler.<\/p>\n<p>&#8220;Amac\u0131m\u0131z 6 as\u0131r boyunca ayakta kalan k\u00fclt\u00fcr\u00fcm\u00fcz\u00fc sonraki nesillerimize aktarmak&#8221;<\/p>\n<p>Dernek sekreteri Funda Tellici, konuya ili\u015fkin yap\u0131lan a\u00e7\u0131klamada, Domani\u00e7-S\u00f6\u011f\u00fct g\u00fczerg\u00e2h\u0131 \u00fczerinde her y\u0131l bu gelene\u011fi s\u00fcrd\u00fcrmek ve gelecek nesillere bu k\u00fclt\u00fcrel miras\u0131 unutturmamak amac\u0131yla ba\u015flatt\u0131klar\u0131 y\u00fcr\u00fcy\u00fc\u015f\u00fcn 5 gece 6 g\u00fcn s\u00fcrd\u00fc\u011f\u00fcn\u00fc belirtti. Tellici, &#8220;Amac\u0131m\u0131z 6 as\u0131r boyunca ayakta kalan bir milletin temelinin at\u0131ld\u0131\u011f\u0131, muhkem, kuvvet ve kudreti temsil eden k\u00fclt\u00fcr\u00fcm\u00fcz\u00fc sonraki nesillerimize aktarmak ge\u00e7mi\u015ften gelece\u011fe k\u00fclt\u00fcr miras\u0131 anlam\u0131nda k\u00f6pr\u00fc olu\u015fturmakt\u0131r. Ertu\u011frul Gazi Bey 1281 y\u0131l\u0131nda ilk yayla d\u00f6n\u00fc\u015f\u00fcnde ba\u015flatm\u0131\u015f oldu\u011fu Toy 737 y\u0131ld\u0131r devam eder ancak bu zamana kadar bu g\u00f6\u00e7 yolu ortaya \u00e7\u0131kart\u0131lmam\u0131\u015f. Amac\u0131m\u0131z bu yolu Domani\u00e7\u2019ten S\u00f6\u011f\u00fct\u2019e tescilleterek tarihi miras\u0131m\u0131z\u0131 milli birlik ve beraberlik i\u00e7inde ya\u015fatmakt\u0131r. Sanca\u011f\u0131m\u0131z\u0131 ve bir miktar topra\u011f\u0131m\u0131z\u0131 Domani\u00e7\u2019ten devralarak Osmanl\u0131 \u0130mparatorlu\u011fu\u2019nun tohumlar\u0131n\u0131n at\u0131ld\u0131\u011f\u0131 bu topraklarda, atalar\u0131m\u0131z\u0131n b\u0131rakt\u0131\u011f\u0131 izleri takip ederek 6 g\u00fcn 5 gecede 86 kilometrelik temsili g\u00f6\u00e7 yolunu kat ederek Bilecik S\u00f6\u011f\u00fct\u2019te d\u00fczenlenen g\u00f6\u00e7 \u015fenliklerine vard\u0131k. Yar\u0131nda Domani\u00e7 Kaymakam Vekili Hasan Ra\u015fit Ta\u015fk\u0131n\u2018dan ald\u0131\u011f\u0131m\u0131z Kay\u0131 Boyu Sanca\u011f\u0131n\u0131 ve topra\u011f\u0131 teslim edece\u011fiz&#8221; dedi.<\/p>\n","protected":false},"excerpt":{"rendered":"<p>ASIRLAR \u00d6NCE BU YOLCULU\u011eU ERTU\u011eRUL GAZ\u0130 VE KAYI A\u015e\u0130RET\u0130 YAPIYORDU<\/p>\n","protected":false},"author":1,"featured_media":200648,"comment_status":"closed","ping_status":"open","sticky":false,"template":"","format":"standard","meta":{"jetpack_post_was_ever_published":false,"_jetpack_newsletter_access":"","_jetpack_dont_email_post_to_subs":false,"_jetpack_newsletter_tier_id":0,"_jetpack_memberships_contains_paywalled_content":false,"_jetpack_memberships_contains_paid_content":false,"footnotes":"","jetpack_publicize_message":"","jetpack_publicize_feature_enabled":true,"jetpack_social_post_already_shared":true,"jetpack_social_options":{"image_generator_settings":{"template":"highway","default_image_id":0,"font":"","enabled":false},"version":2}},"categories":[1],"tags":[3097,25915,50495,8333,21701,232,7502,7963],"class_list":["post-200647","post","type-post","status-publish","format-standard","has-post-thumbnail","hentry","category-genel","tag-gazi","tag-asireti","tag-asirlar","tag-ertugrul","tag-kayi","tag-once","tag-yapiyordu","tag-yolculugu"],"jetpack_publicize_connections":[],"jetpack_featured_media_url":"https:\/\/i0.wp.com\/www.tvturk.com\/wp-content\/uploads\/2019\/09\/asirlar-once-bu-yolculugu-ertugrul-gazi-ve-kayi-asireti-yapiyordu_238922b.jpg?fit=1000%2C662","jetpack_sharing_enabled":true,"jetpack_shortlink":"https:\/\/wp.me\/paKIfm-Qcf","_links":{"self":[{"href":"http:\/\/www.tvturk.com\/index.php\/wp-json\/wp\/v2\/posts\/200647","targetHints":{"allow":["GET"]}}],"collection":[{"href":"http:\/\/www.tvturk.com\/index.php\/wp-json\/wp\/v2\/posts"}],"about":[{"href":"http:\/\/www.tvturk.com\/index.php\/wp-json\/wp\/v2\/types\/post"}],"author":[{"embeddable":true,"href":"http:\/\/www.tvturk.com\/index.php\/wp-json\/wp\/v2\/users\/1"}],"replies":[{"embeddable":true,"href":"http:\/\/www.tvturk.com\/index.php\/wp-json\/wp\/v2\/comments?post=200647"}],"version-history":[{"count":0,"href":"http:\/\/www.tvturk.com\/index.php\/wp-json\/wp\/v2\/posts\/200647\/revisions"}],"wp:featuredmedia":[{"embeddable":true,"href":"http:\/\/www.tvturk.com\/index.php\/wp-json\/wp\/v2\/media\/200648"}],"wp:attachment":[{"href":"http:\/\/www.tvturk.com\/index.php\/wp-json\/wp\/v2\/media?parent=200647"}],"wp:term":[{"taxonomy":"category","embeddable":true,"href":"http:\/\/www.tvturk.com\/index.php\/wp-json\/wp\/v2\/categories?post=200647"},{"taxonomy":"post_tag","embeddable":true,"href":"http:\/\/www.tvturk.com\/index.php\/wp-json\/wp\/v2\/tags?post=200647"}],"curies":[{"name":"wp","href":"https:\/\/api.w.org\/{rel}","templated":true}]}}