{"id":200719,"date":"2019-09-06T20:32:28","date_gmt":"2019-09-06T17:32:28","guid":{"rendered":"http:\/\/www.tvturk.com\/index.php\/balikesirde-helikopter-ambulans-genc-hasta-icin-havalandi\/"},"modified":"2019-09-06T20:32:28","modified_gmt":"2019-09-06T17:32:28","slug":"balikesirde-helikopter-ambulans-genc-hasta-icin-havalandi","status":"publish","type":"post","link":"http:\/\/www.tvturk.com\/index.php\/balikesirde-helikopter-ambulans-genc-hasta-icin-havalandi\/","title":{"rendered":"Bal\u0131kesir\u2019de helikopter ambulans gen\u00e7 hasta i\u00e7in havaland\u0131"},"content":{"rendered":"<p>Bal\u0131kesir Atat\u00fcrk \u015eehir Hastanesinde solunum yetmezli\u011fi ve akci\u011fer enfeksiyonu tan\u0131s\u0131 konulan 27 ya\u015f\u0131ndaki hasta helikopter ambulansla Ankara\u2019ya sevk edildi.<\/p>\n<p>Atat\u00fcrk \u015eehir Hastanesi,  2. Basamak Yo\u011fun Bak\u0131m \u00dcnitesinde (Kistik Fibrozis) akci\u011ferleri ve sindirim sistemini etkileyen genetik bir hastal\u0131k \u015fikayetiyle yatmakta olan 27 ya\u015f\u0131ndaki bir hasta solunum yetmezli\u011fi ve akci\u011fer enfeksiyonu g\u00f6r\u00fcld\u00fc. Atat\u00fcrk \u015eehir Hastanesi taraf\u0131ndan hastan\u0131n ileri tetkik ve tedavisinin sa\u011flanmas\u0131 i\u00e7in, 112 Komuta Kontrol Merkezine sevk talebinde bulunuldu. 112 Komuta Kontrol Merkezi taraf\u0131ndan Hacettepe \u00dcniversitesi ile g\u00f6r\u00fc\u015fmeler sa\u011flanarak zaman kaybetmeksizin Sa\u011fl\u0131k Bakanl\u0131\u011f\u0131 Hava Koordinasyon ile ileti\u015fime ge\u00e7ildi. Sa\u011fl\u0131k Bakanl\u0131\u011f\u0131 Hava Koordinasyon Merkezi taraf\u0131ndan Helikopter Ambulans Bal\u0131kesir\u2019e y\u00f6nlendirilerek hasta helikopter ambulans Ankara\u2019ya sevk edildi.<\/p>\n","protected":false},"excerpt":{"rendered":"<p>BALIKES\u0130R ATAT\u00dcRK \u015eEH\u0130R HASTANES\u0130NDE SOLUNUM YETMEZL\u0130\u011e\u0130 VE AKC\u0130\u011eER ENFEKS\u0130YONU TANISI KONULAN 27 YA\u015eINDAK\u0130 HASTA HEL\u0130KOPTER AMBULANSLA ANKARA\u2019YA SEVK ED\u0130LD\u0130.<\/p>\n","protected":false},"author":1,"featured_media":200720,"comment_status":"closed","ping_status":"open","sticky":false,"template":"","format":"standard","meta":{"jetpack_post_was_ever_published":false,"_jetpack_newsletter_access":"","_jetpack_dont_email_post_to_subs":false,"_jetpack_newsletter_tier_id":0,"_jetpack_memberships_contains_paywalled_content":false,"_jetpack_memberships_contains_paid_content":false,"footnotes":"","jetpack_publicize_message":"","jetpack_publicize_feature_enabled":true,"jetpack_social_post_already_shared":true,"jetpack_social_options":{"image_generator_settings":{"template":"highway","default_image_id":0,"font":"","enabled":false},"version":2}},"categories":[1],"tags":[4124,1113,803,4166,13736,9166,44],"class_list":["post-200719","post","type-post","status-publish","format-standard","has-post-thumbnail","hentry","category-genel","tag-ambulans","tag-balikesirde","tag-genc","tag-hasta","tag-havalandi","tag-helikopter","tag-icin"],"jetpack_publicize_connections":[],"jetpack_featured_media_url":"https:\/\/i0.wp.com\/www.tvturk.com\/wp-content\/uploads\/2019\/09\/balikesirde-helikopter-ambulans-genc-hasta-icin-havalandi_4567e1b.jpg?fit=1000%2C750","jetpack_sharing_enabled":true,"jetpack_shortlink":"https:\/\/wp.me\/paKIfm-Qdp","_links":{"self":[{"href":"http:\/\/www.tvturk.com\/index.php\/wp-json\/wp\/v2\/posts\/200719","targetHints":{"allow":["GET"]}}],"collection":[{"href":"http:\/\/www.tvturk.com\/index.php\/wp-json\/wp\/v2\/posts"}],"about":[{"href":"http:\/\/www.tvturk.com\/index.php\/wp-json\/wp\/v2\/types\/post"}],"author":[{"embeddable":true,"href":"http:\/\/www.tvturk.com\/index.php\/wp-json\/wp\/v2\/users\/1"}],"replies":[{"embeddable":true,"href":"http:\/\/www.tvturk.com\/index.php\/wp-json\/wp\/v2\/comments?post=200719"}],"version-history":[{"count":0,"href":"http:\/\/www.tvturk.com\/index.php\/wp-json\/wp\/v2\/posts\/200719\/revisions"}],"wp:featuredmedia":[{"embeddable":true,"href":"http:\/\/www.tvturk.com\/index.php\/wp-json\/wp\/v2\/media\/200720"}],"wp:attachment":[{"href":"http:\/\/www.tvturk.com\/index.php\/wp-json\/wp\/v2\/media?parent=200719"}],"wp:term":[{"taxonomy":"category","embeddable":true,"href":"http:\/\/www.tvturk.com\/index.php\/wp-json\/wp\/v2\/categories?post=200719"},{"taxonomy":"post_tag","embeddable":true,"href":"http:\/\/www.tvturk.com\/index.php\/wp-json\/wp\/v2\/tags?post=200719"}],"curies":[{"name":"wp","href":"https:\/\/api.w.org\/{rel}","templated":true}]}}