{"id":200816,"date":"2019-09-07T10:32:15","date_gmt":"2019-09-07T07:32:15","guid":{"rendered":"http:\/\/www.tvturk.com\/index.php\/yucel-ildiz-cok-zor-bir-mac-oynayacagiz\/"},"modified":"2019-09-07T10:32:15","modified_gmt":"2019-09-07T07:32:15","slug":"yucel-ildiz-cok-zor-bir-mac-oynayacagiz","status":"publish","type":"post","link":"http:\/\/www.tvturk.com\/index.php\/yucel-ildiz-cok-zor-bir-mac-oynayacagiz\/","title":{"rendered":"Y\u00fccel \u0130ldiz: \u201c\u00c7ok zor bir ma\u00e7 oynayaca\u011f\u0131z\u201d"},"content":{"rendered":"<p>S\u00fcper Lig ekiplerinden Yukatel Denizlispor Teknik Direkt\u00f6r\u00fc Y\u00fccel \u0130ldiz, ligin 4. haftas\u0131nda oynayacaklar\u0131 Konyaspor ma\u00e7\u0131 ile ilgili olarak, \u201c\u00c7ok zor bir ma\u00e7 oynayaca\u011f\u0131m\u0131z\u0131 s\u00f6yleyebilirim ama biz de iyi ba\u015flad\u0131k ve saham\u0131zda kay\u0131p vermek istemiyoruz. Kolay bir ma\u00e7 olmayacak ama in\u015fallah taraftar\u0131m\u0131z\u0131n deste\u011fi ile kazanaca\u011f\u0131z\u201d dedi.<\/p>\n<p>Ye\u015fil-siyahl\u0131 ekip ligin 4. haftas\u0131nda kar\u015f\u0131la\u015faca\u011f\u0131 Konyaspor ma\u00e7\u0131 haz\u0131rl\u0131klar\u0131na Haluk Ulusoy Tesisleri\u2019nde yapt\u0131\u011f\u0131 antrenmanlar ile devam ediyor. Antrenman \u00f6ncesi haz\u0131rl\u0131klar\u0131 ve Konyaspor ma\u00e7\u0131 ile ilgili gazetecilere a\u00e7\u0131klamalarda bulunan Y\u00fccel \u0130ldiz, ligin ilk periyodunu istedikleri gibi ge\u00e7irdiklerini kaydetti. Do\u011fru i\u015fler ve transferler yapt\u0131klar\u0131n\u0131 vurgulayan \u0130ldiz, \u201cG\u00f6ztepe ma\u00e7\u0131 sonras\u0131 3 g\u00fcn izin verdik arkada\u015flar\u0131m\u0131za ve ge\u00e7ti\u011fimiz \u00c7ar\u015famba g\u00fcn\u00fc itibari ile \u00e7al\u0131\u015fmalar\u0131m\u0131za ba\u015flad\u0131k. \u00c7al\u0131\u015fmalarda eksikliklerimizi gidermeye \u00e7al\u0131\u015f\u0131yoruz. Ligde ilk periyoda bakt\u0131\u011f\u0131m\u0131zda istedi\u011fimizi yapm\u0131\u015f gibiyiz. Hem yak\u0131m toparlamak hem de eksiklikleri giderme konusunda u\u011fra\u015f\u0131rken bir anda da lig ba\u015flad\u0131, \u00e7ok zorlu bir s\u00fcre\u00e7ti bizim ad\u0131m\u0131za. Do\u011fru i\u015fler yapt\u0131\u011f\u0131m\u0131z\u0131 d\u00fc\u015f\u00fcn\u00fcyorum ama tabi do\u011fru giderken de eksiklikleri g\u00f6rmemiz gerekiyor. Bir anlamda tak\u0131m\u0131 tamamlamaya \u00e7al\u0131\u015ft\u0131k, bir oyuncu daha alsak daha iyi olacakt\u0131 belki ama \u015fu ana kadar yapt\u0131\u011f\u0131m\u0131z transferler de iyi diye d\u00fc\u015f\u00fcn\u00fcyorum\u201d dedi.<\/p>\n<p>\u201c4 zorlu m\u00fcsabaka oynayaca\u011f\u0131z\u201d<\/p>\n<p>Konyaspor ma\u00e7\u0131na y\u00fcksek bir tempo ile \u00e7al\u0131\u015ft\u0131klar\u0131n\u0131 dile getiren \u0130ldiz, ikinci milli tak\u0131mlar aras\u0131na kadar 4 zorluk m\u00fcsabaka oynayacaklar\u0131n\u0131 aktaran \u0130ldiz, \u201cMilli tak\u0131m aras\u0131 bizim a\u00e7\u0131m\u0131zdan iyi oldu hem sakat oyuncular\u0131m\u0131z\u0131n hem de yeni ald\u0131\u011f\u0131m\u0131z oyuncular\u0131n eksiklerinin giderilmesi a\u00e7\u0131s\u0131ndan iyi oldu. Yo\u011fun bir \u00e7al\u0131\u015fma d\u00f6nemindeyiz. Konyaspor ma\u00e7\u0131n\u0131n hangi g\u00fcn olaca\u011f\u0131 da belli de\u011fil ama y\u00fcksek tempoda \u00e7al\u0131\u015fmalar\u0131m\u0131z\u0131 s\u00fcrd\u00fcr\u00fcyoruz. Hafta ba\u015f\u0131ndan itibaren de Konyaspor ma\u00e7\u0131 haz\u0131rl\u0131klar\u0131m\u0131z\u0131 s\u00fcrd\u00fcrece\u011fiz. Birinci periyodu istedi\u011fimiz ge\u00e7tik, ikinci periyot \u00e7ok daha zorlu olacak \u00e7\u00fcnk\u00fc ikinci milli tak\u0131mlar aras\u0131na kadar 4 zorlu m\u00fcsabaka oynayaca\u011f\u0131z. \u00dc\u00e7\u00fcnc\u00fc periyoda ise Fenerbah\u00e7e ma\u00e7\u0131 ile ba\u015flayaca\u011f\u0131z. Bunlar \u00f6nemli \u015feyler bu y\u00fczden daha kuvvetli girmek zorunday\u0131z ikinci periyoda\u201d diye konu\u015ftu.<\/p>\n<p>\u201c\u00c7ok zor bir ma\u00e7 oynayaca\u011f\u0131z\u201d<\/p>\n<p>Konyaspor\u2019un genelde defansif anlamda oynad\u0131\u011f\u0131 y\u00f6n\u00fcndeki alg\u0131ya kat\u0131lmad\u0131\u011f\u0131n\u0131 vurgulayan \u0130ldiz a\u00e7\u0131klamalar\u0131n\u0131 \u015f\u00f6yle s\u00fcrd\u00fcrd\u00fc:<\/p>\n<p>\u201cBen bu alg\u0131ya kat\u0131lm\u0131yorum. Kesinlikle \u00e7ok \u00f6nemli ve zorlu bir m\u00fcsabaka oynayaca\u011f\u0131z. Ne yapt\u0131\u011f\u0131n\u0131z bilen bir tak\u0131mla oynayaca\u011f\u0131z. Her ne kadar Konyaspor \u2018defansif oynuyor\u2019 deniliyorsa da, \u00f6yle bir \u015fey yok. Bug\u00fcne kadar yapt\u0131\u011f\u0131m\u0131z analizlerde de bunu g\u00f6rmedik. \u00c7ok zor bir ma\u00e7 oynayaca\u011f\u0131m\u0131z\u0131 s\u00f6yleyebilirim ama biz de iyi ba\u015flad\u0131k ve saham\u0131zda kay\u0131p vermek istemiyoruz. Kolay bir ma\u00e7 olmayacak ama in\u015fallah taraftar\u0131m\u0131z\u0131n deste\u011fi ile kazanaca\u011f\u0131z.\u201d<\/p>\n","protected":false},"excerpt":{"rendered":"<p>S\u00dcPER L\u0130G EK\u0130PLER\u0130NDEN YUKATEL DEN\u0130ZL\u0130SPOR TEKN\u0130K D\u0130REKT\u00d6R\u00dc Y\u00dcCEL \u0130LD\u0130Z, L\u0130G\u0130N 4. HAFTASINDA OYNAYACAKLARI KONYASPOR MA\u00c7I \u0130LE \u0130LG\u0130L\u0130 OLARAK, \u201c\u00c7OK ZOR B\u0130R MA\u00c7 OYNAMA\u011eIMIZI S\u00d6YLEYEB\u0130L\u0130R\u0130M AMA B\u0130ZDE \u0130Y\u0130 BA\u015eLADIK VE SAHAMIZDA KAYIP VERMEK \u0130STEM\u0130YORUZ. KOLAY B\u0130R MA\u00c7 OLMAYACAK AMA \u0130N\u015eALLAH TARAFTARIMIZIN DESTE\u011e\u0130 \u0130LE KAZANACA\u011eIZ\u201d DED\u0130.<\/p>\n","protected":false},"author":1,"featured_media":200817,"comment_status":"closed","ping_status":"open","sticky":false,"template":"","format":"standard","meta":{"jetpack_post_was_ever_published":false,"_jetpack_newsletter_access":"","_jetpack_dont_email_post_to_subs":false,"_jetpack_newsletter_tier_id":0,"_jetpack_memberships_contains_paywalled_content":false,"_jetpack_memberships_contains_paid_content":false,"footnotes":"","jetpack_publicize_message":"","jetpack_publicize_feature_enabled":true,"jetpack_social_post_already_shared":true,"jetpack_social_options":{"image_generator_settings":{"template":"highway","default_image_id":0,"font":"","enabled":false},"version":2}},"categories":[657],"tags":[944,125,105,2548,9676,387,9997],"class_list":["post-200816","post","type-post","status-publish","format-standard","has-post-thumbnail","hentry","category-spor","tag-mac","tag-bir","tag-cok","tag-ildiz","tag-oynayacagiz","tag-yucel","tag-zor"],"jetpack_publicize_connections":[],"jetpack_featured_media_url":"https:\/\/i0.wp.com\/www.tvturk.com\/wp-content\/uploads\/2019\/09\/yucel-ildiz-cok-zor-bir-mac-oynayacagiz_4a00231.jpg?fit=1000%2C721","jetpack_sharing_enabled":true,"jetpack_shortlink":"https:\/\/wp.me\/paKIfm-QeY","_links":{"self":[{"href":"http:\/\/www.tvturk.com\/index.php\/wp-json\/wp\/v2\/posts\/200816","targetHints":{"allow":["GET"]}}],"collection":[{"href":"http:\/\/www.tvturk.com\/index.php\/wp-json\/wp\/v2\/posts"}],"about":[{"href":"http:\/\/www.tvturk.com\/index.php\/wp-json\/wp\/v2\/types\/post"}],"author":[{"embeddable":true,"href":"http:\/\/www.tvturk.com\/index.php\/wp-json\/wp\/v2\/users\/1"}],"replies":[{"embeddable":true,"href":"http:\/\/www.tvturk.com\/index.php\/wp-json\/wp\/v2\/comments?post=200816"}],"version-history":[{"count":0,"href":"http:\/\/www.tvturk.com\/index.php\/wp-json\/wp\/v2\/posts\/200816\/revisions"}],"wp:featuredmedia":[{"embeddable":true,"href":"http:\/\/www.tvturk.com\/index.php\/wp-json\/wp\/v2\/media\/200817"}],"wp:attachment":[{"href":"http:\/\/www.tvturk.com\/index.php\/wp-json\/wp\/v2\/media?parent=200816"}],"wp:term":[{"taxonomy":"category","embeddable":true,"href":"http:\/\/www.tvturk.com\/index.php\/wp-json\/wp\/v2\/categories?post=200816"},{"taxonomy":"post_tag","embeddable":true,"href":"http:\/\/www.tvturk.com\/index.php\/wp-json\/wp\/v2\/tags?post=200816"}],"curies":[{"name":"wp","href":"https:\/\/api.w.org\/{rel}","templated":true}]}}