{"id":200826,"date":"2019-09-07T11:01:49","date_gmt":"2019-09-07T08:01:49","guid":{"rendered":"http:\/\/www.tvturk.com\/index.php\/ozel-oyuncaklarini-ihtiyac-sahipleri-icin-satiyor\/"},"modified":"2019-09-07T11:01:49","modified_gmt":"2019-09-07T08:01:49","slug":"ozel-oyuncaklarini-ihtiyac-sahipleri-icin-satiyor","status":"publish","type":"post","link":"http:\/\/www.tvturk.com\/index.php\/ozel-oyuncaklarini-ihtiyac-sahipleri-icin-satiyor\/","title":{"rendered":"(\u00d6zel) Oyuncaklar\u0131n\u0131 ihtiya\u00e7 sahipleri i\u00e7in sat\u0131yor"},"content":{"rendered":"<p>K\u0131rklareli\u2019nin L\u00fcleburgaz il\u00e7esinde ya\u015fayan 7 ya\u015f\u0131ndaki Atlas \u015eim\u015fek, b\u00fcy\u00fck bir yard\u0131mseverli\u011fe imza att\u0131. Oyuncak, kitap ve dergilerini sat\u0131\u015fa \u00e7\u0131karan \u015eim\u015fek, elde etti\u011fi geliri ihtiya\u00e7 sahiplerine verecek. \u015eim\u015fek\u2019in annesi Asl\u0131 \u015eim\u015fek, &#8220;O\u011flumun bu fikrine L\u00fcleburgaz Belediyesi ve L\u00fcleburgazl\u0131lar sahip \u00e7\u0131kt\u0131. Kazand\u0131\u011f\u0131m\u0131z paray\u0131 ihtiya\u00e7 sahiplerine teslim edilmesi i\u00e7in L\u00fcleburgaz Belediyesi\u2019ne verece\u011fiz&#8221; dedi.<\/p>\n<p>L\u00fcleburgazl\u0131 \u015eim\u015fek ailesinin k\u00fc\u00e7\u00fck \u00fcyesi 7 ya\u015f\u0131ndaki Atlas \u015eim\u015fek, televizyondan \u00e7evresinden g\u00f6rd\u00fc\u011f\u00fc ihtiya\u00e7 sahibi insanlar\u0131n durumundan etkilenerek, ya\u015f\u0131ndan b\u00fcy\u00fck bir yard\u0131mseverli\u011fe kalk\u0131\u015ft\u0131. \u015eim\u015fek, \u00e7ok sevdi\u011fi oyuncak, kitap ve dergilerini satarak, bunlardan elde etti\u011fi kazanc\u0131 ihtiya\u00e7 sahiplerine verme karar\u0131 ald\u0131.<\/p>\n<p>Belediyeye dilek\u00e7eli ba\u015fvuru<\/p>\n<p>Kongre Meydan\u0131\u2019nda tezgah a\u00e7\u0131p oyuncak satabilmek i\u00e7in izin alma bilincinde olan \u015eim\u015fek, bu do\u011frultuda annesiyle birlikte L\u00fcleburgaz Belediyesi\u2019nin yolunu tuttu. \u015eim\u015fek, burada kendi el yaz\u0131s\u0131yla yazd\u0131\u011f\u0131 dilek\u00e7eyi L\u00fcleburgaz Zab\u0131ta M\u00fcd\u00fcrl\u00fc\u011f\u00fc\u2019ne teslim etti. Dilek\u00e7eyi teslim alan zab\u0131ta m\u00fcd\u00fcr\u00fc Raif B\u0131y\u0131kta\u015f, Atlas\u2019\u0131n bu g\u00fczel d\u00fc\u015f\u00fcncesinden etkilenerek konuyu L\u00fcleburgaz Belediye Ba\u015fkan\u0131 Murat Gerenli\u2019ye aktard\u0131. Gerenli de b\u00fcy\u00fcklerin bile genelde d\u00fc\u015f\u00fcnmedi\u011fi bir konuyu d\u00fc\u015f\u00fcnen Atlas\u2019a destek olunmas\u0131 i\u00e7in talimat verdi. Talimat do\u011frultusunda Atlas\u2019\u0131n Kongre Meydan\u0131\u2019nda malzemelerini rahat\u00e7a satabilmesi i\u00e7in belediye taraf\u0131ndan masa ve sandalye temin edildi. Belediyenin deste\u011fiyle birlikte minik Atlas, \u00fcr\u00fcnlerini rahat\u00e7a satmaya ba\u015flad\u0131.<\/p>\n<p>\u201cKendi fikriydi\u201d<\/p>\n<p>Anne Asl\u0131 \u015eim\u015fek, &#8220;O\u011flumun kendi fikriydi. Bize fikrini aktard\u0131. Biz de be\u011fendik. Bunun i\u00e7in \u00f6nce i\u015fi resmiyete d\u00f6kmemiz gerekti\u011fini s\u00f6yledik. Dilek\u00e7e \u00f6rne\u011fini g\u00f6sterdik. Dilek\u00e7eyi yazd\u0131. Biz de bunu belediyeye g\u00f6t\u00fcrd\u00fck. L\u00fcleburgaz Belediye Ba\u015fkan\u0131 Murat Gerenli ve L\u00fcleburgaz Belediyesi Zab\u0131ta M\u00fcd\u00fcr\u00fc Raif B\u0131y\u0131kta\u015f o\u011flumun bu d\u00fc\u015f\u00fcncesini \u00e7ok be\u011fendi. Bu konu hakk\u0131nda belediye bize masa ve sandalye deste\u011finde bulundu. \u00dcr\u00fcnlerimiz neredeyse azald\u0131. Sat\u0131\u015flar \u00e7ok y\u00fcksek. L\u00fcleburgazl\u0131lar \u00e7ok ilgi g\u00f6steriyor. Burada dergileri, kitaplar\u0131 ve oyuncaklar\u0131n\u0131 sat\u0131yoruz&#8221; dedi. Atlas da, \u00e7ok uzun s\u00fcredir ihtiya\u00e7 sahiplerine yard\u0131m etmeyi planlad\u0131\u011f\u0131n\u0131 s\u00f6yleyerek, &#8220;Uzun zamand\u0131r bunu d\u00fc\u015f\u00fcn\u00fcyordum. D\u0131\u015far\u0131da olan, paras\u0131 olmayan insanlara yard\u0131m etmek istiyorum. \u0130leride otelci ya da teknoloji alan\u0131nda \u00e7al\u0131\u015fmak istiyorum&#8221; \u015feklinde konu\u015ftu.<\/p>\n","protected":false},"excerpt":{"rendered":"<p>L\u00dcLEBURGAZLI 7 YA\u015eINDAK\u0130 ARDA \u015e\u0130M\u015eEK, OYUNCAKLARINI \u0130HT\u0130YA\u00c7 SAH\u0130PLER\u0130 YARARINA SATIYOR.<\/p>\n","protected":false},"author":1,"featured_media":200827,"comment_status":"closed","ping_status":"open","sticky":false,"template":"","format":"standard","meta":{"jetpack_post_was_ever_published":false,"_jetpack_newsletter_access":"","_jetpack_dont_email_post_to_subs":false,"_jetpack_newsletter_tier_id":0,"_jetpack_memberships_contains_paywalled_content":false,"_jetpack_memberships_contains_paid_content":false,"footnotes":"","jetpack_publicize_message":"","jetpack_publicize_feature_enabled":true,"jetpack_social_post_already_shared":true,"jetpack_social_options":{"image_generator_settings":{"template":"highway","default_image_id":0,"font":"","enabled":false},"version":2}},"categories":[1],"tags":[1073,44,11370,29026,4374,12348],"class_list":["post-200826","post","type-post","status-publish","format-standard","has-post-thumbnail","hentry","category-genel","tag-ozel","tag-icin","tag-ihtiyac","tag-oyuncaklarini","tag-sahipleri","tag-satiyor"],"jetpack_publicize_connections":[],"jetpack_featured_media_url":"https:\/\/i0.wp.com\/www.tvturk.com\/wp-content\/uploads\/2019\/09\/ozel-oyuncaklarini-ihtiyac-sahipleri-icin-satiyor_40a8a5b.jpg?fit=1000%2C662","jetpack_sharing_enabled":true,"jetpack_shortlink":"https:\/\/wp.me\/paKIfm-Qf8","_links":{"self":[{"href":"http:\/\/www.tvturk.com\/index.php\/wp-json\/wp\/v2\/posts\/200826","targetHints":{"allow":["GET"]}}],"collection":[{"href":"http:\/\/www.tvturk.com\/index.php\/wp-json\/wp\/v2\/posts"}],"about":[{"href":"http:\/\/www.tvturk.com\/index.php\/wp-json\/wp\/v2\/types\/post"}],"author":[{"embeddable":true,"href":"http:\/\/www.tvturk.com\/index.php\/wp-json\/wp\/v2\/users\/1"}],"replies":[{"embeddable":true,"href":"http:\/\/www.tvturk.com\/index.php\/wp-json\/wp\/v2\/comments?post=200826"}],"version-history":[{"count":0,"href":"http:\/\/www.tvturk.com\/index.php\/wp-json\/wp\/v2\/posts\/200826\/revisions"}],"wp:featuredmedia":[{"embeddable":true,"href":"http:\/\/www.tvturk.com\/index.php\/wp-json\/wp\/v2\/media\/200827"}],"wp:attachment":[{"href":"http:\/\/www.tvturk.com\/index.php\/wp-json\/wp\/v2\/media?parent=200826"}],"wp:term":[{"taxonomy":"category","embeddable":true,"href":"http:\/\/www.tvturk.com\/index.php\/wp-json\/wp\/v2\/categories?post=200826"},{"taxonomy":"post_tag","embeddable":true,"href":"http:\/\/www.tvturk.com\/index.php\/wp-json\/wp\/v2\/tags?post=200826"}],"curies":[{"name":"wp","href":"https:\/\/api.w.org\/{rel}","templated":true}]}}