{"id":200894,"date":"2019-09-07T13:16:48","date_gmt":"2019-09-07T10:16:48","guid":{"rendered":"http:\/\/www.tvturk.com\/index.php\/kirtasiyelerde-okul-telasi-basladi\/"},"modified":"2019-09-07T13:16:48","modified_gmt":"2019-09-07T10:16:48","slug":"kirtasiyelerde-okul-telasi-basladi","status":"publish","type":"post","link":"http:\/\/www.tvturk.com\/index.php\/kirtasiyelerde-okul-telasi-basladi\/","title":{"rendered":"K\u0131rtasiyelerde okul tela\u015f\u0131 ba\u015flad\u0131"},"content":{"rendered":"<p>Bilecik\u2019te, &#8220;Okullarda Uyum Haftas\u0131 Projesi&#8221; kapsam\u0131nda okul \u00f6ncesi ve ilk ve ortaokullarda birinci s\u0131n\u0131f \u00f6\u011frencileri okula ba\u015flarken, k\u0131rtasiyelerde de tatl\u0131 bir tela\u015f ba\u015flad\u0131.<\/p>\n<p>Okullar\u0131n a\u00e7\u0131lmas\u0131na say\u0131l\u0131 saatler kala yo\u011fun bir i\u015f temposuna giren k\u0131rtasiyeciler tatl\u0131 bir tela\u015f ya\u015f\u0131yorlar. K\u0131rtasiyeciler velilerin ve \u00f6\u011frencilerin taleplerini kar\u015f\u0131layabilmek i\u00e7in har\u0131l har\u0131l \u00e7al\u0131\u015f\u0131yor. Velilere ve \u00f6\u011frencilere k\u0131rtasiye malzemelerinin en kalitelisini ve en uygun fiyata sunmaya \u00e7al\u0131\u015fan k\u0131rtasiyeciler \u00fcr\u00fcn yelpazesini geni\u015f tutuyor.<\/p>\n<p>&#8220;Gece 24:00\u2019a kadar a\u00e7\u0131\u011f\u0131z&#8221;<\/p>\n<p>\u0130\u015flerinin yo\u011fun oldu\u011funu ve gece 24:00\u2019da kadar a\u00e7\u0131k olduklar\u0131n\u0131 anlatan Emre K\u0131rtasiye \u00e7al\u0131\u015fan\u0131 Alper Badak, &#8220;Ge\u00e7en sene ile bu sene aras\u0131nda fiyatlarda pek fark yok. Veliler \u015fimdiden \u00e7ocuklar\u0131n k\u0131rtasiye malzemesi almaya ba\u015flad\u0131. Okullar Pazartesi g\u00fcn\u00fc a\u00e7\u0131lacak ve i\u015flerimiz daha da \u00e7ok h\u0131zlanacak. Bizler velilerin ve \u00f6\u011frencilerin taleplerini yerine getirmek i\u00e7in sabah 08:00\u2019dan gece yar\u0131s\u0131 24:00\u2019da kadar a\u00e7\u0131\u011f\u0131z. Bize gelen \u00f6\u011frenciler k\u0131rtasiye malzemesi al\u0131rken \u00e7ok heyecanl\u0131 olduklar\u0131ndan dolay\u0131 velilerini de tela\u015fa koyuyorlar. \u015euan da fazla yo\u011funluk yok ama birka\u00e7 g\u00fcn sonra k\u0131rtasiye malzemesi yeti\u015ftiremeyece\u011fiz&#8221; dedi.<\/p>\n","protected":false},"excerpt":{"rendered":"<p>KIRTAS\u0130YELERDE OKUL TELA\u015eI BA\u015eLADI<\/p>\n","protected":false},"author":1,"featured_media":200895,"comment_status":"closed","ping_status":"open","sticky":false,"template":"","format":"standard","meta":{"jetpack_post_was_ever_published":false,"_jetpack_newsletter_access":"","_jetpack_dont_email_post_to_subs":false,"_jetpack_newsletter_tier_id":0,"_jetpack_memberships_contains_paywalled_content":false,"_jetpack_memberships_contains_paid_content":false,"footnotes":"","jetpack_publicize_message":"","jetpack_publicize_feature_enabled":true,"jetpack_social_post_already_shared":true,"jetpack_social_options":{"image_generator_settings":{"template":"highway","default_image_id":0,"font":"","enabled":false},"version":2}},"categories":[1],"tags":[55,50572,120,20063],"class_list":["post-200894","post","type-post","status-publish","format-standard","has-post-thumbnail","hentry","category-genel","tag-basladi","tag-kirtasiyelerde","tag-okul","tag-telasi"],"jetpack_publicize_connections":[],"jetpack_featured_media_url":"https:\/\/i0.wp.com\/www.tvturk.com\/wp-content\/uploads\/2019\/09\/kirtasiyelerde-okul-telasi-basladi_2bdd0b7.jpg?fit=1000%2C662","jetpack_sharing_enabled":true,"jetpack_shortlink":"https:\/\/wp.me\/paKIfm-Qge","_links":{"self":[{"href":"http:\/\/www.tvturk.com\/index.php\/wp-json\/wp\/v2\/posts\/200894","targetHints":{"allow":["GET"]}}],"collection":[{"href":"http:\/\/www.tvturk.com\/index.php\/wp-json\/wp\/v2\/posts"}],"about":[{"href":"http:\/\/www.tvturk.com\/index.php\/wp-json\/wp\/v2\/types\/post"}],"author":[{"embeddable":true,"href":"http:\/\/www.tvturk.com\/index.php\/wp-json\/wp\/v2\/users\/1"}],"replies":[{"embeddable":true,"href":"http:\/\/www.tvturk.com\/index.php\/wp-json\/wp\/v2\/comments?post=200894"}],"version-history":[{"count":0,"href":"http:\/\/www.tvturk.com\/index.php\/wp-json\/wp\/v2\/posts\/200894\/revisions"}],"wp:featuredmedia":[{"embeddable":true,"href":"http:\/\/www.tvturk.com\/index.php\/wp-json\/wp\/v2\/media\/200895"}],"wp:attachment":[{"href":"http:\/\/www.tvturk.com\/index.php\/wp-json\/wp\/v2\/media?parent=200894"}],"wp:term":[{"taxonomy":"category","embeddable":true,"href":"http:\/\/www.tvturk.com\/index.php\/wp-json\/wp\/v2\/categories?post=200894"},{"taxonomy":"post_tag","embeddable":true,"href":"http:\/\/www.tvturk.com\/index.php\/wp-json\/wp\/v2\/tags?post=200894"}],"curies":[{"name":"wp","href":"https:\/\/api.w.org\/{rel}","templated":true}]}}