{"id":200898,"date":"2019-09-07T13:46:52","date_gmt":"2019-09-07T10:46:52","guid":{"rendered":"http:\/\/www.tvturk.com\/index.php\/engelleri-kaldirmak-icin-uzlastilar\/"},"modified":"2019-09-07T13:46:52","modified_gmt":"2019-09-07T10:46:52","slug":"engelleri-kaldirmak-icin-uzlastilar","status":"publish","type":"post","link":"http:\/\/www.tvturk.com\/index.php\/engelleri-kaldirmak-icin-uzlastilar\/","title":{"rendered":"Engelleri kald\u0131rmak i\u00e7in uzla\u015ft\u0131lar"},"content":{"rendered":"<p>\u0130ZM\u0130R (\u0130HA) \u2013 Adalet Bakanl\u0131\u011f\u0131 taraf\u0131ndan yarg\u0131n\u0131n i\u015f y\u00fck\u00fcn\u00fc hafifletmek ve vatanda\u015flar\u0131n sorunlar\u0131n\u0131n daha h\u0131zl\u0131 bir \u015fekilde \u00e7\u00f6z\u00fcme kavu\u015fturulmas\u0131 amac\u0131yla hayata ge\u00e7irilen arabuluculuk uygulamas\u0131, toplumsal ya\u015fama faydalar sa\u011fl\u0131yor. Bunun son \u00f6rne\u011fi ise \u0130zmir\u2019in Alia\u011fa il\u00e7esinde ya\u015fand\u0131.<\/p>\n<p>2013 y\u0131l\u0131nda hayata ge\u00e7irilen arabuluculuk uygulamas\u0131 faydal\u0131 sonu\u00e7lar veriyor. Alia\u011fa Adliyesinde g\u00f6r\u00fclen bir ceza dosyas\u0131nda taraflar uzla\u015farak \u00f6rnek bir karar\u0131n\u0131n alt\u0131na imza att\u0131lar.  Uzla\u015ft\u0131r\u0131c\u0131 avukatlar\u0131n bir araya getirdi\u011fi ceza dosyas\u0131n\u0131n taraflar\u0131, \u201cAlia\u011fa Engelliler Derne\u011fine teslim edilecek bir ak\u00fcl\u00fc tekerlekli sandalye al\u0131nmas\u0131\u201d karar\u0131nda anla\u015f\u0131p davalar\u0131ndan kar\u015f\u0131l\u0131kl\u0131 olarak vazge\u00e7tiler.<\/p>\n<p>Uzla\u015fma g\u00f6r\u00fc\u015fmelerinde taraflar\u0131ndan biri olan Avukat \u0130rfan Medet Akp\u0131nar, bir\u00e7ok dava dosyas\u0131na \u00f6rnek ve emsal te\u015fkil edecek bir uzla\u015f\u0131 karar\u0131na imza att\u0131klar\u0131n\u0131 s\u00f6yledi. Taraflar aras\u0131nda ya\u015fanan adli uyu\u015fmazl\u0131klar\u0131n belirli bir konu\u015fma ve uzla\u015fma ortam\u0131nda \u00e7\u00f6z\u00fclebilece\u011fini belirten Akp\u0131nar, \u201cArabuluculuk uygulamas\u0131, normal dava s\u00fcreciyle  kar\u015f\u0131la\u015ft\u0131r\u0131ld\u0131\u011f\u0131nda bir\u00e7ok avantaj\u0131 olan bir y\u00f6ntemdir\u201d dedi.<\/p>\n<p>Erdal Y\u0131ld\u0131r\u0131m isimli bir vatanda\u015f ile bir anla\u015fmazl\u0131k sonucu daval\u0131k olduklar\u0131n\u0131 a\u00e7\u0131klayan Avukat \u0130rfan Medet Akp\u0131nar, \u201cErdal Y\u0131ld\u0131r\u0131m ile aram\u0131zdaki husus uzla\u015ft\u0131rma y\u00f6ntemi ile \u00e7\u00f6z\u00fcld\u00fc. Uzla\u015fmam\u0131z\u0131n amac\u0131 \u00e7ok g\u00fczeldi. Ulvi bir amaca hizmet ediyordu. Uzla\u015fmam\u0131z\u0131n yapt\u0131r\u0131m\u0131, engelliler derne\u011fine bir ak\u00fcl\u00fc tekerlekli sandalye ba\u011f\u0131\u015flamas\u0131yd\u0131. Sa\u011f olsun o da bu uzla\u015fma teklifimizi kabul etti. Toplumumuzda bu tip ceza vakalar\u0131 \u00e7ok fazla ya\u015fan\u0131yor, \u00e7ok fazla uzla\u015fma dosyas\u0131 oluyor. Bu dosyan\u0131n da benzer nitelikte olaylara emsal te\u015fkil etmesini diliyorum\u201d dedi.<\/p>\n<p>Erdal Y\u0131ld\u0131r\u0131m da \u0130rfan Medet Akp\u0131nar\u2019\u0131n hukuki bilgisi ve uzla\u015fmac\u0131 tavr\u0131 sayesinde problemin \u00e7\u00f6z\u00fcme kavu\u015ftu\u011funu, aralar\u0131ndaki problemin hay\u0131rl\u0131 bir olayla sonu\u00e7land\u0131\u011f\u0131n\u0131, zaman\u0131nda aralar\u0131nda ya\u015fanan yanl\u0131\u015f anla\u015f\u0131lman\u0131n uzla\u015fma sonucunda iyi niyet ve samimiyet \u00e7er\u00e7evesinde sonu\u00e7lanmas\u0131ndan dolay\u0131 memnun oldu\u011funu s\u00f6yledi. Toplumda yer alan bu tarz su\u00e7lar\u0131n cezai yapt\u0131r\u0131mlar ile de\u011fil, topluma faydal\u0131 olunabilecek sonu\u00e7larla son bulmas\u0131n\u0131 temenni etti\u011fini de belirten Y\u0131ld\u0131r\u0131m, \u201c\u0130rfan Bey ile aram\u0131zda ufak bir tart\u0131\u015fma oldu. Tart\u0131\u015fma hukuki nedenlerle yarg\u0131ya ta\u015f\u0131nd\u0131. Tabi daha sonra \u0130rfan Beyle uzla\u015fmaya gidildi. \u0130rfan Bey\u2019in kabul etmi\u015f oldu\u011fu uzla\u015fmada engelli karde\u015flerimiz i\u00e7in bir yapt\u0131r\u0131m uyguland\u0131 taraf\u0131ma. \u0130rfan Bey dedi ki \u2018Erdal Bey bir ak\u00fcl\u00fc araba al\u0131p bize ba\u011f\u0131\u015flayacaks\u0131n ba\u011f\u0131\u015flama yapt\u0131\u011f\u0131n zaman biz seninle uzla\u015fm\u0131\u015f olaca\u011f\u0131z\u2019  Ben de tabii ki dedim. \u00c7\u00fcnk\u00fc engelli karde\u015flerimizin bir eksikli\u011fi giderilmi\u015f olacak. Engelli karde\u015flerimizin ne kadar zorluklar ya\u015fad\u0131\u011f\u0131n\u0131 biliyoruz\u201d diye konu\u015ftu.<\/p>\n<p>Ak\u00fcl\u00fc tekerlekli sandalyeyi teslim alan Alia\u011fa Engelliler Dernek Ba\u015fkan\u0131 Ayta\u00e7 Bayarm ise Avukat \u0130rfan Medet Akp\u0131nar ile Erdal Y\u0131ld\u0131r\u0131m\u2019a te\u015fekk\u00fcr etti.<\/p>\n","protected":false},"excerpt":{"rendered":"<p>ADALET BAKANLI\u011eI TARAFINDAN YARGININ \u0130\u015e Y\u00dcK\u00dcN\u00dc HAF\u0130FLETMEK VE VATANDA\u015eLARIN SORUNLARININ DAHA HIZLI B\u0130R \u015eEK\u0130LDE \u00c7\u00d6Z\u00dcME KAVU\u015eTURULMASI AMACIYLA HAYATA GE\u00c7\u0130R\u0130LEN ARABULUCULUK UYGULAMASI, TOPLUMSAL YA\u015eAMA FAYDALAR SA\u011eLIYOR. BUNUN SON \u00d6RNE\u011e\u0130 \u0130SE \u0130ZM\u0130R\u2019\u0130N AL\u0130A\u011eA \u0130L\u00c7ES\u0130NDE YA\u015eANDI.<\/p>\n","protected":false},"author":1,"featured_media":200899,"comment_status":"closed","ping_status":"open","sticky":false,"template":"","format":"standard","meta":{"jetpack_post_was_ever_published":false,"_jetpack_newsletter_access":"","_jetpack_dont_email_post_to_subs":false,"_jetpack_newsletter_tier_id":0,"_jetpack_memberships_contains_paywalled_content":false,"_jetpack_memberships_contains_paid_content":false,"footnotes":"","jetpack_publicize_message":"","jetpack_publicize_feature_enabled":true,"jetpack_social_post_already_shared":true,"jetpack_social_options":{"image_generator_settings":{"template":"highway","default_image_id":0,"font":"","enabled":false},"version":2}},"categories":[1],"tags":[1044,44,47906,50573],"class_list":["post-200898","post","type-post","status-publish","format-standard","has-post-thumbnail","hentry","category-genel","tag-engelleri","tag-icin","tag-kaldirmak","tag-uzlastilar"],"jetpack_publicize_connections":[],"jetpack_featured_media_url":"https:\/\/i0.wp.com\/www.tvturk.com\/wp-content\/uploads\/2019\/09\/engelleri-kaldirmak-icin-uzlastilar_896df61.jpg?fit=1000%2C668","jetpack_sharing_enabled":true,"jetpack_shortlink":"https:\/\/wp.me\/paKIfm-Qgi","_links":{"self":[{"href":"http:\/\/www.tvturk.com\/index.php\/wp-json\/wp\/v2\/posts\/200898","targetHints":{"allow":["GET"]}}],"collection":[{"href":"http:\/\/www.tvturk.com\/index.php\/wp-json\/wp\/v2\/posts"}],"about":[{"href":"http:\/\/www.tvturk.com\/index.php\/wp-json\/wp\/v2\/types\/post"}],"author":[{"embeddable":true,"href":"http:\/\/www.tvturk.com\/index.php\/wp-json\/wp\/v2\/users\/1"}],"replies":[{"embeddable":true,"href":"http:\/\/www.tvturk.com\/index.php\/wp-json\/wp\/v2\/comments?post=200898"}],"version-history":[{"count":0,"href":"http:\/\/www.tvturk.com\/index.php\/wp-json\/wp\/v2\/posts\/200898\/revisions"}],"wp:featuredmedia":[{"embeddable":true,"href":"http:\/\/www.tvturk.com\/index.php\/wp-json\/wp\/v2\/media\/200899"}],"wp:attachment":[{"href":"http:\/\/www.tvturk.com\/index.php\/wp-json\/wp\/v2\/media?parent=200898"}],"wp:term":[{"taxonomy":"category","embeddable":true,"href":"http:\/\/www.tvturk.com\/index.php\/wp-json\/wp\/v2\/categories?post=200898"},{"taxonomy":"post_tag","embeddable":true,"href":"http:\/\/www.tvturk.com\/index.php\/wp-json\/wp\/v2\/tags?post=200898"}],"curies":[{"name":"wp","href":"https:\/\/api.w.org\/{rel}","templated":true}]}}