{"id":200994,"date":"2019-09-07T17:16:56","date_gmt":"2019-09-07T14:16:56","guid":{"rendered":"http:\/\/www.tvturk.com\/index.php\/bakan-varank-gonullulugu-tetikleyecek-bakanligin-ihtiyaclarina-care-olacak-projeler-gordum\/"},"modified":"2019-09-07T17:16:56","modified_gmt":"2019-09-07T14:16:56","slug":"bakan-varank-gonullulugu-tetikleyecek-bakanligin-ihtiyaclarina-care-olacak-projeler-gordum","status":"publish","type":"post","link":"http:\/\/www.tvturk.com\/index.php\/bakan-varank-gonullulugu-tetikleyecek-bakanligin-ihtiyaclarina-care-olacak-projeler-gordum\/","title":{"rendered":"Bakan Varank: \u201cG\u00f6n\u00fcll\u00fcl\u00fc\u011f\u00fc tetikleyecek, bakanl\u0131\u011f\u0131n ihtiya\u00e7lar\u0131na \u00e7are olacak projeler g\u00f6rd\u00fcm\u201d"},"content":{"rendered":"<p>Gen\u00e7lik ve Spor Bakanl\u0131\u011f\u0131 taraf\u0131ndan d\u00fczenlenen Gen\u00e7 Hackathon yar\u0131\u015fmas\u0131nda proje geli\u015ftirmeye \u00e7al\u0131\u015fan tak\u0131mlar\u0131 Sanayi ve Teknoloji Bakan\u0131 Mustafa Varank ziyarette bulundu. Varank, \u201cG\u00f6n\u00fcll\u00fcl\u00fc\u011f\u00fc tetikleyecek, hem de bakanl\u0131\u011f\u0131n ihtiya\u00e7lar\u0131na \u00e7are olacak bir iki proje g\u00f6rd\u00fcm\u201d dedi.<\/p>\n<p>Ba\u015fkentte bulunan Alt\u0131nda\u011f \u00d6rnek Stad\u0131\u2019nda Gen\u00e7lik ve Spor Bakanl\u0131\u011f\u0131 himayesinde 8 ilden 20 tak\u0131m\u0131n kat\u0131ld\u0131\u011f\u0131 Gen\u00e7 Hackathon bug\u00fcn sabah 9\u2019da ba\u015flad\u0131. Pazar g\u00fcn\u00fc saat 15\u2019de sona erecek ve toplamda 30 saat s\u00fcrecek olan etkinlikte yar\u0131\u015fan 82 gen\u00e7 projelerini geli\u015ftirerek j\u00fcrinin be\u011fenisine sunacak. Bu s\u00fcre zarf\u0131 i\u00e7inde de Sanayi ve Teknoloji Bakan\u0131 Mustafa Varank tak\u0131mlar\u0131n bulundu\u011fu \u00e7ad\u0131rlar\u0131 tek tek gezdi. Yar\u0131\u015fmac\u0131lara \u00fcretecekleri dijital \u00e7\u00f6z\u00fcmlere ili\u015fkin ve tak\u0131mlar\u0131n\u0131n kurulu\u015f hikayelerini soran Bakan Varank bas\u0131n mensuplar\u0131na konu\u015ftu. Bakan Varank, \u201cHackhathonlarda yar\u0131\u015fmac\u0131lar bir araya gelerek beli s\u00fcrelerle bir \u00e7\u00f6z\u00fcm\u00fc hep beraber geli\u015ftirmeye \u00e7al\u0131\u015f\u0131yorlar. Burada tak\u0131mlar \u00f6zellikle Gen\u00e7lik ve Spor Bakanl\u0131\u011f\u0131\u2019n\u0131 i\u00e7in bir tak\u0131m dijital \u00e7\u00f6z\u00fcmleri \u00fcretmek amac\u0131yla bir araya geldiler ve yar\u0131\u015f veriyorlar. T\u00fcm T\u00fcrkiye\u2019den 954 tak\u0131m buna ba\u015fvurdu, elemeleri ge\u00e7en 20 tak\u0131m \u015fu anda burada yar\u0131\u015f\u0131yor. J\u00fcriye, haz\u0131rlad\u0131klar\u0131 programlar\u0131 4 dakikal\u0131k sunumlarla sunacaklar. Ba\u015far\u0131l\u0131 olan birinciye 25 Bin TL \u00f6d\u00fcl var. Burada gen\u00e7leri g\u00f6n\u00fcll\u00fcl\u00fck ve sosyal sorumluluk faaliyetlerine y\u00f6nlendirmeye d\u00f6n\u00fck de tak\u0131mlar dijital \u00e7\u00f6z\u00fcmler geli\u015ftirmeye \u00e7al\u0131\u015f\u0131yorlar. Gen\u00e7lik ve Spor Bakanl\u0131\u011f\u0131 ile Sanayi ve Teknoloji Bakanl\u0131\u011f\u0131 g\u00fc\u00e7lerini birle\u015ftiren bir bakanl\u0131k. Projelerin hepsi g\u00fczel, bakal\u0131m j\u00fcri nas\u0131l de\u011ferlendirecek. Gen\u00e7lerin akl\u0131ndaki projeler \u015fu anda bakanl\u0131\u011f\u0131n ihtiya\u00e7 duydu\u011fu konulara da \u00e7\u00f6z\u00fcm getirecek i\u015fler. G\u00f6n\u00fcll\u00fcl\u00fc\u011f\u00fc tetikleyecek hem de bakanl\u0131\u011f\u0131n ihtiya\u00e7lar\u0131na \u00e7are olacak bir iki proje g\u00f6rd\u00fcm\u201d dedi.<\/p>\n<p>Sanayi ve Teknoloji Bakan\u0131 Varank, gezi sonras\u0131nda tak\u0131mlar\u0131n olu\u015fturu\u011fu yar\u0131\u015fmac\u0131larla toplu foto\u011fraf da \u00e7ektirdi.<\/p>\n","protected":false},"excerpt":{"rendered":"<p>GEN\u00c7L\u0130K VE SPOR BAKANLI\u011eI TARAFINDAN D\u00dcZENLENEN GEN\u00c7 HACKATHON YARI\u015eMASINDA PROJE GEL\u0130\u015eT\u0130RMEYE \u00c7ALI\u015eAN TAKIMLARI SANAY\u0130 VE TEKNOLOJ\u0130 BAKANI MUSTAFA VARANK Z\u0130YARETTE BULUNDU. VARANK, \u201cG\u00d6N\u00dcLL\u00dcL\u00dc\u011e\u00dc TET\u0130KLEYECEK HEM DE BAKANLI\u011eIN \u0130HT\u0130YA\u00c7LARINA \u00c7ARE OLACAK B\u0130R \u0130K\u0130 PROJE G\u00d6RD\u00dcM\u201d DED\u0130.<\/p>\n","protected":false},"author":1,"featured_media":200995,"comment_status":"closed","ping_status":"open","sticky":false,"template":"","format":"standard","meta":{"jetpack_post_was_ever_published":false,"_jetpack_newsletter_access":"","_jetpack_dont_email_post_to_subs":false,"_jetpack_newsletter_tier_id":0,"_jetpack_memberships_contains_paywalled_content":false,"_jetpack_memberships_contains_paid_content":false,"footnotes":"","jetpack_publicize_message":"","jetpack_publicize_feature_enabled":true,"jetpack_social_post_already_shared":true,"jetpack_social_options":{"image_generator_settings":{"template":"highway","default_image_id":0,"font":"","enabled":false},"version":2}},"categories":[24],"tags":[50607,742,5811,15423,23297,50609,1189,2564,50608,2985],"class_list":["post-200994","post","type-post","status-publish","format-standard","has-post-thumbnail","hentry","category-teknoloji","tag-gonullulugu","tag-bakan","tag-bakanligin","tag-care","tag-gordum","tag-ihtiyaclarina","tag-olacak","tag-projeler","tag-tetikleyecek","tag-varank"],"jetpack_publicize_connections":[],"jetpack_featured_media_url":"https:\/\/i0.wp.com\/www.tvturk.com\/wp-content\/uploads\/2019\/09\/bakan-varank-gonullulugu-tetikleyecek-bakanligin-ihtiyaclarina-care-olacak-projeler-gordum_8fe6ef3.jpg?fit=1000%2C462","jetpack_sharing_enabled":true,"jetpack_shortlink":"https:\/\/wp.me\/paKIfm-QhQ","_links":{"self":[{"href":"http:\/\/www.tvturk.com\/index.php\/wp-json\/wp\/v2\/posts\/200994","targetHints":{"allow":["GET"]}}],"collection":[{"href":"http:\/\/www.tvturk.com\/index.php\/wp-json\/wp\/v2\/posts"}],"about":[{"href":"http:\/\/www.tvturk.com\/index.php\/wp-json\/wp\/v2\/types\/post"}],"author":[{"embeddable":true,"href":"http:\/\/www.tvturk.com\/index.php\/wp-json\/wp\/v2\/users\/1"}],"replies":[{"embeddable":true,"href":"http:\/\/www.tvturk.com\/index.php\/wp-json\/wp\/v2\/comments?post=200994"}],"version-history":[{"count":0,"href":"http:\/\/www.tvturk.com\/index.php\/wp-json\/wp\/v2\/posts\/200994\/revisions"}],"wp:featuredmedia":[{"embeddable":true,"href":"http:\/\/www.tvturk.com\/index.php\/wp-json\/wp\/v2\/media\/200995"}],"wp:attachment":[{"href":"http:\/\/www.tvturk.com\/index.php\/wp-json\/wp\/v2\/media?parent=200994"}],"wp:term":[{"taxonomy":"category","embeddable":true,"href":"http:\/\/www.tvturk.com\/index.php\/wp-json\/wp\/v2\/categories?post=200994"},{"taxonomy":"post_tag","embeddable":true,"href":"http:\/\/www.tvturk.com\/index.php\/wp-json\/wp\/v2\/tags?post=200994"}],"curies":[{"name":"wp","href":"https:\/\/api.w.org\/{rel}","templated":true}]}}