{"id":200998,"date":"2019-09-07T17:17:19","date_gmt":"2019-09-07T14:17:19","guid":{"rendered":"http:\/\/www.tvturk.com\/index.php\/turkiye-karadagi-79-74-maglup-etti\/"},"modified":"2019-09-07T17:17:19","modified_gmt":"2019-09-07T14:17:19","slug":"turkiye-karadagi-79-74-maglup-etti","status":"publish","type":"post","link":"http:\/\/www.tvturk.com\/index.php\/turkiye-karadagi-79-74-maglup-etti\/","title":{"rendered":"T\u00fcrkiye, Karada\u011f\u2019\u0131 79-74 ma\u011flup etti"},"content":{"rendered":"<p>T\u00fcrkiye A Milli Erkek Basketbol Tak\u0131m\u0131, Olimpiyat Elemeleri i\u00e7in kar\u015f\u0131la\u015ft\u0131\u011f\u0131 Karada\u011f\u2019\u0131 79-74 ma\u011flup etti.<\/p>\n<p>T\u00fcrkiye A Milli Erkek Basketbol Tak\u0131m\u0131, FIBA D\u00fcnya Kupas\u0131\u2019ndaki ilk klasman ma\u00e7\u0131nda Karada\u011f ile kar\u015f\u0131 kar\u015f\u0131ya geldi. Ma\u00e7a etkili ba\u015flayan Karada\u011f ilk periyodu 26-16 \u00f6nde tamamlad\u0131. \u0130kinci periyotta toparlanan milliler, fark\u0131 kapatsa da soyunma odas\u0131na 37-32 ma\u011flup girdi. \u00dc\u00e7\u00fcnc\u00fc periyot da 58-49 Karada\u011f\u2019\u0131n \u00fcst\u00fcnl\u00fc\u011f\u00fc ile ge\u00e7ilirken, final periyodunda 12 Dev Adam, rakibine \u00fcst\u00fcnl\u00fck kurda ve salondan 79-74 galip ayr\u0131ld\u0131.<\/p>\n<p>T\u00fcrkiye, Olimpiyat vizesi almak i\u00e7in oynad\u0131\u011f\u0131 klasman ma\u00e7lar\u0131nda 9 Eyl\u00fcl\u2019de Yeni Zelanda ile kar\u015f\u0131 kar\u015f\u0131ya gelecek. A Milli Tak\u0131m, o ma\u00e7\u0131n ard\u0131ndan \u00c7in\u2019de turnuvay\u0131 tamamlay\u0131p T\u00fcrkiye\u2019ye d\u00f6necek.<\/p>\n","protected":false},"excerpt":{"rendered":"<p>T\u00dcRK\u0130YE A M\u0130LL\u0130 ERKEK BASKETBOL TAKIMI, OL\u0130MP\u0130YAT ELEMELER\u0130 \u0130\u00c7\u0130N KAR\u015eILA\u015eTI\u011eI KARADA\u011e\u2019I 79-74 MA\u011eLUP ETT\u0130.<\/p>\n","protected":false},"author":1,"featured_media":200999,"comment_status":"closed","ping_status":"open","sticky":false,"template":"","format":"standard","meta":{"jetpack_post_was_ever_published":false,"_jetpack_newsletter_access":"","_jetpack_dont_email_post_to_subs":false,"_jetpack_newsletter_tier_id":0,"_jetpack_memberships_contains_paywalled_content":false,"_jetpack_memberships_contains_paid_content":false,"footnotes":"","jetpack_publicize_message":"","jetpack_publicize_feature_enabled":true,"jetpack_social_post_already_shared":true,"jetpack_social_options":{"image_generator_settings":{"template":"highway","default_image_id":0,"font":"","enabled":false},"version":2}},"categories":[657],"tags":[50611,207,50610,8160,453],"class_list":["post-200998","post","type-post","status-publish","format-standard","has-post-thumbnail","hentry","category-spor","tag-79-74","tag-etti","tag-karadagi","tag-maglup","tag-turkiye"],"jetpack_publicize_connections":[],"jetpack_featured_media_url":"https:\/\/i0.wp.com\/www.tvturk.com\/wp-content\/uploads\/2019\/09\/turkiye-karadagi-79-74-maglup-etti_3626b87.jpg?fit=1000%2C666","jetpack_sharing_enabled":true,"jetpack_shortlink":"https:\/\/wp.me\/paKIfm-QhU","_links":{"self":[{"href":"http:\/\/www.tvturk.com\/index.php\/wp-json\/wp\/v2\/posts\/200998","targetHints":{"allow":["GET"]}}],"collection":[{"href":"http:\/\/www.tvturk.com\/index.php\/wp-json\/wp\/v2\/posts"}],"about":[{"href":"http:\/\/www.tvturk.com\/index.php\/wp-json\/wp\/v2\/types\/post"}],"author":[{"embeddable":true,"href":"http:\/\/www.tvturk.com\/index.php\/wp-json\/wp\/v2\/users\/1"}],"replies":[{"embeddable":true,"href":"http:\/\/www.tvturk.com\/index.php\/wp-json\/wp\/v2\/comments?post=200998"}],"version-history":[{"count":0,"href":"http:\/\/www.tvturk.com\/index.php\/wp-json\/wp\/v2\/posts\/200998\/revisions"}],"wp:featuredmedia":[{"embeddable":true,"href":"http:\/\/www.tvturk.com\/index.php\/wp-json\/wp\/v2\/media\/200999"}],"wp:attachment":[{"href":"http:\/\/www.tvturk.com\/index.php\/wp-json\/wp\/v2\/media?parent=200998"}],"wp:term":[{"taxonomy":"category","embeddable":true,"href":"http:\/\/www.tvturk.com\/index.php\/wp-json\/wp\/v2\/categories?post=200998"},{"taxonomy":"post_tag","embeddable":true,"href":"http:\/\/www.tvturk.com\/index.php\/wp-json\/wp\/v2\/tags?post=200998"}],"curies":[{"name":"wp","href":"https:\/\/api.w.org\/{rel}","templated":true}]}}