{"id":201107,"date":"2019-09-10T12:19:59","date_gmt":"2019-09-10T09:19:59","guid":{"rendered":"http:\/\/www.tvturk.com\/index.php\/yarim-asirdir-bitmeyen-fotograf-aski\/"},"modified":"2019-09-10T12:19:59","modified_gmt":"2019-09-10T09:19:59","slug":"yarim-asirdir-bitmeyen-fotograf-aski","status":"publish","type":"post","link":"http:\/\/www.tvturk.com\/index.php\/yarim-asirdir-bitmeyen-fotograf-aski\/","title":{"rendered":"Yar\u0131m as\u0131rd\u0131r bitmeyen foto\u011fraf a\u015fk\u0131"},"content":{"rendered":"<p>Gaziantepli 63 ya\u015f\u0131ndaki Ahmet Kaya, ilkokulda merak sald\u0131\u011f\u0131 foto\u011fraf \u00e7ekme a\u015fk\u0131n\u0131 50 y\u0131ld\u0131r s\u00fcrd\u00fcr\u00fcyor.<\/p>\n<p>Gaziantep\u2019in Nizip il\u00e7esine ba\u011fl\u0131 Salk\u0131m k\u0131rsal mahallesinde ya\u015fayan 63 ya\u015f\u0131ndaki Ahmet Kaya, ilkokuldayken resim \u00e7izerek ba\u015flad\u0131\u011f\u0131 foto\u011fraf merak\u0131n\u0131 amcas\u0131n\u0131n Almanya\u2019dan kendisine getirdi\u011fi foto\u011fraf makinesiyle ba\u015flad\u0131\u011f\u0131 foto\u011fraf\u00e7\u0131l\u0131k sanat\u0131ndan yar\u0131m as\u0131rd\u0131r kopamad\u0131. Yakla\u015f\u0131k 50 nostaljik makinesi bulunan Kaya, Foto\u011frafl\u0131 mazinin aynas\u0131 olarak g\u00f6rd\u00fc\u011f\u00fcn\u00fc s\u00f6yledi.<\/p>\n<p>\u201c50 y\u0131ld\u0131r foto\u011fraf a\u015fk\u0131m bitmedi\u201d<\/p>\n<p>50 y\u0131ld\u0131r foto\u011fraf sanat\u0131yla u\u011fra\u015ft\u0131\u011f\u0131n\u0131 belirten Kaya, \u201cOkuldayken resim merak\u0131m\u0131 vard\u0131, bu merak foto\u011fraf makinesini g\u00f6rd\u00fc\u011f\u00fcmde hayret ettim. Nas\u0131l olur da bir d\u00fc\u011fmeye bas\u0131ld\u0131\u011f\u0131nda bir ki\u015finin resmi yap\u0131l\u0131yor. O zamanlar amcam Almanya\u2019dayd\u0131 bana bir tane foto\u011fraf makinesi getirdi. Bununla y\u0131llarca foto\u011fraf \u00e7ektim. Elimde eskiden kalma yakla\u015f\u0131k 50 foto\u011fraf makinesi var. Hem sevdi\u011fim i\u015fti hem de ge\u00e7imimi sa\u011flard\u0131m. En \u00e7ok akl\u0131mda kalan an\u0131 ise, babas\u0131 askerde olan bir arkada\u015f\u0131n o\u011flunu resmini \u00e7ekecektim. Bana dediler ki, \u00e7ocuk foto\u011fraf\u0131 da ayn\u0131 param\u0131 bende bir da\u011f\u0131 da \u00e7eksem poz gider bir \u00e7ocu\u011fu da \u00e7eksem poz gider diye o unutamad\u0131\u011f\u0131m bir an\u0131d\u0131r. Foto\u011fraf mazinin aynas\u0131 demektir. S\u00fcrekli bu adama gelirim ve bu pozlara tek tek bakar\u0131m beni ge\u00e7mi\u015fe g\u00f6t\u00fcr\u00fcyor\u201d diye konu\u015ftu.<\/p>\n","protected":false},"excerpt":{"rendered":"<p>YARIM ASIRDIR B\u0130TMEYEN FOTO\u011eRAF A\u015eKI<\/p>\n","protected":false},"author":1,"featured_media":201108,"comment_status":"closed","ping_status":"open","sticky":false,"template":"","format":"standard","meta":{"jetpack_post_was_ever_published":false,"_jetpack_newsletter_access":"","_jetpack_dont_email_post_to_subs":false,"_jetpack_newsletter_tier_id":0,"_jetpack_memberships_contains_paywalled_content":false,"_jetpack_memberships_contains_paid_content":false,"footnotes":"","jetpack_publicize_message":"","jetpack_publicize_feature_enabled":true,"jetpack_social_post_already_shared":true,"jetpack_social_options":{"image_generator_settings":{"template":"highway","default_image_id":0,"font":"","enabled":false},"version":2}},"categories":[1],"tags":[13038,2247,38827,5874,9234],"class_list":["post-201107","post","type-post","status-publish","format-standard","has-post-thumbnail","hentry","category-genel","tag-asirdir","tag-aski","tag-bitmeyen","tag-fotograf","tag-yarim"],"jetpack_publicize_connections":[],"jetpack_featured_media_url":"https:\/\/i0.wp.com\/www.tvturk.com\/wp-content\/uploads\/2019\/09\/yarim-asirdir-bitmeyen-fotograf-aski_8505749.jpg?fit=1000%2C666","jetpack_sharing_enabled":true,"jetpack_shortlink":"https:\/\/wp.me\/paKIfm-QjF","_links":{"self":[{"href":"http:\/\/www.tvturk.com\/index.php\/wp-json\/wp\/v2\/posts\/201107","targetHints":{"allow":["GET"]}}],"collection":[{"href":"http:\/\/www.tvturk.com\/index.php\/wp-json\/wp\/v2\/posts"}],"about":[{"href":"http:\/\/www.tvturk.com\/index.php\/wp-json\/wp\/v2\/types\/post"}],"author":[{"embeddable":true,"href":"http:\/\/www.tvturk.com\/index.php\/wp-json\/wp\/v2\/users\/1"}],"replies":[{"embeddable":true,"href":"http:\/\/www.tvturk.com\/index.php\/wp-json\/wp\/v2\/comments?post=201107"}],"version-history":[{"count":0,"href":"http:\/\/www.tvturk.com\/index.php\/wp-json\/wp\/v2\/posts\/201107\/revisions"}],"wp:featuredmedia":[{"embeddable":true,"href":"http:\/\/www.tvturk.com\/index.php\/wp-json\/wp\/v2\/media\/201108"}],"wp:attachment":[{"href":"http:\/\/www.tvturk.com\/index.php\/wp-json\/wp\/v2\/media?parent=201107"}],"wp:term":[{"taxonomy":"category","embeddable":true,"href":"http:\/\/www.tvturk.com\/index.php\/wp-json\/wp\/v2\/categories?post=201107"},{"taxonomy":"post_tag","embeddable":true,"href":"http:\/\/www.tvturk.com\/index.php\/wp-json\/wp\/v2\/tags?post=201107"}],"curies":[{"name":"wp","href":"https:\/\/api.w.org\/{rel}","templated":true}]}}