{"id":201149,"date":"2019-09-10T12:21:41","date_gmt":"2019-09-10T09:21:41","guid":{"rendered":"http:\/\/www.tvturk.com\/index.php\/2nci-uluslararasi-erkekler-ve-erkeklikler-sempozyumu\/"},"modified":"2019-09-10T12:57:39","modified_gmt":"2019-09-10T09:57:39","slug":"2nci-uluslararasi-erkekler-ve-erkeklikler-sempozyumu","status":"publish","type":"post","link":"http:\/\/www.tvturk.com\/index.php\/2nci-uluslararasi-erkekler-ve-erkeklikler-sempozyumu\/","title":{"rendered":"2&#8217;NC\u0130 ULUSLARARASI ERKEKLER VE ERKEKL\u0130KLER SEMPOZYUMU"},"content":{"rendered":"<p>Toplumsal cinsiyet e\u015fitli\u011finin sa\u011flanmas\u0131 ve s\u00fcrd\u00fcr\u00fclmesi i\u00e7in erkekli\u011fin ele\u015ftirel bir bak\u0131\u015fla irdelenmesinin \u00f6nemi ve aciliyeti her ge\u00e7en g\u00fcn daha da belirgin bir \u015fekilde varl\u0131\u011f\u0131n\u0131 hissettiriyor. Ele\u015ftirel Erkeklik \u0130ncelemeleri \u0130nisiyatifi (EE\u0130\u0130), \u00d6zye\u011fin \u00dcniversitesi ve Research Worldwide \u0130stanbul i\u015f birli\u011fi ve Raoul Wallenberg Enstit\u00fcs\u00fc\u2019n\u00fcn deste\u011fiyle ger\u00e7ekle\u015ftirilecek olan 2\u2019nci Uluslararas\u0131 Erkekler ve Erkeklikler Sempozyumu\u2019nda farkl\u0131 \u00fclkelerdeki \u00fcniversitelerden ve ara\u015ft\u0131rma kurumlar\u0131ndan gelen y\u00fcze yak\u0131n ara\u015ft\u0131rmac\u0131, pop\u00fclist otoriterli\u011fin, illiberalizm ve g\u00fcvencesizli\u011fin olu\u015fturdu\u011fu s\u0131k\u0131nt\u0131l\u0131 sosyopolitik ba\u011flam\u0131n, erkekleri ve erkekliklerle ilgili deneyimleri, tart\u0131\u015fmalar\u0131, teorileri, s\u00f6ylemleri ve aktivizmi nas\u0131l etkiledi\u011fini ve d\u00f6n\u00fc\u015ft\u00fcrd\u00fc\u011f\u00fcn\u00fc tart\u0131\u015fmaya a\u00e7acak.<\/p>\n<p>Sempozyumun a\u00e7\u0131l\u0131\u015f konu\u015fmas\u0131n\u0131 Prof. Dr. Jeff Hearn (\u00d6rebro \u00dcniversitesi, Huddersfield \u00dcniversitesi) ger\u00e7ekle\u015ftirecek. Ard\u0131ndan Ele\u015ftirel Erkeklik \u0130ncelemeleri alan\u0131n\u0131n kurucu isimlerinden Prof. Dr. Raewyn Connell\u2019\u0131n (Sydney \u00dcniversitesi) kay\u0131tl\u0131 konu\u015fmas\u0131 sempozyumda sunulacak. Di\u011fer davetli konu\u015fmac\u0131lar Prof. Dr. James Messerschmidt (Southern Maine \u00dcniversitesi) 12 Eyl\u00fcl\u2019de, Prof. Dr. Deniz Kandiyoti (Londra \u00dcniversitesi) 13 Eyl\u00fcl\u2019de ve Dr. Nancy Lindisfarne (Londra \u00dcniversitesi) 14 Eyl\u00fcl\u2019de, hegemonik erkekli\u011fin g\u00f6r\u00fcn\u00fcrl\u00fc\u011f\u00fc, erkeklik \u00e7al\u0131\u015fmalar\u0131n\u0131n ana ak\u0131mla\u015ft\u0131r\u0131lmas\u0131, cinsel \u015fiddet gibi konulara e\u011filen konu\u015fmalar\u0131yla sempozyuma katk\u0131da bulunacaklar.<\/p>\n<p>Sempozyumun davetli konu\u015fmac\u0131lar\u0131ndan olan Prof. Dr. James Messerschmidt\u2019in 2018\u2019de yay\u0131mlanan ve \u00d6zye\u011fin \u00dcniversitesi Yay\u0131nlar\u0131\u2019ndan 2019 y\u0131l\u0131nda T\u00fcrk\u00e7eye kazand\u0131r\u0131lan son kitab\u0131 Hegemonik Erkeklik: Form\u00fclasyon, Yeniden Form\u00fclasyon ve Geni\u015fleme\u2019nin de lansman\u0131 ve sat\u0131\u015f\u0131 sempozyum s\u0131ras\u0131nda ger\u00e7ekle\u015ftirilecek.<\/p>\n<p>12-13-14 Eyl\u00fcl tarihlerinde \u015ei\u015fli\u2019de N\u00e2z\u0131m Hikmet K\u00fclt\u00fcr ve Sanat Evi\u2019nde ger\u00e7ekle\u015ftirilecek sempozyuma kat\u0131l\u0131m \u00fccretsiz.<\/p>\n","protected":false},"excerpt":{"rendered":"<p>ALANINDA UZMAN D\u00dcNYANIN \u00d6NEML\u0130 \u0130S\u0130MLER 2&#8217;NC\u0130 ULUSLARARASI ERKEKLER VE ERKEKL\u0130KLER SEMPOZYUMU\u2019NDA ERKEKLER\u0130 VE ERKEKL\u0130KLERLE \u0130LG\u0130L\u0130 DENEY\u0130MLER\u0130 TARTI\u015eACAK.<\/p>\n","protected":false},"author":2,"featured_media":201150,"comment_status":"closed","ping_status":"open","sticky":false,"template":"","format":"standard","meta":{"jetpack_post_was_ever_published":false,"_jetpack_newsletter_access":"","_jetpack_dont_email_post_to_subs":false,"_jetpack_newsletter_tier_id":0,"_jetpack_memberships_contains_paywalled_content":false,"_jetpack_memberships_contains_paid_content":false,"footnotes":"","jetpack_publicize_message":"","jetpack_publicize_feature_enabled":true,"jetpack_social_post_already_shared":true,"jetpack_social_options":{"image_generator_settings":{"template":"highway","default_image_id":0,"font":"","enabled":false},"version":2}},"categories":[1],"tags":[4839,1384,3471,50649,4841],"class_list":["post-201149","post","type-post","status-publish","format-standard","has-post-thumbnail","hentry","category-genel","tag-uluslararasi","tag-2nci","tag-erkekler","tag-erkeklikler","tag-sempozyumu"],"jetpack_publicize_connections":[],"jetpack_featured_media_url":"https:\/\/i0.wp.com\/www.tvturk.com\/wp-content\/uploads\/2019\/09\/2nci-uluslararasi-erkekler-ve-erkeklikler-sempozyumu_eceee76.jpg?fit=1000%2C562","jetpack_sharing_enabled":true,"jetpack_shortlink":"https:\/\/wp.me\/paKIfm-Qkl","_links":{"self":[{"href":"http:\/\/www.tvturk.com\/index.php\/wp-json\/wp\/v2\/posts\/201149","targetHints":{"allow":["GET"]}}],"collection":[{"href":"http:\/\/www.tvturk.com\/index.php\/wp-json\/wp\/v2\/posts"}],"about":[{"href":"http:\/\/www.tvturk.com\/index.php\/wp-json\/wp\/v2\/types\/post"}],"author":[{"embeddable":true,"href":"http:\/\/www.tvturk.com\/index.php\/wp-json\/wp\/v2\/users\/2"}],"replies":[{"embeddable":true,"href":"http:\/\/www.tvturk.com\/index.php\/wp-json\/wp\/v2\/comments?post=201149"}],"version-history":[{"count":1,"href":"http:\/\/www.tvturk.com\/index.php\/wp-json\/wp\/v2\/posts\/201149\/revisions"}],"predecessor-version":[{"id":201178,"href":"http:\/\/www.tvturk.com\/index.php\/wp-json\/wp\/v2\/posts\/201149\/revisions\/201178"}],"wp:featuredmedia":[{"embeddable":true,"href":"http:\/\/www.tvturk.com\/index.php\/wp-json\/wp\/v2\/media\/201150"}],"wp:attachment":[{"href":"http:\/\/www.tvturk.com\/index.php\/wp-json\/wp\/v2\/media?parent=201149"}],"wp:term":[{"taxonomy":"category","embeddable":true,"href":"http:\/\/www.tvturk.com\/index.php\/wp-json\/wp\/v2\/categories?post=201149"},{"taxonomy":"post_tag","embeddable":true,"href":"http:\/\/www.tvturk.com\/index.php\/wp-json\/wp\/v2\/tags?post=201149"}],"curies":[{"name":"wp","href":"https:\/\/api.w.org\/{rel}","templated":true}]}}