{"id":20118,"date":"2019-02-11T09:46:48","date_gmt":"2019-02-11T06:46:48","guid":{"rendered":"http:\/\/www.tvturk.com\/index.php\/vanda-60-yerlesim-yeri-ulasima-kapandi\/"},"modified":"2019-02-11T09:46:48","modified_gmt":"2019-02-11T06:46:48","slug":"vanda-60-yerlesim-yeri-ulasima-kapandi","status":"publish","type":"post","link":"http:\/\/www.tvturk.com\/index.php\/vanda-60-yerlesim-yeri-ulasima-kapandi\/","title":{"rendered":"Van\u2019da 60 yerle\u015fim yeri ula\u015f\u0131ma kapand\u0131"},"content":{"rendered":"<p>Van\u2019da etkili olan kar ya\u011f\u0131\u015f\u0131 nedeniyle 60 yerle\u015fim yerinin yolu ula\u015f\u0131ma kapand\u0131.<\/p>\n<p>Van\u2019da etkili olan kar ya\u011f\u0131\u015f\u0131, hayat\u0131 olumsuz etkiledi. Kar ya\u011f\u0131\u015f\u0131 ve tipi nedeniyle Bah\u00e7esaray\u2019da 15, Ba\u015fkale\u2019de 8, \u00c7atak\u2019ta 9, Geva\u015f\u2019ta 7 ve G\u00fcrp\u0131nar il\u00e7esinde ise 21 olmak \u00fczere 60 yerle\u015fim yerinin yolu ula\u015f\u0131ma kapand\u0131. Van B\u00fcy\u00fck\u015fehir Belediyesi Yol Yap\u0131m Bak\u0131m ve Onar\u0131m Dairesi Ba\u015fkanl\u0131\u011f\u0131 ekipleri, kapal\u0131 yollar\u0131 a\u00e7mak i\u00e7in \u00e7al\u0131\u015fmalar\u0131n\u0131 aral\u0131ks\u0131z s\u00fcrd\u00fcr\u00fcyor.<\/p>\n<p>Buzlanma ve \u00e7\u0131\u011f uyar\u0131s\u0131<\/p>\n<p>Meteoroloji 14. B\u00f6lge M\u00fcd\u00fcrl\u00fc\u011f\u00fcnden yap\u0131lan a\u00e7\u0131klamada, b\u00f6lge genelinde havan\u0131n \u00e7ok bulutlu, sabah saatlerinde Mu\u015f ve \u00e7evrelerinin, \u00f6\u011fle saatlerinden sonra ise Hakkari ve Van\u2019\u0131n g\u00fcney il\u00e7elerinin aral\u0131kl\u0131 hafif kar ya\u011f\u0131\u015fl\u0131 ge\u00e7ece\u011finin tahmin edildi\u011fi belirtildi. A\u00e7\u0131klamada, \u201cGece ve sabah saatlerinde buzlanma ve don olay\u0131 ile birlikte yer yer sis ve pus hadisesi g\u00f6r\u00fclece\u011fi tahmin ediliyor. Hava s\u0131cakl\u0131klar\u0131n\u0131n mevsim normalleri civar\u0131nda seyredece\u011fi tahmin ediliyor. R\u00fczg\u00e2r\u0131n genellikle kuzeyli y\u00f6nlerinden hafif, ara s\u0131ra orta kuvvette esece\u011fi tahmin ediliyor. Bu gece ger\u00e7ekle\u015fen en d\u00fc\u015f\u00fck s\u0131cakl\u0131klar; Mu\u015f\u2019ta eksi 1, Van\u2019da eksi 4, Bitlis\u2019te eksi 7 ve Hakk\u00e2ri\u2019de eksi 4 derece olarak \u00f6l\u00e7\u00fclm\u00fc\u015ft\u00fcr. G\u00fcn\u00fcn beklenen en y\u00fcksek s\u0131cakl\u0131klar\u0131 ise Van\u2019da 2, Bitlis\u2019te 3, Hakk\u00e2ri\u2019de 1 ve Mu\u015f\u2019ta ise 1 derece olmas\u0131 beklenmektedir. B\u00f6lgemiz genelinde buzlanma olay\u0131 ve y\u00fcksek kesimlerde \u00e7\u0131\u011f tehlikesi beklendi\u011finden, ya\u015fanabilecek olumsuzluklara kar\u015f\u0131 vatanda\u015flar\u0131n ve yetkililerin dikkatli ve tedbirli olmas\u0131 gerekmektedir\u201d denildi.<\/p>\n","protected":false},"excerpt":{"rendered":"<p>VAN&#8217;DA ETK\u0130L\u0130 OLAN KAR YA\u011eI\u015eI NEDEN\u0130YLE 60 YERLE\u015e\u0130M YER\u0130N\u0130N YOLU ULA\u015eIMA KAPANDI.<\/p>\n","protected":false},"author":1,"featured_media":20119,"comment_status":"closed","ping_status":"open","sticky":false,"template":"","format":"standard","meta":{"jetpack_post_was_ever_published":false,"_jetpack_newsletter_access":"","_jetpack_dont_email_post_to_subs":false,"_jetpack_newsletter_tier_id":0,"_jetpack_memberships_contains_paywalled_content":false,"_jetpack_memberships_contains_paid_content":false,"footnotes":"","jetpack_publicize_message":"","jetpack_publicize_feature_enabled":true,"jetpack_social_post_already_shared":false,"jetpack_social_options":{"image_generator_settings":{"template":"highway","default_image_id":0,"font":"","enabled":false},"version":2}},"categories":[655],"tags":[2931,1263,1203,488,5676],"class_list":["post-20118","post","type-post","status-publish","format-standard","has-post-thumbnail","hentry","category-son-dakika","tag-kapandi","tag-ulasima","tag-vanda","tag-yeri","tag-yerlesim"],"jetpack_publicize_connections":[],"jetpack_featured_media_url":"https:\/\/i0.wp.com\/www.tvturk.com\/wp-content\/uploads\/2019\/02\/vanda-60-yerlesim-yeri-ulasima-kapandi_557f5f6.jpg?fit=1000%2C583","jetpack_sharing_enabled":true,"jetpack_shortlink":"https:\/\/wp.me\/paKIfm-5eu","_links":{"self":[{"href":"http:\/\/www.tvturk.com\/index.php\/wp-json\/wp\/v2\/posts\/20118","targetHints":{"allow":["GET"]}}],"collection":[{"href":"http:\/\/www.tvturk.com\/index.php\/wp-json\/wp\/v2\/posts"}],"about":[{"href":"http:\/\/www.tvturk.com\/index.php\/wp-json\/wp\/v2\/types\/post"}],"author":[{"embeddable":true,"href":"http:\/\/www.tvturk.com\/index.php\/wp-json\/wp\/v2\/users\/1"}],"replies":[{"embeddable":true,"href":"http:\/\/www.tvturk.com\/index.php\/wp-json\/wp\/v2\/comments?post=20118"}],"version-history":[{"count":0,"href":"http:\/\/www.tvturk.com\/index.php\/wp-json\/wp\/v2\/posts\/20118\/revisions"}],"wp:featuredmedia":[{"embeddable":true,"href":"http:\/\/www.tvturk.com\/index.php\/wp-json\/wp\/v2\/media\/20119"}],"wp:attachment":[{"href":"http:\/\/www.tvturk.com\/index.php\/wp-json\/wp\/v2\/media?parent=20118"}],"wp:term":[{"taxonomy":"category","embeddable":true,"href":"http:\/\/www.tvturk.com\/index.php\/wp-json\/wp\/v2\/categories?post=20118"},{"taxonomy":"post_tag","embeddable":true,"href":"http:\/\/www.tvturk.com\/index.php\/wp-json\/wp\/v2\/tags?post=20118"}],"curies":[{"name":"wp","href":"https:\/\/api.w.org\/{rel}","templated":true}]}}