{"id":20124,"date":"2019-02-11T09:47:45","date_gmt":"2019-02-11T06:47:45","guid":{"rendered":"http:\/\/www.tvturk.com\/index.php\/ozel-bir-turk-endonezyada-savasmayi-ogretiyor\/"},"modified":"2019-02-11T09:47:55","modified_gmt":"2019-02-11T06:47:55","slug":"ozel-bir-turk-endonezyada-savasmayi-ogretiyor","status":"publish","type":"post","link":"http:\/\/www.tvturk.com\/index.php\/ozel-bir-turk-endonezyada-savasmayi-ogretiyor\/","title":{"rendered":"(\u00d6ZEL) Bir T\u00fcrk Endonezya\u2019da sava\u015fmay\u0131 \u00f6\u011fretiyor"},"content":{"rendered":"<p>Karesi Atl\u0131 Ok\u00e7uluk ve Atl\u0131  Sava\u015f Sanatlar\u0131 Kul\u00fcb\u00fc kurucusu Ertan Erkeko\u011flu, at, ok\u00e7uluk ve sanat sava\u015flar\u0131 e\u011fitimi vermek \u00fczere Endonezya\u2019ya davet edildi. Bal\u0131kesir\u2019de geleneksel ok\u00e7uluk alan\u0131nda ba\u015far\u0131l\u0131 \u00e7al\u0131\u015fmalara imza atan Ertan Erkeko\u011flu T\u00fcrkiye\u2019de oldu\u011fu kadar yurt d\u0131\u015f\u0131nda da ad\u0131ndan s\u00f6z ettirerek geleneksel T\u00fcrk sporunu ve sanat sava\u015flar\u0131n\u0131 d\u00fcnyaya tan\u0131t\u0131yor.<\/p>\n<p>Karesi Atl\u0131 Ok\u00e7uluk ve Atl\u0131  Sava\u015f Sanatlar\u0131 Kul\u00fcb\u00fc kurucusu ve e\u011fitmeni Ertan Erkeko\u011flu Endonezya Atl\u0131 Ok\u00e7uluk Federasyonun (Perkumpulan Olahraga Panahan Berkuda Indonesia &#8211; KPBI) daveti \u00fczerine at e\u011fitimi, atl\u0131 ok\u00e7uluk ve atl\u0131 sava\u015f sanatlar\u0131 e\u011fitimleri vermek ve atl\u0131 sava\u015f sanatlar\u0131 g\u00f6steri ekibi kurmak \u00fczere gitti\u011fi Endonezya\u2019n\u0131n Yogyakarta \u015fehrinde ilgi oda\u011f\u0131 oldu. Bal\u0131kesir\u2019de geleneksel ok\u00e7uluk alan\u0131nda ba\u015far\u0131l\u0131 \u00e7al\u0131\u015fmalara imza atan Ertan Erkeko\u011flu T\u00fcrkiye\u2019de oldu\u011fu kadar yurt d\u0131\u015f\u0131nda da ad\u0131ndan s\u00f6z ettirerek geleneksel T\u00fcrk sporunu ve sanat sava\u015flar\u0131n\u0131 d\u00fcnyaya tan\u0131t\u0131yor. KPBI\u2019ya ba\u011fl\u0131 olarak kursa kat\u0131lan 36 Endonezyal\u0131ya e\u011fitim veren Ertan Erkeko\u011flu \u201cT\u00fcrk sava\u015f sanatlar\u0131n\u0131, T\u00fcrklerin at binicili\u011fini, at \u00fczerindeki h\u00fcnerlerini g\u00f6rmek i\u00e7in \u00f6zellikle beni davet etmi\u015fler. Biz bu i\u015fi bir T\u00fcrk\u2019ten \u00f6\u011frenmek istiyoruz o y\u00fczden sizi \u00e7a\u011f\u0131rd\u0131k dediler bana. Bu beni \u00e7ok etkiledi. \u0130nan\u0131n burada T\u00fcrk olmaktan gurur duydum. Sadece beni g\u00f6rmek i\u00e7in buraya gelenler var. Bir milletvekili o\u011flunu beni g\u00f6rmesi i\u00e7in buraya getirdi. Bunlar beni \u00e7ok etkiliyor, \u00e7ok duyguland\u0131rd\u0131. T\u00fcrk olmaktan ger\u00e7ekten gurur duydum. \u00c7al\u0131\u015fmalar \u00e7ok g\u00fczel gidiyor hepsi memnun. 700 talebenin okudu\u011fu bir medreseye davet ettiler burada. T\u00fcrkler ve atl\u0131 ok\u00e7uluk halk\u0131nda konu\u015fma yapt\u0131m onlara bilgilerimi aktard\u0131m\u201ddedi.<\/p>\n<p>&#8220;T\u00fcrkiye\u2019nin en \u00e7ok sporcu yeti\u015ftiren kul\u00fcb\u00fcy\u00fcz&#8221;<\/p>\n<p>2012 y\u0131l\u0131nda Bal\u0131kesir\u2019de atl\u0131 ok\u00e7ulu\u011fa tek ba\u015f\u0131ma ba\u015flad\u0131\u011f\u0131n\u0131 dile getiren Erkeko\u011flu \u201cDaha sonra yeti\u015ftirdi\u011fim arkada\u015flarla Karesi atl\u0131 ok\u00e7uluk kul\u00fcb\u00fcn\u00fc kurduk hem atl\u0131 ok\u00e7uluk hem geleneksel yaya ok\u00e7uluk dal\u0131nda bir \u00e7ok lisansl\u0131 sporcu yeti\u015ftirdik. Karesi Belediyesi kul\u00fcb\u00fcm\u00fcz ve Karesi il\u00e7e spor m\u00fcd\u00fcrl\u00fc\u011f\u00fc ile birlikte 2 y\u0131l boyunca geleneksel T\u00fcrk ok\u00e7ulu\u011fu kurslar\u0131 a\u00e7t\u0131k ve y\u00fczlerce sporcu yeti\u015ftirdik. Karesi Belediyesi ile birlikte 2015 ve 2017 y\u0131llar\u0131nda uluslararas\u0131 Alt\u0131nok festivalini ger\u00e7ekle\u015ftirdik ve hem yurt genelinde hem yurt d\u0131\u015f\u0131nda \u015fehrimizin tan\u0131t\u0131m\u0131n\u0131 yapt\u0131k. Kul\u00fcb\u00fcm\u00fcz b\u00fcnyesinde yeti\u015fen sporcular daha sonralar\u0131 bizim te\u015fvikimizle ba\u015fka kul\u00fcpler kurdular. Bal\u0131kesir\u2019de 3 atl\u0131 ok\u00e7uluk kul\u00fcb\u00fc d\u00f6rt tanede yaya ok\u00e7uluk kul\u00fcb\u00fc kuruldu. Karesi Belediyesi ile birlikte 2017 ve 2018 y\u0131llar\u0131 yaz kurslar\u0131nda 8 bin \u00f6\u011frenciye hem at bindirdik hem ok art\u0131rd\u0131k yeni nesillerin geleneksel ata sporlar\u0131m\u0131z\u0131n ve kadim T\u00fcrk k\u00fclt\u00fcr\u00fcm\u00fcz\u00fcn tan\u0131t\u0131m\u0131n\u0131 sa\u011flad\u0131k. T\u00fcrkiye\u2019nin en \u00e7ok sporcu yeti\u015ftiren ve en ba\u015far\u0131l\u0131 kul\u00fcb\u00fcy\u00fcz. resmi ve \u00f6zel m\u00fcsabakalarda sporcular\u0131m\u0131z bir \u00e7ok birincilik ve \u00e7e\u015fitli dereceler elde ettiler. 2 y\u0131ld\u0131r T\u00fcrkiye atl\u0131 ok\u00e7uluk \u015fampiyonas\u0131 gen\u00e7ler 1.si 2.si ve 3.s\u00fc bizim kul\u00fcb\u00fcm\u00fcz sporcular\u0131. Berkin Aras , Talha Sa\u011fbilge ve Ahmet Sa\u011fbilge  yine 2018 y\u0131ld\u0131zlar T\u00fcrkiye atl\u0131 ok\u00e7uluk \u015fampiyonu kul\u00fcb\u00fcm\u00fcz sporcusu Arif E\u011finli bunun yani s\u0131ra sporcular\u0131m\u0131z bir \u00e7ok derece elde etti . Ben Ertan Erkeko\u011flu 2017 T\u00fcrkiye atl\u0131 ok\u00e7uluk \u015fampiyonas\u0131nda  genel klasman d\u00f6rd\u00fcnc\u00fcs\u00fc olarak 10 ki\u015filik T\u00fcrkiye atl\u0131 ok\u00e7uluk milli tak\u0131m\u0131na se\u00e7ildim. G\u00fcney Kore\u2019de d\u00fczenlenen D\u00fcnya \u015fampiyonas\u0131nda tak\u0131m olarak d\u00fcnya \u00fc\u00e7\u00fcnc\u00fcl\u00fc\u011f\u00fc, Kazakistan\u2019da d\u00fczenlenen \u015fampiyonadan da ikincilikle d\u00f6nd\u00fcler.  Kul\u00fcb\u00fcm\u00fcz sporcular\u0131 4 y\u0131ld\u0131r Uluslararas\u0131 Etnospor festivaline kat\u0131lmaya hak kazanarak orada da ba\u015far\u0131lar elde ettiler. 2018 Etnospor festivali \u015fampiyonu kul\u00fcb\u00fcm\u00fcz sporcusu Berkin Aras oldu 2., yine kul\u00fcb\u00fcm\u00fczden Karesi Belediyesi zab\u0131tas\u0131 Samet Baykurt oldu. Karesi atl\u0131 ok\u00e7uluk ve atl\u0131 sava\u015f sanatlar\u0131 atl\u0131 akrobasi g\u00f6steri ekibimizle 5 y\u0131ld\u0131r T\u00fcrkiye\u2019nin bir \u00e7ok yerinde g\u00f6steriler yapt\u0131k. S\u00f6\u011f\u00fct Ertu\u011frul Gazi anma \u015fenliklerinde ve Domani\u00e7 Hayma Ana anma \u015fenliklerinde yine Y\u00f6r\u00fck T\u00fcrkmen festivallerinde g\u00f6steriler yaparak k\u00fclt\u00fcr\u00fcm\u00fcz\u00fc ve Bal\u0131kesir\u2019imizi tan\u0131tt\u0131k\u201ddedi.<div class=\"tiled-gallery type-rectangular tiled-gallery-unresized\" data-original-width=\"500\" data-carousel-extra='null' itemscope itemtype=\"http:\/\/schema.org\/ImageGallery\" > <div class=\"gallery-row\" style=\"width: 500px; height: 152px;\" data-original-width=\"500\" data-original-height=\"152\" > <div class=\"gallery-group images-1\" style=\"width: 191px; height: 152px;\" data-original-width=\"191\" data-original-height=\"152\" > <div class=\"tiled-gallery-item tiled-gallery-item-small\" itemprop=\"associatedMedia\" itemscope itemtype=\"http:\/\/schema.org\/ImageObject\"> <a href=\"http:\/\/www.tvturk.com\/index.php\/ozel-bir-turk-endonezyada-savasmayi-ogretiyor\/ozel-bir-turk-endonezyada-savasmayi-ogretiyor-3\/\" border=\"0\" itemprop=\"url\"> <meta itemprop=\"width\" content=\"187\"> <meta itemprop=\"height\" content=\"148\"> <img decoding=\"async\" class=\"\" data-attachment-id=\"20126\" data-orig-file=\"http:\/\/www.tvturk.com\/wp-content\/uploads\/2019\/02\/ozel-bir-turk-endonezyada-savasmayi-ogretiyor_8fde58a.jpg\" data-orig-size=\"780,616\" data-comments-opened=\"\" data-image-meta=\"{&quot;aperture&quot;:&quot;0&quot;,&quot;credit&quot;:&quot;IHA&quot;,&quot;camera&quot;:&quot;&quot;,&quot;caption&quot;:&quot;BALIKES\\u0130R KARES\\u0130 ATLI OK\\u00c7ULUK VE ATLI SAVA\\u015e SANATLARI KUL\\u00dcB\\u00dc KURUCUSU ERTAN ERKEKO\\u011eLU, AT, OK\\u00c7ULUK VE SANAT SAVA\\u015eLARI E\\u011e\\u0130T\\u0130M\\u0130 VERMEK \\u00dcZERE G\\u0130TT\\u0130\\u011e\\u0130 ENDONEZYA\\u2019DA \\u0130LG\\u0130 ODA\\u011eI OLDU. (HASAN OTA\\u011e FIRINCIO\\u011eULLARI\\\/BALIKES\\u0130R-\\u0130HA)&quot;,&quot;created_timestamp&quot;:&quot;1549800536&quot;,&quot;copyright&quot;:&quot;\\u0130HLAS HABER AJANSI, www.iha.com.tr&quot;,&quot;focal_length&quot;:&quot;0&quot;,&quot;iso&quot;:&quot;0&quot;,&quot;shutter_speed&quot;:&quot;0&quot;,&quot;title&quot;:&quot;(\\u00d6ZEL) B\\u0130R T\\u00dcRK ENDONEZYA\\u2019DA SAVA\\u015eMAYI \\u00d6\\u011eRET\\u0130YOR ENDONEZYALILARA T\\u00dcRK OK\\u00c7ULU\\u011eUNU \\u00d6\\u011eRET\\u0130YOR&quot;,&quot;orientation&quot;:&quot;0&quot;}\" data-image-title=\"(\u00d6ZEL) Bir T\u00fcrk Endonezya\u2019da sava\u015fmay\u0131 \u00f6\u011fretiyor\" data-image-description=\"&lt;p&gt;(\u00d6ZEL) Bir T\u00fcrk Endonezya\u2019da sava\u015fmay\u0131 \u00f6\u011fretiyor&lt;\/p&gt; \" data-medium-file=\"https:\/\/i0.wp.com\/www.tvturk.com\/wp-content\/uploads\/2019\/02\/ozel-bir-turk-endonezyada-savasmayi-ogretiyor_8fde58a.jpg?fit=300%2C237\" data-large-file=\"https:\/\/i0.wp.com\/www.tvturk.com\/wp-content\/uploads\/2019\/02\/ozel-bir-turk-endonezyada-savasmayi-ogretiyor_8fde58a.jpg?fit=780%2C616\" src=\"https:\/\/i0.wp.com\/www.tvturk.com\/wp-content\/uploads\/2019\/02\/ozel-bir-turk-endonezyada-savasmayi-ogretiyor_8fde58a.jpg?w=187&#038;h=148\" srcset=\"https:\/\/i0.wp.com\/www.tvturk.com\/wp-content\/uploads\/2019\/02\/ozel-bir-turk-endonezyada-savasmayi-ogretiyor_8fde58a.jpg?w=780 780w, https:\/\/i0.wp.com\/www.tvturk.com\/wp-content\/uploads\/2019\/02\/ozel-bir-turk-endonezyada-savasmayi-ogretiyor_8fde58a.jpg?resize=150%2C118 150w, https:\/\/i0.wp.com\/www.tvturk.com\/wp-content\/uploads\/2019\/02\/ozel-bir-turk-endonezyada-savasmayi-ogretiyor_8fde58a.jpg?resize=300%2C237 300w, https:\/\/i0.wp.com\/www.tvturk.com\/wp-content\/uploads\/2019\/02\/ozel-bir-turk-endonezyada-savasmayi-ogretiyor_8fde58a.jpg?resize=768%2C607 768w\" width=\"187\" height=\"148\" loading=\"lazy\" data-original-width=\"187\" data-original-height=\"148\" itemprop=\"http:\/\/schema.org\/image\" title=\"(\u00d6ZEL) Bir T\u00fcrk Endonezya\u2019da sava\u015fmay\u0131 \u00f6\u011fretiyor\" alt=\"(\u00d6ZEL) Bir T\u00fcrk Endonezya\u2019da sava\u015fmay\u0131 \u00f6\u011fretiyor\" style=\"width: 187px; height: 148px;\" \/> <\/a> <\/div> <\/div> <!-- close group --> <div class=\"gallery-group images-1\" style=\"width: 309px; height: 152px;\" data-original-width=\"309\" data-original-height=\"152\" > <div class=\"tiled-gallery-item tiled-gallery-item-large\" itemprop=\"associatedMedia\" itemscope itemtype=\"http:\/\/schema.org\/ImageObject\"> <a href=\"http:\/\/www.tvturk.com\/index.php\/ozel-bir-turk-endonezyada-savasmayi-ogretiyor\/ozel-bir-turk-endonezyada-savasmayi-ogretiyor-4\/\" border=\"0\" itemprop=\"url\"> <meta itemprop=\"width\" content=\"305\"> <meta itemprop=\"height\" content=\"148\"> <img decoding=\"async\" class=\"\" data-attachment-id=\"20127\" data-orig-file=\"http:\/\/www.tvturk.com\/wp-content\/uploads\/2019\/02\/ozel-bir-turk-endonezyada-savasmayi-ogretiyor_306d976.jpg\" data-orig-size=\"1000,486\" data-comments-opened=\"\" data-image-meta=\"{&quot;aperture&quot;:&quot;0&quot;,&quot;credit&quot;:&quot;IHA&quot;,&quot;camera&quot;:&quot;&quot;,&quot;caption&quot;:&quot;BALIKES\\u0130R KARES\\u0130 ATLI OK\\u00c7ULUK VE ATLI SAVA\\u015e SANATLARI KUL\\u00dcB\\u00dc KURUCUSU ERTAN ERKEKO\\u011eLU, AT, OK\\u00c7ULUK VE SANAT SAVA\\u015eLARI E\\u011e\\u0130T\\u0130M\\u0130 VERMEK \\u00dcZERE G\\u0130TT\\u0130\\u011e\\u0130 ENDONEZYA\\u2019DA \\u0130LG\\u0130 ODA\\u011eI OLDU. (HASAN OTA\\u011e FIRINCIO\\u011eULLARI\\\/BALIKES\\u0130R-\\u0130HA)&quot;,&quot;created_timestamp&quot;:&quot;0&quot;,&quot;copyright&quot;:&quot;\\u0130HLAS HABER AJANSI, www.iha.com.tr&quot;,&quot;focal_length&quot;:&quot;0&quot;,&quot;iso&quot;:&quot;0&quot;,&quot;shutter_speed&quot;:&quot;0&quot;,&quot;title&quot;:&quot;(\\u00d6ZEL) B\\u0130R T\\u00dcRK ENDONEZYA\\u2019DA SAVA\\u015eMAYI \\u00d6\\u011eRET\\u0130YOR ENDONEZYALILARA T\\u00dcRK OK\\u00c7ULU\\u011eUNU \\u00d6\\u011eRET\\u0130YOR&quot;,&quot;orientation&quot;:&quot;0&quot;}\" data-image-title=\"(\u00d6ZEL) Bir T\u00fcrk Endonezya\u2019da sava\u015fmay\u0131 \u00f6\u011fretiyor\" data-image-description=\"&lt;p&gt;(\u00d6ZEL) Bir T\u00fcrk Endonezya\u2019da sava\u015fmay\u0131 \u00f6\u011fretiyor&lt;\/p&gt; \" data-medium-file=\"https:\/\/i0.wp.com\/www.tvturk.com\/wp-content\/uploads\/2019\/02\/ozel-bir-turk-endonezyada-savasmayi-ogretiyor_306d976.jpg?fit=300%2C146\" data-large-file=\"https:\/\/i0.wp.com\/www.tvturk.com\/wp-content\/uploads\/2019\/02\/ozel-bir-turk-endonezyada-savasmayi-ogretiyor_306d976.jpg?fit=1000%2C486\" src=\"https:\/\/i0.wp.com\/www.tvturk.com\/wp-content\/uploads\/2019\/02\/ozel-bir-turk-endonezyada-savasmayi-ogretiyor_306d976.jpg?w=305&#038;h=148\" srcset=\"https:\/\/i0.wp.com\/www.tvturk.com\/wp-content\/uploads\/2019\/02\/ozel-bir-turk-endonezyada-savasmayi-ogretiyor_306d976.jpg?w=1000 1000w, https:\/\/i0.wp.com\/www.tvturk.com\/wp-content\/uploads\/2019\/02\/ozel-bir-turk-endonezyada-savasmayi-ogretiyor_306d976.jpg?resize=150%2C73 150w, https:\/\/i0.wp.com\/www.tvturk.com\/wp-content\/uploads\/2019\/02\/ozel-bir-turk-endonezyada-savasmayi-ogretiyor_306d976.jpg?resize=300%2C146 300w, https:\/\/i0.wp.com\/www.tvturk.com\/wp-content\/uploads\/2019\/02\/ozel-bir-turk-endonezyada-savasmayi-ogretiyor_306d976.jpg?resize=768%2C373 768w\" width=\"305\" height=\"148\" loading=\"lazy\" data-original-width=\"305\" data-original-height=\"148\" itemprop=\"http:\/\/schema.org\/image\" title=\"(\u00d6ZEL) Bir T\u00fcrk Endonezya\u2019da sava\u015fmay\u0131 \u00f6\u011fretiyor\" alt=\"(\u00d6ZEL) Bir T\u00fcrk Endonezya\u2019da sava\u015fmay\u0131 \u00f6\u011fretiyor\" style=\"width: 305px; height: 148px;\" \/> <\/a> <\/div> <\/div> <!-- close group --> <\/div> <!-- close row --> <div class=\"gallery-row\" style=\"width: 500px; height: 126px;\" data-original-width=\"500\" data-original-height=\"126\" > <div class=\"gallery-group images-1\" style=\"width: 246px; height: 126px;\" data-original-width=\"246\" data-original-height=\"126\" > <div class=\"tiled-gallery-item tiled-gallery-item-small\" itemprop=\"associatedMedia\" itemscope itemtype=\"http:\/\/schema.org\/ImageObject\"> <a href=\"http:\/\/www.tvturk.com\/index.php\/ozel-bir-turk-endonezyada-savasmayi-ogretiyor\/ozel-bir-turk-endonezyada-savasmayi-ogretiyor-5\/\" border=\"0\" itemprop=\"url\"> <meta itemprop=\"width\" content=\"242\"> <meta itemprop=\"height\" content=\"122\"> <img decoding=\"async\" class=\"\" data-attachment-id=\"20128\" data-orig-file=\"http:\/\/www.tvturk.com\/wp-content\/uploads\/2019\/02\/ozel-bir-turk-endonezyada-savasmayi-ogretiyor_f98d569.jpg\" data-orig-size=\"1000,506\" data-comments-opened=\"\" data-image-meta=\"{&quot;aperture&quot;:&quot;0&quot;,&quot;credit&quot;:&quot;IHA&quot;,&quot;camera&quot;:&quot;&quot;,&quot;caption&quot;:&quot;BALIKES\\u0130R KARES\\u0130 ATLI OK\\u00c7ULUK VE ATLI SAVA\\u015e SANATLARI KUL\\u00dcB\\u00dc KURUCUSU ERTAN ERKEKO\\u011eLU, AT, OK\\u00c7ULUK VE SANAT SAVA\\u015eLARI E\\u011e\\u0130T\\u0130M\\u0130 VERMEK \\u00dcZERE G\\u0130TT\\u0130\\u011e\\u0130 ENDONEZYA\\u2019DA \\u0130LG\\u0130 ODA\\u011eI OLDU. (HASAN OTA\\u011e FIRINCIO\\u011eULLARI\\\/BALIKES\\u0130R-\\u0130HA)&quot;,&quot;created_timestamp&quot;:&quot;0&quot;,&quot;copyright&quot;:&quot;\\u0130HLAS HABER AJANSI, www.iha.com.tr&quot;,&quot;focal_length&quot;:&quot;0&quot;,&quot;iso&quot;:&quot;0&quot;,&quot;shutter_speed&quot;:&quot;0&quot;,&quot;title&quot;:&quot;(\\u00d6ZEL) B\\u0130R T\\u00dcRK ENDONEZYA\\u2019DA SAVA\\u015eMAYI \\u00d6\\u011eRET\\u0130YOR ENDONEZYALILARA T\\u00dcRK OK\\u00c7ULU\\u011eUNU \\u00d6\\u011eRET\\u0130YOR&quot;,&quot;orientation&quot;:&quot;0&quot;}\" data-image-title=\"(\u00d6ZEL) Bir T\u00fcrk Endonezya\u2019da sava\u015fmay\u0131 \u00f6\u011fretiyor\" data-image-description=\"&lt;p&gt;(\u00d6ZEL) Bir T\u00fcrk Endonezya\u2019da sava\u015fmay\u0131 \u00f6\u011fretiyor&lt;\/p&gt; \" data-medium-file=\"https:\/\/i0.wp.com\/www.tvturk.com\/wp-content\/uploads\/2019\/02\/ozel-bir-turk-endonezyada-savasmayi-ogretiyor_f98d569.jpg?fit=300%2C152\" data-large-file=\"https:\/\/i0.wp.com\/www.tvturk.com\/wp-content\/uploads\/2019\/02\/ozel-bir-turk-endonezyada-savasmayi-ogretiyor_f98d569.jpg?fit=1000%2C506\" src=\"https:\/\/i0.wp.com\/www.tvturk.com\/wp-content\/uploads\/2019\/02\/ozel-bir-turk-endonezyada-savasmayi-ogretiyor_f98d569.jpg?w=242&#038;h=122\" srcset=\"https:\/\/i0.wp.com\/www.tvturk.com\/wp-content\/uploads\/2019\/02\/ozel-bir-turk-endonezyada-savasmayi-ogretiyor_f98d569.jpg?w=1000 1000w, https:\/\/i0.wp.com\/www.tvturk.com\/wp-content\/uploads\/2019\/02\/ozel-bir-turk-endonezyada-savasmayi-ogretiyor_f98d569.jpg?resize=150%2C76 150w, https:\/\/i0.wp.com\/www.tvturk.com\/wp-content\/uploads\/2019\/02\/ozel-bir-turk-endonezyada-savasmayi-ogretiyor_f98d569.jpg?resize=300%2C152 300w, https:\/\/i0.wp.com\/www.tvturk.com\/wp-content\/uploads\/2019\/02\/ozel-bir-turk-endonezyada-savasmayi-ogretiyor_f98d569.jpg?resize=768%2C389 768w\" width=\"242\" height=\"122\" loading=\"lazy\" data-original-width=\"242\" data-original-height=\"122\" itemprop=\"http:\/\/schema.org\/image\" title=\"(\u00d6ZEL) Bir T\u00fcrk Endonezya\u2019da sava\u015fmay\u0131 \u00f6\u011fretiyor\" alt=\"(\u00d6ZEL) Bir T\u00fcrk Endonezya\u2019da sava\u015fmay\u0131 \u00f6\u011fretiyor\" style=\"width: 242px; height: 122px;\" \/> <\/a> <\/div> <\/div> <!-- close group --> <div class=\"gallery-group images-1\" style=\"width: 254px; height: 126px;\" data-original-width=\"254\" data-original-height=\"126\" > <div class=\"tiled-gallery-item tiled-gallery-item-large\" itemprop=\"associatedMedia\" itemscope itemtype=\"http:\/\/schema.org\/ImageObject\"> <a href=\"http:\/\/www.tvturk.com\/index.php\/ozel-bir-turk-endonezyada-savasmayi-ogretiyor\/ozel-bir-turk-endonezyada-savasmayi-ogretiyor-6\/\" border=\"0\" itemprop=\"url\"> <meta itemprop=\"width\" content=\"250\"> <meta itemprop=\"height\" content=\"122\"> <img decoding=\"async\" class=\"\" data-attachment-id=\"20129\" data-orig-file=\"http:\/\/www.tvturk.com\/wp-content\/uploads\/2019\/02\/ozel-bir-turk-endonezyada-savasmayi-ogretiyor_3069a43.jpg\" data-orig-size=\"1000,488\" data-comments-opened=\"\" data-image-meta=\"{&quot;aperture&quot;:&quot;0&quot;,&quot;credit&quot;:&quot;IHA&quot;,&quot;camera&quot;:&quot;&quot;,&quot;caption&quot;:&quot;BALIKES\\u0130R KARES\\u0130 ATLI OK\\u00c7ULUK VE ATLI SAVA\\u015e SANATLARI KUL\\u00dcB\\u00dc KURUCUSU ERTAN ERKEKO\\u011eLU, AT, OK\\u00c7ULUK VE SANAT SAVA\\u015eLARI E\\u011e\\u0130T\\u0130M\\u0130 VERMEK \\u00dcZERE G\\u0130TT\\u0130\\u011e\\u0130 ENDONEZYA\\u2019DA \\u0130LG\\u0130 ODA\\u011eI OLDU. (HASAN OTA\\u011e FIRINCIO\\u011eULLARI\\\/BALIKES\\u0130R-\\u0130HA)&quot;,&quot;created_timestamp&quot;:&quot;0&quot;,&quot;copyright&quot;:&quot;\\u0130HLAS HABER AJANSI, www.iha.com.tr&quot;,&quot;focal_length&quot;:&quot;0&quot;,&quot;iso&quot;:&quot;0&quot;,&quot;shutter_speed&quot;:&quot;0&quot;,&quot;title&quot;:&quot;(\\u00d6ZEL) B\\u0130R T\\u00dcRK ENDONEZYA\\u2019DA SAVA\\u015eMAYI \\u00d6\\u011eRET\\u0130YOR ENDONEZYALILARA T\\u00dcRK OK\\u00c7ULU\\u011eUNU \\u00d6\\u011eRET\\u0130YOR&quot;,&quot;orientation&quot;:&quot;0&quot;}\" data-image-title=\"(\u00d6ZEL) Bir T\u00fcrk Endonezya\u2019da sava\u015fmay\u0131 \u00f6\u011fretiyor\" data-image-description=\"&lt;p&gt;(\u00d6ZEL) Bir T\u00fcrk Endonezya\u2019da sava\u015fmay\u0131 \u00f6\u011fretiyor&lt;\/p&gt; \" data-medium-file=\"https:\/\/i0.wp.com\/www.tvturk.com\/wp-content\/uploads\/2019\/02\/ozel-bir-turk-endonezyada-savasmayi-ogretiyor_3069a43.jpg?fit=300%2C146\" data-large-file=\"https:\/\/i0.wp.com\/www.tvturk.com\/wp-content\/uploads\/2019\/02\/ozel-bir-turk-endonezyada-savasmayi-ogretiyor_3069a43.jpg?fit=1000%2C488\" src=\"https:\/\/i0.wp.com\/www.tvturk.com\/wp-content\/uploads\/2019\/02\/ozel-bir-turk-endonezyada-savasmayi-ogretiyor_3069a43.jpg?w=250&#038;h=122\" srcset=\"https:\/\/i0.wp.com\/www.tvturk.com\/wp-content\/uploads\/2019\/02\/ozel-bir-turk-endonezyada-savasmayi-ogretiyor_3069a43.jpg?w=1000 1000w, https:\/\/i0.wp.com\/www.tvturk.com\/wp-content\/uploads\/2019\/02\/ozel-bir-turk-endonezyada-savasmayi-ogretiyor_3069a43.jpg?resize=150%2C73 150w, https:\/\/i0.wp.com\/www.tvturk.com\/wp-content\/uploads\/2019\/02\/ozel-bir-turk-endonezyada-savasmayi-ogretiyor_3069a43.jpg?resize=300%2C146 300w, https:\/\/i0.wp.com\/www.tvturk.com\/wp-content\/uploads\/2019\/02\/ozel-bir-turk-endonezyada-savasmayi-ogretiyor_3069a43.jpg?resize=768%2C375 768w\" width=\"250\" height=\"122\" loading=\"lazy\" data-original-width=\"250\" data-original-height=\"122\" itemprop=\"http:\/\/schema.org\/image\" title=\"(\u00d6ZEL) Bir T\u00fcrk Endonezya\u2019da sava\u015fmay\u0131 \u00f6\u011fretiyor\" alt=\"(\u00d6ZEL) Bir T\u00fcrk Endonezya\u2019da sava\u015fmay\u0131 \u00f6\u011fretiyor\" style=\"width: 250px; height: 122px;\" \/> <\/a> <\/div> <\/div> <!-- close group --> <\/div> <!-- close row --> <div class=\"gallery-row\" style=\"width: 500px; height: 236px;\" data-original-width=\"500\" data-original-height=\"236\" > <div class=\"gallery-group images-1\" style=\"width: 500px; height: 236px;\" data-original-width=\"500\" data-original-height=\"236\" > <div class=\"tiled-gallery-item tiled-gallery-item-large\" itemprop=\"associatedMedia\" itemscope itemtype=\"http:\/\/schema.org\/ImageObject\"> <a href=\"http:\/\/www.tvturk.com\/index.php\/ozel-bir-turk-endonezyada-savasmayi-ogretiyor\/ozel-bir-turk-endonezyada-savasmayi-ogretiyor-7\/\" border=\"0\" itemprop=\"url\"> <meta itemprop=\"width\" content=\"496\"> <meta itemprop=\"height\" content=\"232\"> <img decoding=\"async\" class=\"\" data-attachment-id=\"20130\" data-orig-file=\"http:\/\/www.tvturk.com\/wp-content\/uploads\/2019\/02\/ozel-bir-turk-endonezyada-savasmayi-ogretiyor_fc48ecc.jpg\" data-orig-size=\"1000,467\" data-comments-opened=\"\" data-image-meta=\"{&quot;aperture&quot;:&quot;0&quot;,&quot;credit&quot;:&quot;IHA&quot;,&quot;camera&quot;:&quot;&quot;,&quot;caption&quot;:&quot;BALIKES\\u0130R KARES\\u0130 ATLI OK\\u00c7ULUK VE ATLI SAVA\\u015e SANATLARI KUL\\u00dcB\\u00dc KURUCUSU ERTAN ERKEKO\\u011eLU, AT, OK\\u00c7ULUK VE SANAT SAVA\\u015eLARI E\\u011e\\u0130T\\u0130M\\u0130 VERMEK \\u00dcZERE G\\u0130TT\\u0130\\u011e\\u0130 ENDONEZYA\\u2019DA \\u0130LG\\u0130 ODA\\u011eI OLDU. (HASAN OTA\\u011e FIRINCIO\\u011eULLARI\\\/BALIKES\\u0130R-\\u0130HA)&quot;,&quot;created_timestamp&quot;:&quot;0&quot;,&quot;copyright&quot;:&quot;\\u0130HLAS HABER AJANSI, www.iha.com.tr&quot;,&quot;focal_length&quot;:&quot;0&quot;,&quot;iso&quot;:&quot;0&quot;,&quot;shutter_speed&quot;:&quot;0&quot;,&quot;title&quot;:&quot;(\\u00d6ZEL) B\\u0130R T\\u00dcRK ENDONEZYA\\u2019DA SAVA\\u015eMAYI \\u00d6\\u011eRET\\u0130YOR ENDONEZYALILARA T\\u00dcRK OK\\u00c7ULU\\u011eUNU \\u00d6\\u011eRET\\u0130YOR&quot;,&quot;orientation&quot;:&quot;0&quot;}\" data-image-title=\"(\u00d6ZEL) Bir T\u00fcrk Endonezya\u2019da sava\u015fmay\u0131 \u00f6\u011fretiyor\" data-image-description=\"&lt;p&gt;(\u00d6ZEL) Bir T\u00fcrk Endonezya\u2019da sava\u015fmay\u0131 \u00f6\u011fretiyor&lt;\/p&gt; \" data-medium-file=\"https:\/\/i0.wp.com\/www.tvturk.com\/wp-content\/uploads\/2019\/02\/ozel-bir-turk-endonezyada-savasmayi-ogretiyor_fc48ecc.jpg?fit=300%2C140\" data-large-file=\"https:\/\/i0.wp.com\/www.tvturk.com\/wp-content\/uploads\/2019\/02\/ozel-bir-turk-endonezyada-savasmayi-ogretiyor_fc48ecc.jpg?fit=1000%2C467\" src=\"https:\/\/i0.wp.com\/www.tvturk.com\/wp-content\/uploads\/2019\/02\/ozel-bir-turk-endonezyada-savasmayi-ogretiyor_fc48ecc.jpg?w=496&#038;h=232\" srcset=\"https:\/\/i0.wp.com\/www.tvturk.com\/wp-content\/uploads\/2019\/02\/ozel-bir-turk-endonezyada-savasmayi-ogretiyor_fc48ecc.jpg?w=1000 1000w, https:\/\/i0.wp.com\/www.tvturk.com\/wp-content\/uploads\/2019\/02\/ozel-bir-turk-endonezyada-savasmayi-ogretiyor_fc48ecc.jpg?resize=150%2C70 150w, https:\/\/i0.wp.com\/www.tvturk.com\/wp-content\/uploads\/2019\/02\/ozel-bir-turk-endonezyada-savasmayi-ogretiyor_fc48ecc.jpg?resize=300%2C140 300w, https:\/\/i0.wp.com\/www.tvturk.com\/wp-content\/uploads\/2019\/02\/ozel-bir-turk-endonezyada-savasmayi-ogretiyor_fc48ecc.jpg?resize=768%2C359 768w\" width=\"496\" height=\"232\" loading=\"lazy\" data-original-width=\"496\" data-original-height=\"232\" itemprop=\"http:\/\/schema.org\/image\" title=\"(\u00d6ZEL) Bir T\u00fcrk Endonezya\u2019da sava\u015fmay\u0131 \u00f6\u011fretiyor\" alt=\"(\u00d6ZEL) Bir T\u00fcrk Endonezya\u2019da sava\u015fmay\u0131 \u00f6\u011fretiyor\" style=\"width: 496px; height: 232px;\" \/> <\/a> <\/div> <\/div> <!-- close group --> <\/div> <!-- close row --> <div class=\"gallery-row\" style=\"width: 500px; height: 246px;\" data-original-width=\"500\" data-original-height=\"246\" > <div class=\"gallery-group images-1\" style=\"width: 500px; height: 246px;\" data-original-width=\"500\" data-original-height=\"246\" > <div class=\"tiled-gallery-item tiled-gallery-item-large\" itemprop=\"associatedMedia\" itemscope itemtype=\"http:\/\/schema.org\/ImageObject\"> <a href=\"http:\/\/www.tvturk.com\/index.php\/ozel-bir-turk-endonezyada-savasmayi-ogretiyor\/ozel-bir-turk-endonezyada-savasmayi-ogretiyor-8\/\" border=\"0\" itemprop=\"url\"> <meta itemprop=\"width\" content=\"496\"> <meta itemprop=\"height\" content=\"242\"> <img decoding=\"async\" class=\"\" data-attachment-id=\"20131\" data-orig-file=\"http:\/\/www.tvturk.com\/wp-content\/uploads\/2019\/02\/ozel-bir-turk-endonezyada-savasmayi-ogretiyor_2ad2669.jpg\" data-orig-size=\"1000,487\" data-comments-opened=\"\" data-image-meta=\"{&quot;aperture&quot;:&quot;0&quot;,&quot;credit&quot;:&quot;IHA&quot;,&quot;camera&quot;:&quot;&quot;,&quot;caption&quot;:&quot;BALIKES\\u0130R KARES\\u0130 ATLI OK\\u00c7ULUK VE ATLI SAVA\\u015e SANATLARI KUL\\u00dcB\\u00dc KURUCUSU ERTAN ERKEKO\\u011eLU, AT, OK\\u00c7ULUK VE SANAT SAVA\\u015eLARI E\\u011e\\u0130T\\u0130M\\u0130 VERMEK \\u00dcZERE G\\u0130TT\\u0130\\u011e\\u0130 ENDONEZYA\\u2019DA \\u0130LG\\u0130 ODA\\u011eI OLDU. (HASAN OTA\\u011e FIRINCIO\\u011eULLARI\\\/BALIKES\\u0130R-\\u0130HA)&quot;,&quot;created_timestamp&quot;:&quot;0&quot;,&quot;copyright&quot;:&quot;\\u0130HLAS HABER AJANSI, www.iha.com.tr&quot;,&quot;focal_length&quot;:&quot;0&quot;,&quot;iso&quot;:&quot;0&quot;,&quot;shutter_speed&quot;:&quot;0&quot;,&quot;title&quot;:&quot;(\\u00d6ZEL) B\\u0130R T\\u00dcRK ENDONEZYA\\u2019DA SAVA\\u015eMAYI \\u00d6\\u011eRET\\u0130YOR ENDONEZYALILARA T\\u00dcRK OK\\u00c7ULU\\u011eUNU \\u00d6\\u011eRET\\u0130YOR&quot;,&quot;orientation&quot;:&quot;0&quot;}\" data-image-title=\"(\u00d6ZEL) Bir T\u00fcrk Endonezya\u2019da sava\u015fmay\u0131 \u00f6\u011fretiyor\" data-image-description=\"&lt;p&gt;(\u00d6ZEL) Bir T\u00fcrk Endonezya\u2019da sava\u015fmay\u0131 \u00f6\u011fretiyor&lt;\/p&gt; \" data-medium-file=\"https:\/\/i0.wp.com\/www.tvturk.com\/wp-content\/uploads\/2019\/02\/ozel-bir-turk-endonezyada-savasmayi-ogretiyor_2ad2669.jpg?fit=300%2C146\" data-large-file=\"https:\/\/i0.wp.com\/www.tvturk.com\/wp-content\/uploads\/2019\/02\/ozel-bir-turk-endonezyada-savasmayi-ogretiyor_2ad2669.jpg?fit=1000%2C487\" src=\"https:\/\/i0.wp.com\/www.tvturk.com\/wp-content\/uploads\/2019\/02\/ozel-bir-turk-endonezyada-savasmayi-ogretiyor_2ad2669.jpg?w=496&#038;h=242\" srcset=\"https:\/\/i0.wp.com\/www.tvturk.com\/wp-content\/uploads\/2019\/02\/ozel-bir-turk-endonezyada-savasmayi-ogretiyor_2ad2669.jpg?w=1000 1000w, https:\/\/i0.wp.com\/www.tvturk.com\/wp-content\/uploads\/2019\/02\/ozel-bir-turk-endonezyada-savasmayi-ogretiyor_2ad2669.jpg?resize=150%2C73 150w, https:\/\/i0.wp.com\/www.tvturk.com\/wp-content\/uploads\/2019\/02\/ozel-bir-turk-endonezyada-savasmayi-ogretiyor_2ad2669.jpg?resize=300%2C146 300w, https:\/\/i0.wp.com\/www.tvturk.com\/wp-content\/uploads\/2019\/02\/ozel-bir-turk-endonezyada-savasmayi-ogretiyor_2ad2669.jpg?resize=768%2C374 768w\" width=\"496\" height=\"242\" loading=\"lazy\" data-original-width=\"496\" data-original-height=\"242\" itemprop=\"http:\/\/schema.org\/image\" title=\"(\u00d6ZEL) Bir T\u00fcrk Endonezya\u2019da sava\u015fmay\u0131 \u00f6\u011fretiyor\" alt=\"(\u00d6ZEL) Bir T\u00fcrk Endonezya\u2019da sava\u015fmay\u0131 \u00f6\u011fretiyor\" style=\"width: 496px; height: 242px;\" \/> <\/a> <\/div> <\/div> <!-- close group --> <\/div> <!-- close row --> <div class=\"gallery-row\" style=\"width: 500px; height: 155px;\" data-original-width=\"500\" data-original-height=\"155\" > <div class=\"gallery-group images-1\" style=\"width: 200px; height: 155px;\" data-original-width=\"200\" data-original-height=\"155\" > <div class=\"tiled-gallery-item tiled-gallery-item-small\" itemprop=\"associatedMedia\" itemscope itemtype=\"http:\/\/schema.org\/ImageObject\"> <a href=\"http:\/\/www.tvturk.com\/index.php\/ozel-bir-turk-endonezyada-savasmayi-ogretiyor\/ozel-bir-turk-endonezyada-savasmayi-ogretiyor-9\/\" border=\"0\" itemprop=\"url\"> <meta itemprop=\"width\" content=\"196\"> <meta itemprop=\"height\" content=\"151\"> <img decoding=\"async\" class=\"\" data-attachment-id=\"20132\" data-orig-file=\"http:\/\/www.tvturk.com\/wp-content\/uploads\/2019\/02\/ozel-bir-turk-endonezyada-savasmayi-ogretiyor_3b682ec.jpg\" data-orig-size=\"789,606\" data-comments-opened=\"\" data-image-meta=\"{&quot;aperture&quot;:&quot;0&quot;,&quot;credit&quot;:&quot;IHA&quot;,&quot;camera&quot;:&quot;&quot;,&quot;caption&quot;:&quot;BALIKES\\u0130R KARES\\u0130 ATLI OK\\u00c7ULUK VE ATLI SAVA\\u015e SANATLARI KUL\\u00dcB\\u00dc KURUCUSU ERTAN ERKEKO\\u011eLU, AT, OK\\u00c7ULUK VE SANAT SAVA\\u015eLARI E\\u011e\\u0130T\\u0130M\\u0130 VERMEK \\u00dcZERE G\\u0130TT\\u0130\\u011e\\u0130 ENDONEZYA\\u2019DA \\u0130LG\\u0130 ODA\\u011eI OLDU. (HASAN OTA\\u011e FIRINCIO\\u011eULLARI\\\/BALIKES\\u0130R-\\u0130HA)&quot;,&quot;created_timestamp&quot;:&quot;1549800443&quot;,&quot;copyright&quot;:&quot;\\u0130HLAS HABER AJANSI, www.iha.com.tr&quot;,&quot;focal_length&quot;:&quot;0&quot;,&quot;iso&quot;:&quot;0&quot;,&quot;shutter_speed&quot;:&quot;0&quot;,&quot;title&quot;:&quot;(\\u00d6ZEL) B\\u0130R T\\u00dcRK ENDONEZYA\\u2019DA SAVA\\u015eMAYI \\u00d6\\u011eRET\\u0130YOR ENDONEZYALILARA T\\u00dcRK OK\\u00c7ULU\\u011eUNU \\u00d6\\u011eRET\\u0130YOR&quot;,&quot;orientation&quot;:&quot;0&quot;}\" data-image-title=\"(\u00d6ZEL) Bir T\u00fcrk Endonezya\u2019da sava\u015fmay\u0131 \u00f6\u011fretiyor\" data-image-description=\"&lt;p&gt;(\u00d6ZEL) Bir T\u00fcrk Endonezya\u2019da sava\u015fmay\u0131 \u00f6\u011fretiyor&lt;\/p&gt; \" data-medium-file=\"https:\/\/i0.wp.com\/www.tvturk.com\/wp-content\/uploads\/2019\/02\/ozel-bir-turk-endonezyada-savasmayi-ogretiyor_3b682ec.jpg?fit=300%2C230\" data-large-file=\"https:\/\/i0.wp.com\/www.tvturk.com\/wp-content\/uploads\/2019\/02\/ozel-bir-turk-endonezyada-savasmayi-ogretiyor_3b682ec.jpg?fit=789%2C606\" src=\"https:\/\/i0.wp.com\/www.tvturk.com\/wp-content\/uploads\/2019\/02\/ozel-bir-turk-endonezyada-savasmayi-ogretiyor_3b682ec.jpg?w=196&#038;h=151\" srcset=\"https:\/\/i0.wp.com\/www.tvturk.com\/wp-content\/uploads\/2019\/02\/ozel-bir-turk-endonezyada-savasmayi-ogretiyor_3b682ec.jpg?w=789 789w, https:\/\/i0.wp.com\/www.tvturk.com\/wp-content\/uploads\/2019\/02\/ozel-bir-turk-endonezyada-savasmayi-ogretiyor_3b682ec.jpg?resize=150%2C115 150w, https:\/\/i0.wp.com\/www.tvturk.com\/wp-content\/uploads\/2019\/02\/ozel-bir-turk-endonezyada-savasmayi-ogretiyor_3b682ec.jpg?resize=300%2C230 300w, https:\/\/i0.wp.com\/www.tvturk.com\/wp-content\/uploads\/2019\/02\/ozel-bir-turk-endonezyada-savasmayi-ogretiyor_3b682ec.jpg?resize=768%2C590 768w\" width=\"196\" height=\"151\" loading=\"lazy\" data-original-width=\"196\" data-original-height=\"151\" itemprop=\"http:\/\/schema.org\/image\" title=\"(\u00d6ZEL) Bir T\u00fcrk Endonezya\u2019da sava\u015fmay\u0131 \u00f6\u011fretiyor\" alt=\"(\u00d6ZEL) Bir T\u00fcrk Endonezya\u2019da sava\u015fmay\u0131 \u00f6\u011fretiyor\" style=\"width: 196px; height: 151px;\" \/> <\/a> <\/div> <\/div> <!-- close group --> <div class=\"gallery-group images-1\" style=\"width: 300px; height: 155px;\" data-original-width=\"300\" data-original-height=\"155\" > <div class=\"tiled-gallery-item tiled-gallery-item-large\" itemprop=\"associatedMedia\" itemscope itemtype=\"http:\/\/schema.org\/ImageObject\"> <a href=\"http:\/\/www.tvturk.com\/index.php\/ozel-bir-turk-endonezyada-savasmayi-ogretiyor\/ozel-bir-turk-endonezyada-savasmayi-ogretiyor-10\/\" border=\"0\" itemprop=\"url\"> <meta itemprop=\"width\" content=\"296\"> <meta itemprop=\"height\" content=\"151\"> <img decoding=\"async\" class=\"\" data-attachment-id=\"20133\" data-orig-file=\"http:\/\/www.tvturk.com\/wp-content\/uploads\/2019\/02\/ozel-bir-turk-endonezyada-savasmayi-ogretiyor_e78f80b.jpg\" data-orig-size=\"1000,509\" data-comments-opened=\"\" data-image-meta=\"{&quot;aperture&quot;:&quot;0&quot;,&quot;credit&quot;:&quot;IHA&quot;,&quot;camera&quot;:&quot;&quot;,&quot;caption&quot;:&quot;BALIKES\\u0130R KARES\\u0130 ATLI OK\\u00c7ULUK VE ATLI SAVA\\u015e SANATLARI KUL\\u00dcB\\u00dc KURUCUSU ERTAN ERKEKO\\u011eLU, AT, OK\\u00c7ULUK VE SANAT SAVA\\u015eLARI E\\u011e\\u0130T\\u0130M\\u0130 VERMEK \\u00dcZERE G\\u0130TT\\u0130\\u011e\\u0130 ENDONEZYA\\u2019DA \\u0130LG\\u0130 ODA\\u011eI OLDU. (HASAN OTA\\u011e FIRINCIO\\u011eULLARI\\\/BALIKES\\u0130R-\\u0130HA)&quot;,&quot;created_timestamp&quot;:&quot;0&quot;,&quot;copyright&quot;:&quot;\\u0130HLAS HABER AJANSI, www.iha.com.tr&quot;,&quot;focal_length&quot;:&quot;0&quot;,&quot;iso&quot;:&quot;0&quot;,&quot;shutter_speed&quot;:&quot;0&quot;,&quot;title&quot;:&quot;(\\u00d6ZEL) B\\u0130R T\\u00dcRK ENDONEZYA\\u2019DA SAVA\\u015eMAYI \\u00d6\\u011eRET\\u0130YOR ENDONEZYALILARA T\\u00dcRK OK\\u00c7ULU\\u011eUNU \\u00d6\\u011eRET\\u0130YOR&quot;,&quot;orientation&quot;:&quot;0&quot;}\" data-image-title=\"(\u00d6ZEL) Bir T\u00fcrk Endonezya\u2019da sava\u015fmay\u0131 \u00f6\u011fretiyor\" data-image-description=\"&lt;p&gt;(\u00d6ZEL) Bir T\u00fcrk Endonezya\u2019da sava\u015fmay\u0131 \u00f6\u011fretiyor&lt;\/p&gt; \" data-medium-file=\"https:\/\/i0.wp.com\/www.tvturk.com\/wp-content\/uploads\/2019\/02\/ozel-bir-turk-endonezyada-savasmayi-ogretiyor_e78f80b.jpg?fit=300%2C153\" data-large-file=\"https:\/\/i0.wp.com\/www.tvturk.com\/wp-content\/uploads\/2019\/02\/ozel-bir-turk-endonezyada-savasmayi-ogretiyor_e78f80b.jpg?fit=1000%2C509\" src=\"https:\/\/i0.wp.com\/www.tvturk.com\/wp-content\/uploads\/2019\/02\/ozel-bir-turk-endonezyada-savasmayi-ogretiyor_e78f80b.jpg?w=296&#038;h=151\" srcset=\"https:\/\/i0.wp.com\/www.tvturk.com\/wp-content\/uploads\/2019\/02\/ozel-bir-turk-endonezyada-savasmayi-ogretiyor_e78f80b.jpg?w=1000 1000w, https:\/\/i0.wp.com\/www.tvturk.com\/wp-content\/uploads\/2019\/02\/ozel-bir-turk-endonezyada-savasmayi-ogretiyor_e78f80b.jpg?resize=150%2C76 150w, https:\/\/i0.wp.com\/www.tvturk.com\/wp-content\/uploads\/2019\/02\/ozel-bir-turk-endonezyada-savasmayi-ogretiyor_e78f80b.jpg?resize=300%2C153 300w, https:\/\/i0.wp.com\/www.tvturk.com\/wp-content\/uploads\/2019\/02\/ozel-bir-turk-endonezyada-savasmayi-ogretiyor_e78f80b.jpg?resize=768%2C391 768w, https:\/\/i0.wp.com\/www.tvturk.com\/wp-content\/uploads\/2019\/02\/ozel-bir-turk-endonezyada-savasmayi-ogretiyor_e78f80b.jpg?resize=780%2C400 780w\" width=\"296\" height=\"151\" loading=\"lazy\" data-original-width=\"296\" data-original-height=\"151\" itemprop=\"http:\/\/schema.org\/image\" title=\"(\u00d6ZEL) Bir T\u00fcrk Endonezya\u2019da sava\u015fmay\u0131 \u00f6\u011fretiyor\" alt=\"(\u00d6ZEL) Bir T\u00fcrk Endonezya\u2019da sava\u015fmay\u0131 \u00f6\u011fretiyor\" style=\"width: 296px; height: 151px;\" \/> <\/a> <\/div> <\/div> <!-- close group --> <\/div> <!-- close row --> <div class=\"gallery-row\" style=\"width: 500px; height: 245px;\" data-original-width=\"500\" data-original-height=\"245\" > <div class=\"gallery-group images-1\" style=\"width: 500px; height: 245px;\" data-original-width=\"500\" data-original-height=\"245\" > <div class=\"tiled-gallery-item tiled-gallery-item-large\" itemprop=\"associatedMedia\" itemscope itemtype=\"http:\/\/schema.org\/ImageObject\"> <a href=\"http:\/\/www.tvturk.com\/index.php\/ozel-bir-turk-endonezyada-savasmayi-ogretiyor\/ozel-bir-turk-endonezyada-savasmayi-ogretiyor-11\/\" border=\"0\" itemprop=\"url\"> <meta itemprop=\"width\" content=\"496\"> <meta itemprop=\"height\" content=\"241\"> <img decoding=\"async\" class=\"\" data-attachment-id=\"20134\" data-orig-file=\"http:\/\/www.tvturk.com\/wp-content\/uploads\/2019\/02\/ozel-bir-turk-endonezyada-savasmayi-ogretiyor_21db4f6.jpg\" data-orig-size=\"1000,486\" data-comments-opened=\"\" data-image-meta=\"{&quot;aperture&quot;:&quot;0&quot;,&quot;credit&quot;:&quot;IHA&quot;,&quot;camera&quot;:&quot;&quot;,&quot;caption&quot;:&quot;BALIKES\\u0130R KARES\\u0130 ATLI OK\\u00c7ULUK VE ATLI SAVA\\u015e SANATLARI KUL\\u00dcB\\u00dc KURUCUSU ERTAN ERKEKO\\u011eLU, AT, OK\\u00c7ULUK VE SANAT SAVA\\u015eLARI E\\u011e\\u0130T\\u0130M\\u0130 VERMEK \\u00dcZERE G\\u0130TT\\u0130\\u011e\\u0130 ENDONEZYA\\u2019DA \\u0130LG\\u0130 ODA\\u011eI OLDU. (HASAN OTA\\u011e FIRINCIO\\u011eULLARI\\\/BALIKES\\u0130R-\\u0130HA)&quot;,&quot;created_timestamp&quot;:&quot;0&quot;,&quot;copyright&quot;:&quot;\\u0130HLAS HABER AJANSI, www.iha.com.tr&quot;,&quot;focal_length&quot;:&quot;0&quot;,&quot;iso&quot;:&quot;0&quot;,&quot;shutter_speed&quot;:&quot;0&quot;,&quot;title&quot;:&quot;(\\u00d6ZEL) B\\u0130R T\\u00dcRK ENDONEZYA\\u2019DA SAVA\\u015eMAYI \\u00d6\\u011eRET\\u0130YOR ENDONEZYALILARA T\\u00dcRK OK\\u00c7ULU\\u011eUNU \\u00d6\\u011eRET\\u0130YOR&quot;,&quot;orientation&quot;:&quot;0&quot;}\" data-image-title=\"(\u00d6ZEL) Bir T\u00fcrk Endonezya\u2019da sava\u015fmay\u0131 \u00f6\u011fretiyor\" data-image-description=\"&lt;p&gt;(\u00d6ZEL) Bir T\u00fcrk Endonezya\u2019da sava\u015fmay\u0131 \u00f6\u011fretiyor&lt;\/p&gt; \" data-medium-file=\"https:\/\/i0.wp.com\/www.tvturk.com\/wp-content\/uploads\/2019\/02\/ozel-bir-turk-endonezyada-savasmayi-ogretiyor_21db4f6.jpg?fit=300%2C146\" data-large-file=\"https:\/\/i0.wp.com\/www.tvturk.com\/wp-content\/uploads\/2019\/02\/ozel-bir-turk-endonezyada-savasmayi-ogretiyor_21db4f6.jpg?fit=1000%2C486\" src=\"https:\/\/i0.wp.com\/www.tvturk.com\/wp-content\/uploads\/2019\/02\/ozel-bir-turk-endonezyada-savasmayi-ogretiyor_21db4f6.jpg?w=496&#038;h=241\" srcset=\"https:\/\/i0.wp.com\/www.tvturk.com\/wp-content\/uploads\/2019\/02\/ozel-bir-turk-endonezyada-savasmayi-ogretiyor_21db4f6.jpg?w=1000 1000w, https:\/\/i0.wp.com\/www.tvturk.com\/wp-content\/uploads\/2019\/02\/ozel-bir-turk-endonezyada-savasmayi-ogretiyor_21db4f6.jpg?resize=150%2C73 150w, https:\/\/i0.wp.com\/www.tvturk.com\/wp-content\/uploads\/2019\/02\/ozel-bir-turk-endonezyada-savasmayi-ogretiyor_21db4f6.jpg?resize=300%2C146 300w, https:\/\/i0.wp.com\/www.tvturk.com\/wp-content\/uploads\/2019\/02\/ozel-bir-turk-endonezyada-savasmayi-ogretiyor_21db4f6.jpg?resize=768%2C373 768w\" width=\"496\" height=\"241\" loading=\"lazy\" data-original-width=\"496\" data-original-height=\"241\" itemprop=\"http:\/\/schema.org\/image\" title=\"(\u00d6ZEL) Bir T\u00fcrk Endonezya\u2019da sava\u015fmay\u0131 \u00f6\u011fretiyor\" alt=\"(\u00d6ZEL) Bir T\u00fcrk Endonezya\u2019da sava\u015fmay\u0131 \u00f6\u011fretiyor\" style=\"width: 496px; height: 241px;\" \/> <\/a> <\/div> <\/div> <!-- close group --> <\/div> <!-- close row --> <div class=\"gallery-row\" style=\"width: 500px; height: 243px;\" data-original-width=\"500\" data-original-height=\"243\" > <div class=\"gallery-group images-1\" style=\"width: 500px; height: 243px;\" data-original-width=\"500\" data-original-height=\"243\" > <div class=\"tiled-gallery-item tiled-gallery-item-large\" itemprop=\"associatedMedia\" itemscope itemtype=\"http:\/\/schema.org\/ImageObject\"> <a href=\"http:\/\/www.tvturk.com\/index.php\/ozel-bir-turk-endonezyada-savasmayi-ogretiyor\/ozel-bir-turk-endonezyada-savasmayi-ogretiyor-12\/\" border=\"0\" itemprop=\"url\"> <meta itemprop=\"width\" content=\"496\"> <meta itemprop=\"height\" content=\"239\"> <img decoding=\"async\" class=\"\" data-attachment-id=\"20135\" data-orig-file=\"http:\/\/www.tvturk.com\/wp-content\/uploads\/2019\/02\/ozel-bir-turk-endonezyada-savasmayi-ogretiyor_a1e7ce5.jpg\" data-orig-size=\"1000,481\" data-comments-opened=\"\" data-image-meta=\"{&quot;aperture&quot;:&quot;0&quot;,&quot;credit&quot;:&quot;IHA&quot;,&quot;camera&quot;:&quot;&quot;,&quot;caption&quot;:&quot;BALIKES\\u0130R KARES\\u0130 ATLI OK\\u00c7ULUK VE ATLI SAVA\\u015e SANATLARI KUL\\u00dcB\\u00dc KURUCUSU ERTAN ERKEKO\\u011eLU, AT, OK\\u00c7ULUK VE SANAT SAVA\\u015eLARI E\\u011e\\u0130T\\u0130M\\u0130 VERMEK \\u00dcZERE G\\u0130TT\\u0130\\u011e\\u0130 ENDONEZYA\\u2019DA \\u0130LG\\u0130 ODA\\u011eI OLDU. (HASAN OTA\\u011e FIRINCIO\\u011eULLARI\\\/BALIKES\\u0130R-\\u0130HA)&quot;,&quot;created_timestamp&quot;:&quot;0&quot;,&quot;copyright&quot;:&quot;\\u0130HLAS HABER AJANSI, www.iha.com.tr&quot;,&quot;focal_length&quot;:&quot;0&quot;,&quot;iso&quot;:&quot;0&quot;,&quot;shutter_speed&quot;:&quot;0&quot;,&quot;title&quot;:&quot;(\\u00d6ZEL) B\\u0130R T\\u00dcRK ENDONEZYA\\u2019DA SAVA\\u015eMAYI \\u00d6\\u011eRET\\u0130YOR ENDONEZYALILARA T\\u00dcRK OK\\u00c7ULU\\u011eUNU \\u00d6\\u011eRET\\u0130YOR&quot;,&quot;orientation&quot;:&quot;0&quot;}\" data-image-title=\"(\u00d6ZEL) Bir T\u00fcrk Endonezya\u2019da sava\u015fmay\u0131 \u00f6\u011fretiyor\" data-image-description=\"&lt;p&gt;(\u00d6ZEL) Bir T\u00fcrk Endonezya\u2019da sava\u015fmay\u0131 \u00f6\u011fretiyor&lt;\/p&gt; \" data-medium-file=\"https:\/\/i0.wp.com\/www.tvturk.com\/wp-content\/uploads\/2019\/02\/ozel-bir-turk-endonezyada-savasmayi-ogretiyor_a1e7ce5.jpg?fit=300%2C144\" data-large-file=\"https:\/\/i0.wp.com\/www.tvturk.com\/wp-content\/uploads\/2019\/02\/ozel-bir-turk-endonezyada-savasmayi-ogretiyor_a1e7ce5.jpg?fit=1000%2C481\" src=\"https:\/\/i0.wp.com\/www.tvturk.com\/wp-content\/uploads\/2019\/02\/ozel-bir-turk-endonezyada-savasmayi-ogretiyor_a1e7ce5.jpg?w=496&#038;h=239\" srcset=\"https:\/\/i0.wp.com\/www.tvturk.com\/wp-content\/uploads\/2019\/02\/ozel-bir-turk-endonezyada-savasmayi-ogretiyor_a1e7ce5.jpg?w=1000 1000w, https:\/\/i0.wp.com\/www.tvturk.com\/wp-content\/uploads\/2019\/02\/ozel-bir-turk-endonezyada-savasmayi-ogretiyor_a1e7ce5.jpg?resize=150%2C72 150w, https:\/\/i0.wp.com\/www.tvturk.com\/wp-content\/uploads\/2019\/02\/ozel-bir-turk-endonezyada-savasmayi-ogretiyor_a1e7ce5.jpg?resize=300%2C144 300w, https:\/\/i0.wp.com\/www.tvturk.com\/wp-content\/uploads\/2019\/02\/ozel-bir-turk-endonezyada-savasmayi-ogretiyor_a1e7ce5.jpg?resize=768%2C369 768w\" width=\"496\" height=\"239\" loading=\"lazy\" data-original-width=\"496\" data-original-height=\"239\" itemprop=\"http:\/\/schema.org\/image\" title=\"(\u00d6ZEL) Bir T\u00fcrk Endonezya\u2019da sava\u015fmay\u0131 \u00f6\u011fretiyor\" alt=\"(\u00d6ZEL) Bir T\u00fcrk Endonezya\u2019da sava\u015fmay\u0131 \u00f6\u011fretiyor\" style=\"width: 496px; height: 239px;\" \/> <\/a> <\/div> <\/div> <!-- close group --> <\/div> <!-- close row --> <div class=\"gallery-row\" style=\"width: 500px; height: 239px;\" data-original-width=\"500\" data-original-height=\"239\" > <div class=\"gallery-group images-1\" style=\"width: 500px; height: 239px;\" data-original-width=\"500\" data-original-height=\"239\" > <div class=\"tiled-gallery-item tiled-gallery-item-large\" itemprop=\"associatedMedia\" itemscope itemtype=\"http:\/\/schema.org\/ImageObject\"> <a href=\"http:\/\/www.tvturk.com\/index.php\/ozel-bir-turk-endonezyada-savasmayi-ogretiyor\/ozel-bir-turk-endonezyada-savasmayi-ogretiyor-13\/\" border=\"0\" itemprop=\"url\"> <meta itemprop=\"width\" content=\"496\"> <meta itemprop=\"height\" content=\"235\"> <img decoding=\"async\" class=\"\" data-attachment-id=\"20136\" data-orig-file=\"http:\/\/www.tvturk.com\/wp-content\/uploads\/2019\/02\/ozel-bir-turk-endonezyada-savasmayi-ogretiyor_8cce2e2.jpg\" data-orig-size=\"1000,474\" data-comments-opened=\"\" data-image-meta=\"{&quot;aperture&quot;:&quot;0&quot;,&quot;credit&quot;:&quot;IHA&quot;,&quot;camera&quot;:&quot;&quot;,&quot;caption&quot;:&quot;BALIKES\\u0130R KARES\\u0130 ATLI OK\\u00c7ULUK VE ATLI SAVA\\u015e SANATLARI KUL\\u00dcB\\u00dc KURUCUSU ERTAN ERKEKO\\u011eLU, AT, OK\\u00c7ULUK VE SANAT SAVA\\u015eLARI E\\u011e\\u0130T\\u0130M\\u0130 VERMEK \\u00dcZERE G\\u0130TT\\u0130\\u011e\\u0130 ENDONEZYA\\u2019DA \\u0130LG\\u0130 ODA\\u011eI OLDU. (HASAN OTA\\u011e FIRINCIO\\u011eULLARI\\\/BALIKES\\u0130R-\\u0130HA)&quot;,&quot;created_timestamp&quot;:&quot;0&quot;,&quot;copyright&quot;:&quot;\\u0130HLAS HABER AJANSI, www.iha.com.tr&quot;,&quot;focal_length&quot;:&quot;0&quot;,&quot;iso&quot;:&quot;0&quot;,&quot;shutter_speed&quot;:&quot;0&quot;,&quot;title&quot;:&quot;(\\u00d6ZEL) B\\u0130R T\\u00dcRK ENDONEZYA\\u2019DA SAVA\\u015eMAYI \\u00d6\\u011eRET\\u0130YOR ENDONEZYALILARA T\\u00dcRK OK\\u00c7ULU\\u011eUNU \\u00d6\\u011eRET\\u0130YOR&quot;,&quot;orientation&quot;:&quot;0&quot;}\" data-image-title=\"(\u00d6ZEL) Bir T\u00fcrk Endonezya\u2019da sava\u015fmay\u0131 \u00f6\u011fretiyor\" data-image-description=\"&lt;p&gt;(\u00d6ZEL) Bir T\u00fcrk Endonezya\u2019da sava\u015fmay\u0131 \u00f6\u011fretiyor&lt;\/p&gt; \" data-medium-file=\"https:\/\/i0.wp.com\/www.tvturk.com\/wp-content\/uploads\/2019\/02\/ozel-bir-turk-endonezyada-savasmayi-ogretiyor_8cce2e2.jpg?fit=300%2C142\" data-large-file=\"https:\/\/i0.wp.com\/www.tvturk.com\/wp-content\/uploads\/2019\/02\/ozel-bir-turk-endonezyada-savasmayi-ogretiyor_8cce2e2.jpg?fit=1000%2C474\" src=\"https:\/\/i0.wp.com\/www.tvturk.com\/wp-content\/uploads\/2019\/02\/ozel-bir-turk-endonezyada-savasmayi-ogretiyor_8cce2e2.jpg?w=496&#038;h=235\" srcset=\"https:\/\/i0.wp.com\/www.tvturk.com\/wp-content\/uploads\/2019\/02\/ozel-bir-turk-endonezyada-savasmayi-ogretiyor_8cce2e2.jpg?w=1000 1000w, https:\/\/i0.wp.com\/www.tvturk.com\/wp-content\/uploads\/2019\/02\/ozel-bir-turk-endonezyada-savasmayi-ogretiyor_8cce2e2.jpg?resize=150%2C71 150w, https:\/\/i0.wp.com\/www.tvturk.com\/wp-content\/uploads\/2019\/02\/ozel-bir-turk-endonezyada-savasmayi-ogretiyor_8cce2e2.jpg?resize=300%2C142 300w, https:\/\/i0.wp.com\/www.tvturk.com\/wp-content\/uploads\/2019\/02\/ozel-bir-turk-endonezyada-savasmayi-ogretiyor_8cce2e2.jpg?resize=768%2C364 768w, https:\/\/i0.wp.com\/www.tvturk.com\/wp-content\/uploads\/2019\/02\/ozel-bir-turk-endonezyada-savasmayi-ogretiyor_8cce2e2.jpg?resize=305%2C145 305w\" width=\"496\" height=\"235\" loading=\"lazy\" data-original-width=\"496\" data-original-height=\"235\" itemprop=\"http:\/\/schema.org\/image\" title=\"(\u00d6ZEL) Bir T\u00fcrk Endonezya\u2019da sava\u015fmay\u0131 \u00f6\u011fretiyor\" alt=\"(\u00d6ZEL) Bir T\u00fcrk Endonezya\u2019da sava\u015fmay\u0131 \u00f6\u011fretiyor\" style=\"width: 496px; height: 235px;\" \/> <\/a> <\/div> <\/div> <!-- close group --> <\/div> <!-- close row --> <div class=\"gallery-row\" style=\"width: 500px; height: 235px;\" data-original-width=\"500\" data-original-height=\"235\" > <div class=\"gallery-group images-1\" style=\"width: 500px; height: 235px;\" data-original-width=\"500\" data-original-height=\"235\" > <div class=\"tiled-gallery-item tiled-gallery-item-large\" itemprop=\"associatedMedia\" itemscope itemtype=\"http:\/\/schema.org\/ImageObject\"> <a href=\"http:\/\/www.tvturk.com\/index.php\/ozel-bir-turk-endonezyada-savasmayi-ogretiyor\/ozel-bir-turk-endonezyada-savasmayi-ogretiyor-14\/\" border=\"0\" itemprop=\"url\"> <meta itemprop=\"width\" content=\"496\"> <meta itemprop=\"height\" content=\"231\"> <img decoding=\"async\" class=\"\" data-attachment-id=\"20137\" data-orig-file=\"http:\/\/www.tvturk.com\/wp-content\/uploads\/2019\/02\/ozel-bir-turk-endonezyada-savasmayi-ogretiyor_bfa379f.jpg\" data-orig-size=\"1000,465\" data-comments-opened=\"\" data-image-meta=\"{&quot;aperture&quot;:&quot;0&quot;,&quot;credit&quot;:&quot;IHA&quot;,&quot;camera&quot;:&quot;&quot;,&quot;caption&quot;:&quot;BALIKES\\u0130R KARES\\u0130 ATLI OK\\u00c7ULUK VE ATLI SAVA\\u015e SANATLARI KUL\\u00dcB\\u00dc KURUCUSU ERTAN ERKEKO\\u011eLU, AT, OK\\u00c7ULUK VE SANAT SAVA\\u015eLARI E\\u011e\\u0130T\\u0130M\\u0130 VERMEK \\u00dcZERE G\\u0130TT\\u0130\\u011e\\u0130 ENDONEZYA\\u2019DA \\u0130LG\\u0130 ODA\\u011eI OLDU. (HASAN OTA\\u011e FIRINCIO\\u011eULLARI\\\/BALIKES\\u0130R-\\u0130HA)&quot;,&quot;created_timestamp&quot;:&quot;0&quot;,&quot;copyright&quot;:&quot;\\u0130HLAS HABER AJANSI, www.iha.com.tr&quot;,&quot;focal_length&quot;:&quot;0&quot;,&quot;iso&quot;:&quot;0&quot;,&quot;shutter_speed&quot;:&quot;0&quot;,&quot;title&quot;:&quot;(\\u00d6ZEL) B\\u0130R T\\u00dcRK ENDONEZYA\\u2019DA SAVA\\u015eMAYI \\u00d6\\u011eRET\\u0130YOR ENDONEZYALILARA T\\u00dcRK OK\\u00c7ULU\\u011eUNU \\u00d6\\u011eRET\\u0130YOR&quot;,&quot;orientation&quot;:&quot;0&quot;}\" data-image-title=\"(\u00d6ZEL) Bir T\u00fcrk Endonezya\u2019da sava\u015fmay\u0131 \u00f6\u011fretiyor\" data-image-description=\"&lt;p&gt;(\u00d6ZEL) Bir T\u00fcrk Endonezya\u2019da sava\u015fmay\u0131 \u00f6\u011fretiyor&lt;\/p&gt; \" data-medium-file=\"https:\/\/i0.wp.com\/www.tvturk.com\/wp-content\/uploads\/2019\/02\/ozel-bir-turk-endonezyada-savasmayi-ogretiyor_bfa379f.jpg?fit=300%2C140\" data-large-file=\"https:\/\/i0.wp.com\/www.tvturk.com\/wp-content\/uploads\/2019\/02\/ozel-bir-turk-endonezyada-savasmayi-ogretiyor_bfa379f.jpg?fit=1000%2C465\" src=\"https:\/\/i0.wp.com\/www.tvturk.com\/wp-content\/uploads\/2019\/02\/ozel-bir-turk-endonezyada-savasmayi-ogretiyor_bfa379f.jpg?w=496&#038;h=231\" srcset=\"https:\/\/i0.wp.com\/www.tvturk.com\/wp-content\/uploads\/2019\/02\/ozel-bir-turk-endonezyada-savasmayi-ogretiyor_bfa379f.jpg?w=1000 1000w, https:\/\/i0.wp.com\/www.tvturk.com\/wp-content\/uploads\/2019\/02\/ozel-bir-turk-endonezyada-savasmayi-ogretiyor_bfa379f.jpg?resize=150%2C70 150w, https:\/\/i0.wp.com\/www.tvturk.com\/wp-content\/uploads\/2019\/02\/ozel-bir-turk-endonezyada-savasmayi-ogretiyor_bfa379f.jpg?resize=300%2C140 300w, https:\/\/i0.wp.com\/www.tvturk.com\/wp-content\/uploads\/2019\/02\/ozel-bir-turk-endonezyada-savasmayi-ogretiyor_bfa379f.jpg?resize=768%2C357 768w\" width=\"496\" height=\"231\" loading=\"lazy\" data-original-width=\"496\" data-original-height=\"231\" itemprop=\"http:\/\/schema.org\/image\" title=\"(\u00d6ZEL) Bir T\u00fcrk Endonezya\u2019da sava\u015fmay\u0131 \u00f6\u011fretiyor\" alt=\"(\u00d6ZEL) Bir T\u00fcrk Endonezya\u2019da sava\u015fmay\u0131 \u00f6\u011fretiyor\" style=\"width: 496px; height: 231px;\" \/> <\/a> <\/div> <\/div> <!-- close group --> <\/div> <!-- close row --> <div class=\"gallery-row\" style=\"width: 500px; height: 168px;\" data-original-width=\"500\" data-original-height=\"168\" > <div class=\"gallery-group images-1\" style=\"width: 250px; height: 168px;\" data-original-width=\"250\" data-original-height=\"168\" > <div class=\"tiled-gallery-item tiled-gallery-item-small\" itemprop=\"associatedMedia\" itemscope itemtype=\"http:\/\/schema.org\/ImageObject\"> <a href=\"http:\/\/www.tvturk.com\/index.php\/ozel-bir-turk-endonezyada-savasmayi-ogretiyor\/ozel-bir-turk-endonezyada-savasmayi-ogretiyor-15\/\" border=\"0\" itemprop=\"url\"> <meta itemprop=\"width\" content=\"246\"> <meta itemprop=\"height\" content=\"164\"> <img decoding=\"async\" class=\"\" data-attachment-id=\"20138\" data-orig-file=\"http:\/\/www.tvturk.com\/wp-content\/uploads\/2019\/02\/ozel-bir-turk-endonezyada-savasmayi-ogretiyor_8fe6ef3.jpg\" data-orig-size=\"960,640\" data-comments-opened=\"\" data-image-meta=\"{&quot;aperture&quot;:&quot;0&quot;,&quot;credit&quot;:&quot;IHA&quot;,&quot;camera&quot;:&quot;&quot;,&quot;caption&quot;:&quot;BALIKES\\u0130R KARES\\u0130 ATLI OK\\u00c7ULUK VE ATLI SAVA\\u015e SANATLARI KUL\\u00dcB\\u00dc KURUCUSU ERTAN ERKEKO\\u011eLU, AT, OK\\u00c7ULUK VE SANAT SAVA\\u015eLARI E\\u011e\\u0130T\\u0130M\\u0130 VERMEK \\u00dcZERE G\\u0130TT\\u0130\\u011e\\u0130 ENDONEZYA\\u2019DA \\u0130LG\\u0130 ODA\\u011eI OLDU. (HASAN OTA\\u011e FIRINCIO\\u011eULLARI\\\/BALIKES\\u0130R-\\u0130HA)&quot;,&quot;created_timestamp&quot;:&quot;0&quot;,&quot;copyright&quot;:&quot;\\u0130HLAS HABER AJANSI, www.iha.com.tr&quot;,&quot;focal_length&quot;:&quot;0&quot;,&quot;iso&quot;:&quot;0&quot;,&quot;shutter_speed&quot;:&quot;0&quot;,&quot;title&quot;:&quot;(\\u00d6ZEL) B\\u0130R T\\u00dcRK ENDONEZYA\\u2019DA SAVA\\u015eMAYI \\u00d6\\u011eRET\\u0130YOR ENDONEZYALILARA T\\u00dcRK OK\\u00c7ULU\\u011eUNU \\u00d6\\u011eRET\\u0130YOR&quot;,&quot;orientation&quot;:&quot;0&quot;}\" data-image-title=\"(\u00d6ZEL) Bir T\u00fcrk Endonezya\u2019da sava\u015fmay\u0131 \u00f6\u011fretiyor\" data-image-description=\"&lt;p&gt;(\u00d6ZEL) Bir T\u00fcrk Endonezya\u2019da sava\u015fmay\u0131 \u00f6\u011fretiyor&lt;\/p&gt; \" data-medium-file=\"https:\/\/i0.wp.com\/www.tvturk.com\/wp-content\/uploads\/2019\/02\/ozel-bir-turk-endonezyada-savasmayi-ogretiyor_8fe6ef3.jpg?fit=300%2C200\" data-large-file=\"https:\/\/i0.wp.com\/www.tvturk.com\/wp-content\/uploads\/2019\/02\/ozel-bir-turk-endonezyada-savasmayi-ogretiyor_8fe6ef3.jpg?fit=960%2C640\" src=\"https:\/\/i0.wp.com\/www.tvturk.com\/wp-content\/uploads\/2019\/02\/ozel-bir-turk-endonezyada-savasmayi-ogretiyor_8fe6ef3.jpg?w=246&#038;h=164\" srcset=\"https:\/\/i0.wp.com\/www.tvturk.com\/wp-content\/uploads\/2019\/02\/ozel-bir-turk-endonezyada-savasmayi-ogretiyor_8fe6ef3.jpg?w=960 960w, https:\/\/i0.wp.com\/www.tvturk.com\/wp-content\/uploads\/2019\/02\/ozel-bir-turk-endonezyada-savasmayi-ogretiyor_8fe6ef3.jpg?resize=150%2C100 150w, https:\/\/i0.wp.com\/www.tvturk.com\/wp-content\/uploads\/2019\/02\/ozel-bir-turk-endonezyada-savasmayi-ogretiyor_8fe6ef3.jpg?resize=300%2C200 300w, https:\/\/i0.wp.com\/www.tvturk.com\/wp-content\/uploads\/2019\/02\/ozel-bir-turk-endonezyada-savasmayi-ogretiyor_8fe6ef3.jpg?resize=768%2C512 768w, https:\/\/i0.wp.com\/www.tvturk.com\/wp-content\/uploads\/2019\/02\/ozel-bir-turk-endonezyada-savasmayi-ogretiyor_8fe6ef3.jpg?resize=170%2C113 170w, https:\/\/i0.wp.com\/www.tvturk.com\/wp-content\/uploads\/2019\/02\/ozel-bir-turk-endonezyada-savasmayi-ogretiyor_8fe6ef3.jpg?resize=120%2C80 120w\" width=\"246\" height=\"164\" loading=\"lazy\" data-original-width=\"246\" data-original-height=\"164\" itemprop=\"http:\/\/schema.org\/image\" title=\"(\u00d6ZEL) Bir T\u00fcrk Endonezya\u2019da sava\u015fmay\u0131 \u00f6\u011fretiyor\" alt=\"(\u00d6ZEL) Bir T\u00fcrk Endonezya\u2019da sava\u015fmay\u0131 \u00f6\u011fretiyor\" style=\"width: 246px; height: 164px;\" \/> <\/a> <\/div> <\/div> <!-- close group --> <div class=\"gallery-group images-1\" style=\"width: 250px; height: 168px;\" data-original-width=\"250\" data-original-height=\"168\" > <div class=\"tiled-gallery-item tiled-gallery-item-small\" itemprop=\"associatedMedia\" itemscope itemtype=\"http:\/\/schema.org\/ImageObject\"> <a href=\"http:\/\/www.tvturk.com\/index.php\/ozel-bir-turk-endonezyada-savasmayi-ogretiyor\/ozel-bir-turk-endonezyada-savasmayi-ogretiyor-16\/\" border=\"0\" itemprop=\"url\"> <meta itemprop=\"width\" content=\"246\"> <meta itemprop=\"height\" content=\"164\"> <img decoding=\"async\" class=\"\" data-attachment-id=\"20139\" data-orig-file=\"http:\/\/www.tvturk.com\/wp-content\/uploads\/2019\/02\/ozel-bir-turk-endonezyada-savasmayi-ogretiyor_340d84f.jpg\" data-orig-size=\"960,640\" data-comments-opened=\"\" data-image-meta=\"{&quot;aperture&quot;:&quot;0&quot;,&quot;credit&quot;:&quot;IHA&quot;,&quot;camera&quot;:&quot;&quot;,&quot;caption&quot;:&quot;BALIKES\\u0130R KARES\\u0130 ATLI OK\\u00c7ULUK VE ATLI SAVA\\u015e SANATLARI KUL\\u00dcB\\u00dc KURUCUSU ERTAN ERKEKO\\u011eLU, AT, OK\\u00c7ULUK VE SANAT SAVA\\u015eLARI E\\u011e\\u0130T\\u0130M\\u0130 VERMEK \\u00dcZERE G\\u0130TT\\u0130\\u011e\\u0130 ENDONEZYA\\u2019DA \\u0130LG\\u0130 ODA\\u011eI OLDU. (HASAN OTA\\u011e FIRINCIO\\u011eULLARI\\\/BALIKES\\u0130R-\\u0130HA)&quot;,&quot;created_timestamp&quot;:&quot;0&quot;,&quot;copyright&quot;:&quot;\\u0130HLAS HABER AJANSI, www.iha.com.tr&quot;,&quot;focal_length&quot;:&quot;0&quot;,&quot;iso&quot;:&quot;0&quot;,&quot;shutter_speed&quot;:&quot;0&quot;,&quot;title&quot;:&quot;(\\u00d6ZEL) B\\u0130R T\\u00dcRK ENDONEZYA\\u2019DA SAVA\\u015eMAYI \\u00d6\\u011eRET\\u0130YOR ENDONEZYALILARA T\\u00dcRK OK\\u00c7ULU\\u011eUNU \\u00d6\\u011eRET\\u0130YOR&quot;,&quot;orientation&quot;:&quot;0&quot;}\" data-image-title=\"(\u00d6ZEL) Bir T\u00fcrk Endonezya\u2019da sava\u015fmay\u0131 \u00f6\u011fretiyor\" data-image-description=\"&lt;p&gt;(\u00d6ZEL) Bir T\u00fcrk Endonezya\u2019da sava\u015fmay\u0131 \u00f6\u011fretiyor&lt;\/p&gt; \" data-medium-file=\"https:\/\/i0.wp.com\/www.tvturk.com\/wp-content\/uploads\/2019\/02\/ozel-bir-turk-endonezyada-savasmayi-ogretiyor_340d84f.jpg?fit=300%2C200\" data-large-file=\"https:\/\/i0.wp.com\/www.tvturk.com\/wp-content\/uploads\/2019\/02\/ozel-bir-turk-endonezyada-savasmayi-ogretiyor_340d84f.jpg?fit=960%2C640\" src=\"https:\/\/i0.wp.com\/www.tvturk.com\/wp-content\/uploads\/2019\/02\/ozel-bir-turk-endonezyada-savasmayi-ogretiyor_340d84f.jpg?w=246&#038;h=164\" srcset=\"https:\/\/i0.wp.com\/www.tvturk.com\/wp-content\/uploads\/2019\/02\/ozel-bir-turk-endonezyada-savasmayi-ogretiyor_340d84f.jpg?w=960 960w, https:\/\/i0.wp.com\/www.tvturk.com\/wp-content\/uploads\/2019\/02\/ozel-bir-turk-endonezyada-savasmayi-ogretiyor_340d84f.jpg?resize=150%2C100 150w, https:\/\/i0.wp.com\/www.tvturk.com\/wp-content\/uploads\/2019\/02\/ozel-bir-turk-endonezyada-savasmayi-ogretiyor_340d84f.jpg?resize=300%2C200 300w, https:\/\/i0.wp.com\/www.tvturk.com\/wp-content\/uploads\/2019\/02\/ozel-bir-turk-endonezyada-savasmayi-ogretiyor_340d84f.jpg?resize=768%2C512 768w, https:\/\/i0.wp.com\/www.tvturk.com\/wp-content\/uploads\/2019\/02\/ozel-bir-turk-endonezyada-savasmayi-ogretiyor_340d84f.jpg?resize=170%2C113 170w, https:\/\/i0.wp.com\/www.tvturk.com\/wp-content\/uploads\/2019\/02\/ozel-bir-turk-endonezyada-savasmayi-ogretiyor_340d84f.jpg?resize=120%2C80 120w\" width=\"246\" height=\"164\" loading=\"lazy\" data-original-width=\"246\" data-original-height=\"164\" itemprop=\"http:\/\/schema.org\/image\" title=\"(\u00d6ZEL) Bir T\u00fcrk Endonezya\u2019da sava\u015fmay\u0131 \u00f6\u011fretiyor\" alt=\"(\u00d6ZEL) Bir T\u00fcrk Endonezya\u2019da sava\u015fmay\u0131 \u00f6\u011fretiyor\" style=\"width: 246px; height: 164px;\" \/> <\/a> <\/div> <\/div> <!-- close group --> <\/div> <!-- close row --> <\/div><\/p>\n","protected":false},"excerpt":{"rendered":"<p>BALIKES\u0130R KARES\u0130 ATLI OK\u00c7ULUK VE ATLI  SAVA\u015e SANATLARI KUL\u00dcB\u00dc KURUCUSU ERTAN ERKEKO\u011eLU, AT, OK\u00c7ULUK VE SANAT SAVA\u015eLARI E\u011e\u0130T\u0130M\u0130 VERMEK \u00dcZERE G\u0130TT\u0130\u011e\u0130 ENDONEZYA\u2019DA \u0130LG\u0130 ODA\u011eI OLDU.<\/p>\n","protected":false},"author":1,"featured_media":20125,"comment_status":"closed","ping_status":"open","sticky":false,"template":"","format":"standard","meta":{"jetpack_post_was_ever_published":false,"_jetpack_newsletter_access":"","_jetpack_dont_email_post_to_subs":false,"_jetpack_newsletter_tier_id":0,"_jetpack_memberships_contains_paywalled_content":false,"_jetpack_memberships_contains_paid_content":false,"footnotes":"","jetpack_publicize_message":"","jetpack_publicize_feature_enabled":true,"jetpack_social_post_already_shared":false,"jetpack_social_options":{"image_generator_settings":{"template":"highway","default_image_id":0,"font":"","enabled":false},"version":2}},"categories":[655],"tags":[1073,125,8839,8841,8840,957],"class_list":["post-20124","post","type-post","status-publish","format-standard","has-post-thumbnail","hentry","category-son-dakika","tag-ozel","tag-bir","tag-endonezyada","tag-ogretiyor","tag-savasmayi","tag-turk"],"jetpack_publicize_connections":[],"jetpack_featured_media_url":"https:\/\/i0.wp.com\/www.tvturk.com\/wp-content\/uploads\/2019\/02\/ozel-bir-turk-endonezyada-savasmayi-ogretiyor_f10e8fc.jpg?fit=1000%2C481","jetpack_sharing_enabled":true,"jetpack_shortlink":"https:\/\/wp.me\/paKIfm-5eA","_links":{"self":[{"href":"http:\/\/www.tvturk.com\/index.php\/wp-json\/wp\/v2\/posts\/20124","targetHints":{"allow":["GET"]}}],"collection":[{"href":"http:\/\/www.tvturk.com\/index.php\/wp-json\/wp\/v2\/posts"}],"about":[{"href":"http:\/\/www.tvturk.com\/index.php\/wp-json\/wp\/v2\/types\/post"}],"author":[{"embeddable":true,"href":"http:\/\/www.tvturk.com\/index.php\/wp-json\/wp\/v2\/users\/1"}],"replies":[{"embeddable":true,"href":"http:\/\/www.tvturk.com\/index.php\/wp-json\/wp\/v2\/comments?post=20124"}],"version-history":[{"count":1,"href":"http:\/\/www.tvturk.com\/index.php\/wp-json\/wp\/v2\/posts\/20124\/revisions"}],"predecessor-version":[{"id":20140,"href":"http:\/\/www.tvturk.com\/index.php\/wp-json\/wp\/v2\/posts\/20124\/revisions\/20140"}],"wp:featuredmedia":[{"embeddable":true,"href":"http:\/\/www.tvturk.com\/index.php\/wp-json\/wp\/v2\/media\/20125"}],"wp:attachment":[{"href":"http:\/\/www.tvturk.com\/index.php\/wp-json\/wp\/v2\/media?parent=20124"}],"wp:term":[{"taxonomy":"category","embeddable":true,"href":"http:\/\/www.tvturk.com\/index.php\/wp-json\/wp\/v2\/categories?post=20124"},{"taxonomy":"post_tag","embeddable":true,"href":"http:\/\/www.tvturk.com\/index.php\/wp-json\/wp\/v2\/tags?post=20124"}],"curies":[{"name":"wp","href":"https:\/\/api.w.org\/{rel}","templated":true}]}}