{"id":201273,"date":"2019-09-10T15:16:35","date_gmt":"2019-09-10T12:16:35","guid":{"rendered":"http:\/\/www.tvturk.com\/index.php\/yangin-tatbikati-gercegini-aratmadi\/"},"modified":"2019-09-10T15:16:35","modified_gmt":"2019-09-10T12:16:35","slug":"yangin-tatbikati-gercegini-aratmadi","status":"publish","type":"post","link":"http:\/\/www.tvturk.com\/index.php\/yangin-tatbikati-gercegini-aratmadi\/","title":{"rendered":"Yang\u0131n tatbikat\u0131 ger\u00e7e\u011fini aratmad\u0131"},"content":{"rendered":"<p>Sivas\u2019ta Uygulama ve Ara\u015ft\u0131rma hastanesinde ger\u00e7ekle\u015ftirilen kimyasal s\u0131z\u0131nt\u0131 tatbikat\u0131 ger\u00e7e\u011fini aratmad\u0131.<\/p>\n<p>Sivas\u2019ta Uygulama ve Ara\u015ft\u0131rma Hastanesinin olas\u0131 bir kimyasal s\u0131z\u0131nt\u0131 ve yang\u0131na kar\u015f\u0131 haz\u0131r olup olmad\u0131\u011f\u0131n\u0131n anla\u015f\u0131lmas\u0131, eksiklerin tespiti ve ekiplerin tecr\u00fcbe kazanmas\u0131 i\u00e7in geni\u015f kapsaml\u0131 bir kimyasal s\u0131z\u0131nt\u0131 tatbikat\u0131 ger\u00e7ekle\u015ftirildi. AFAD, K\u0131z\u0131lay, \u0130tfaiye ve sa\u011fl\u0131k ekiplerinin koordineli olarak ger\u00e7ekle\u015ftirdi\u011fi tatbikatta, kurgu gere\u011fi deprem sonras\u0131 biyokimya laboratuvar\u0131nda kimyasal s\u0131z\u0131nt\u0131 meydana geldi. Ard\u0131ndan yang\u0131n \u00e7\u0131kt\u0131. Ekipler ilk olarak hastalar\u0131n tahliyesini ger\u00e7ekle\u015ftirdi. Tahliye s\u0131ras\u0131nda g\u00f6revli hastalar\u0131n ve hasta yak\u0131nlar\u0131n\u0131n \u00e7\u0131\u011fl\u0131klar\u0131, a\u011flamalar\u0131, bayg\u0131nl\u0131k ge\u00e7irmeleri ve ya\u015fad\u0131klar\u0131 panik tatbikata ger\u00e7eklik katt\u0131. Yaral\u0131lar\u0131n v\u00fccutlar\u0131nda olu\u015fan yan\u0131klar\u0131 i\u00e7in yap\u0131lan makyajlarda iddial\u0131yd\u0131. Tahliyenin tamamlanmas\u0131n\u0131n ard\u0131ndan s\u0131z\u0131nt\u0131ya m\u00fcdahale edildi. AFAD ekiplerinin kimyasal ve biyolojik vakalara kar\u015f\u0131 \u00f6zel tasarlanm\u0131\u015f k\u0131yafetleri dikkat \u00e7ekti. Hastaneden tahliye edilen temsili yaral\u0131lar bah\u00e7ede kurulan sahra hastanesine yerle\u015ftirildi. Tatbikat planland\u0131\u011f\u0131 gibi ba\u015far\u0131l\u0131 bir \u015fekilde tamamland\u0131.<\/p>\n","protected":false},"excerpt":{"rendered":"<p>S\u0130VAS\u2019TA UYGULAMA VE ARA\u015eTIRMA HASTANES\u0130NDE GER\u00c7EKLE\u015eT\u0130R\u0130LEN K\u0130MYASAL SIZINTI TATB\u0130KATI GER\u00c7E\u011e\u0130N\u0130 ARATMADI.<\/p>\n","protected":false},"author":1,"featured_media":201274,"comment_status":"closed","ping_status":"open","sticky":false,"template":"","format":"standard","meta":{"jetpack_post_was_ever_published":false,"_jetpack_newsletter_access":"","_jetpack_dont_email_post_to_subs":false,"_jetpack_newsletter_tier_id":0,"_jetpack_memberships_contains_paywalled_content":false,"_jetpack_memberships_contains_paid_content":false,"footnotes":"","jetpack_publicize_message":"","jetpack_publicize_feature_enabled":true,"jetpack_social_post_already_shared":true,"jetpack_social_options":{"image_generator_settings":{"template":"highway","default_image_id":0,"font":"","enabled":false},"version":2}},"categories":[1],"tags":[732,11776,222,1617],"class_list":["post-201273","post","type-post","status-publish","format-standard","has-post-thumbnail","hentry","category-genel","tag-aratmadi","tag-gercegini","tag-tatbikati","tag-yangin"],"jetpack_publicize_connections":[],"jetpack_featured_media_url":"https:\/\/i0.wp.com\/www.tvturk.com\/wp-content\/uploads\/2019\/09\/yangin-tatbikati-gercegini-aratmadi_c2ebb96.jpg?fit=1000%2C666","jetpack_sharing_enabled":true,"jetpack_shortlink":"https:\/\/wp.me\/paKIfm-Qml","_links":{"self":[{"href":"http:\/\/www.tvturk.com\/index.php\/wp-json\/wp\/v2\/posts\/201273","targetHints":{"allow":["GET"]}}],"collection":[{"href":"http:\/\/www.tvturk.com\/index.php\/wp-json\/wp\/v2\/posts"}],"about":[{"href":"http:\/\/www.tvturk.com\/index.php\/wp-json\/wp\/v2\/types\/post"}],"author":[{"embeddable":true,"href":"http:\/\/www.tvturk.com\/index.php\/wp-json\/wp\/v2\/users\/1"}],"replies":[{"embeddable":true,"href":"http:\/\/www.tvturk.com\/index.php\/wp-json\/wp\/v2\/comments?post=201273"}],"version-history":[{"count":0,"href":"http:\/\/www.tvturk.com\/index.php\/wp-json\/wp\/v2\/posts\/201273\/revisions"}],"wp:featuredmedia":[{"embeddable":true,"href":"http:\/\/www.tvturk.com\/index.php\/wp-json\/wp\/v2\/media\/201274"}],"wp:attachment":[{"href":"http:\/\/www.tvturk.com\/index.php\/wp-json\/wp\/v2\/media?parent=201273"}],"wp:term":[{"taxonomy":"category","embeddable":true,"href":"http:\/\/www.tvturk.com\/index.php\/wp-json\/wp\/v2\/categories?post=201273"},{"taxonomy":"post_tag","embeddable":true,"href":"http:\/\/www.tvturk.com\/index.php\/wp-json\/wp\/v2\/tags?post=201273"}],"curies":[{"name":"wp","href":"https:\/\/api.w.org\/{rel}","templated":true}]}}