{"id":201456,"date":"2019-09-11T09:32:00","date_gmt":"2019-09-11T06:32:00","guid":{"rendered":"http:\/\/www.tvturk.com\/index.php\/sozenden-arinca-sert-tepki\/"},"modified":"2019-09-11T09:32:00","modified_gmt":"2019-09-11T06:32:00","slug":"sozenden-arinca-sert-tepki","status":"publish","type":"post","link":"http:\/\/www.tvturk.com\/index.php\/sozenden-arinca-sert-tepki\/","title":{"rendered":"S\u00f6zen\u2019den Ar\u0131n\u00e7\u2019a sert tepki"},"content":{"rendered":"<p>Anadolu G\u00fcvenlik Korucular\u0131 ve \u015eehit Aileleri Konfederasyonu Genel Ba\u015fkan\u0131 Ziya S\u00f6zen, eski TBMM Ba\u015fkan\u0131 ve Cumhurba\u015fkanl\u0131\u011f\u0131 Y\u00fcksek \u0130sti\u015fare Kurulu \u00dcyesi B\u00fclent Ar\u0131n\u00e7\u2019a kat\u0131ld\u0131\u011f\u0131 bir televizyon program\u0131nda CHP \u0130l Ba\u015fkan\u0131 Canan Kaftanc\u0131o\u011flu ve g\u00f6revden al\u0131nan HDP\u2019li Mardin B\u00fcy\u00fck\u015fehir Belediye Ba\u015fkan\u0131 Ahmet T\u00fcrk i\u00e7in sarf etti\u011fi s\u00f6zlere sert tepki g\u00f6sterdi.<\/p>\n<p>Ziya S\u00f6zen, B\u00fclent Ar\u0131n\u00e7\u2019\u0131n kat\u0131ld\u0131\u011f\u0131 bir televizyon program\u0131nda, att\u0131\u011f\u0131 tweetlerle Cumhurba\u015fkan\u0131na hakaretten cezaya \u00e7arpt\u0131r\u0131lan CHP \u0130stanbul \u0130l Ba\u015fkan\u0131 Canan Kaftanc\u0131o\u011flu\u2019na verilen hapis cezas\u0131yla ilgili yorumlar\u0131n\u0131 de\u011ferlendirdi. S\u00f6zen, &#8220;Ar\u0131n\u00e7 kat\u0131ld\u0131\u011f\u0131 bir televizyon kanal\u0131nda \u2019Kaftanc\u0131o\u011flu\u2019nu sevmiyor olabiliriz. Se\u00e7imi kazand\u0131 bir kahraman haline getirdiler. Att\u0131\u011f\u0131 mesajlar\u0131n hi\u00e7birisine kat\u0131lm\u0131yorum ama ifade \u00f6zg\u00fcrl\u00fc\u011f\u00fcne sayg\u0131 duymal\u0131y\u0131z, tahamm\u00fcl etmek zorunday\u0131z\u2019 demi\u015f ayr\u0131ca Mardin B\u00fcy\u00fck\u015fehir Belediye Ba\u015fkan\u0131 iken i\u015fledi\u011fi say\u0131s\u0131z su\u00e7tan dolay\u0131 \u0130\u00e7i\u015fleri Bakanl\u0131\u011f\u0131 taraf\u0131ndan g\u00f6revinden uzakla\u015ft\u0131r\u0131lan Ahmet T\u00fcrk i\u00e7in de \u2019Ben sadece Ahmet T\u00fcrk\u2019\u00fc tan\u0131yorum ve ona sayg\u0131 duyuyorum. Ahmet T\u00fcrk\u2019\u00fcn benim \u00fczerimdeki hakk\u0131 \u015fudur. Bu ki\u015finin ter\u00f6rle alakas\u0131 yoktur. Ahmet T\u00fcrk\u2019\u00fcn ter\u00f6rle alakas\u0131 yoktur. Bar\u0131\u015f olsun isteyen biridir\u2019 \u015feklinde s\u00f6zler sarf ederek haddini ve maksad\u0131n\u0131 a\u015fm\u0131\u015ft\u0131r. Bu s\u00f6zler biz \u015fehit aileleri ve gaziler taraf\u0131ndan kabul edilir, yenilir, yutulur cinsten s\u00f6zler de\u011fildir. Bu s\u00f6zler ak\u0131l tutulmas\u0131n\u0131n d\u0131\u015fa yans\u0131m\u0131\u015f halidir. Bir il ba\u015fkan\u0131 d\u00fc\u015f\u00fcn\u00fcn devletimizin cumhurba\u015fkan\u0131 hakk\u0131nda a\u011fza al\u0131nmayacak s\u00f6zler sarf edecek, 15 Temmuz hain al\u00e7ak darbe giri\u015fimi i\u00e7in k\u00fcstah\u00e7a s\u00f6zler kullanacak, dini de\u011ferlerimize ve maneviyat\u0131m\u0131za hakaret edecek, bundan dolay\u0131 yarg\u0131lanacak ve bu yarg\u0131lama sonucu cezaya \u00e7arpt\u0131r\u0131lacak, yani su\u00e7u mahkemeler taraf\u0131ndan sabit g\u00f6r\u00fclecek, bunun \u00fczerine ad\u0131na cumhurba\u015fkanl\u0131\u011f\u0131 y\u00fcksek isti\u015fare kurulu \u00fcyesi denilen bir \u015fah\u0131s kalk\u0131p bu il ba\u015fkan\u0131n\u0131n i\u015fledi\u011fi su\u00e7lar\u0131 g\u00f6rmezden gelecek s\u00f6yledikleri ifadeler i\u00e7in sayg\u0131 duymal\u0131y\u0131z tahamm\u00fcl etmek zorunday\u0131z diyecek ve bizim de kalk\u0131p bu s\u00f6zler kar\u015f\u0131s\u0131nda sessiz kalmam\u0131z\u0131 bekleyecek. Ayr\u0131ca bu \u015fah\u0131s, \u015fimdiye kadar her zaman her ortamda PKK ter\u00f6r \u00f6rg\u00fct\u00fc ile irtibat\u0131 ve iltisak\u0131 mahkemelerce kesinle\u015fen ve bundan dolay\u0131 cezaevine giren, cezaevinde iken hasta ve ya\u015fl\u0131 oldu\u011fu gerek\u00e7esiyle cezaevinden \u00e7\u0131kar\u0131lan, kanunsuz bir \u015fekilde belediye ba\u015fkanl\u0131\u011f\u0131na aday g\u00f6sterilen, se\u00e7ildikten sonra ilk icraat\u0131 \u015fehit ailelerimizi ve gazilerimizi i\u015ften \u00e7\u0131karmak olan, ter\u00f6re yard\u0131m ve yatakl\u0131ktan h\u00fck\u00fcm giymi\u015f bir\u00e7ok eski sab\u0131kal\u0131 ve ter\u00f6r \u00f6rg\u00fct\u00fc \u00fcyesi, PKK\/ KCK \u00fcyesi ki\u015fileri belediyede \u00f6nemli g\u00f6revlere getirecek, kanunlara ve yasalara uygun \u015fekilde davranmad\u0131\u011f\u0131 gerek\u00e7esiyle \u0130\u00e7i\u015fleri Bakanl\u0131\u011f\u0131 taraf\u0131ndan g\u00f6revden al\u0131nacak, ad\u0131na cumhurba\u015fkanl\u0131\u011f\u0131 y\u00fcksek isti\u015fare kurulu \u00fcyesi denilen zat kalk\u0131p bu ki\u015fi i\u00e7in de \u2019ter\u00f6rle alakas\u0131 yoktur, bar\u0131\u015f olsun isteyen biridir\u2019 \u015feklinde s\u00f6zler sarf etmesi biz \u015fehit ailelerine, gazilere, vatan\u0131n\u0131 milletine seven insanlara yap\u0131labilecek en b\u00fcy\u00fck hakarettir&#8221; dedi.<\/p>\n<p>&#8220;Bu s\u00f6zlerin anlam\u0131 mahkemeleri tan\u0131m\u0131yorum demektir&#8221;<\/p>\n<p>B\u00fclent Ar\u0131n\u00e7\u2019\u0131n bu s\u00f6zlerinin anlam\u0131n\u0131n \u2019mahkemeleri tan\u0131m\u0131yorum\u2019 demek oldu\u011funu s\u00f6yleyen S\u00f6zen, &#8220;Bu s\u00f6zlerin \u0130\u00e7i\u015fleri Bakanl\u0131\u011f\u0131n\u0131n verdi\u011fi karar\u0131 da tan\u0131m\u0131yorum, kendi bildi\u011fimi okuyorum \u015feklinde yorumlanmal\u0131d\u0131r. \u00c7\u00fcnk\u00fc mahkemenin su\u00e7lu dedi\u011fi ki\u015fiye B\u00fclent Ar\u0131n\u00e7 su\u00e7suz demeye getiriyor, \u0130\u00e7i\u015fleri Bakanl\u0131\u011f\u0131n\u0131n su\u00e7 i\u015fledi\u011fi gerek\u00e7esiyle g\u00f6revden ald\u0131\u011f\u0131 bir ki\u015fiye de ter\u00f6rle alakas\u0131 yoktur, bar\u0131\u015f olsun isteyen birisidir diyor. Biz \u015fimdi mahkemelerin ve \u0130\u00e7i\u015fleri Bakanl\u0131\u011f\u0131n\u0131n verdi\u011fi kararlara m\u0131 inanaca\u011f\u0131z, yoksa B\u00fclent Ar\u0131n\u00e7\u2019a m\u0131 inanaca\u011f\u0131z? B\u00fclent Ar\u0131n\u00e7\u2019\u0131 bu sarf etti\u011fi s\u00f6zlerden dolay\u0131 k\u0131n\u0131yorum. B\u00fclent Ar\u0131n\u00e7\u2019\u0131n bu s\u00f6zleri barda\u011f\u0131 ta\u015f\u0131ran son s\u00f6zler olmu\u015ftur. G\u00f6revi, makam\u0131, mevkii ne olursa olsun kimsenin \u015fehit ailelerimizi, gazilerimizi \u00fczmeye, rencide etmeye, incitmeye hakk\u0131 da haddi de yoktur, olmamal\u0131d\u0131r. Bu s\u00f6zlerimiz birilerinin ho\u015funa gitmeyebilir. Bu s\u00f6zlerimizden dolay\u0131 birileri bize cezai m\u00fceyyideler uygulamak isteyebilir. Bir \u015fehit \u00e7ocu\u011fu olarak \u015fehit aileleri gazileri ve g\u00fcvenlik korucular\u0131n\u0131 temsil eden biri olarak sonuna kadar s\u00f6zlerimin arkas\u0131nday\u0131m asla geri ad\u0131m atmayaca\u011f\u0131m. Bunun i\u00e7in \u015fahs\u0131ma bir ceza verilecekse bir cezai m\u00fceyyide uygulanacaksa \u015fehit ailelerimiz ad\u0131na gazilerimiz ad\u0131na seve seve cezam\u0131 \u00e7ekmeye haz\u0131r\u0131m&#8221; \u015feklinde konu\u015ftu.<\/p>\n","protected":false},"excerpt":{"rendered":"<p>ANADOLU G\u00dcVENL\u0130K KORUCULARI VE \u015eEH\u0130T A\u0130LELER\u0130 KONFEDERASYONU GENEL BA\u015eKANI Z\u0130YA S\u00d6ZEN, ESK\u0130 TBMM BA\u015eKANI VE CUMHURBA\u015eKANLI\u011eI Y\u00dcKSEK \u0130ST\u0130\u015eARE KURULU \u00dcYES\u0130 B\u00dcLENT ARIN\u00c7&#8217;A KATILDI\u011eI B\u0130R TELEV\u0130ZYON PROGRAMINDA CHP \u0130L BA\u015eKANI CANAN KAFTANCIO\u011eLU VE G\u00d6REVDEN ALINAN HDP&#8217;L\u0130 MARD\u0130N B\u00dcY\u00dcK\u015eEH\u0130R BELED\u0130YE BA\u015eKANI AHMET T\u00dcRK \u0130\u00c7\u0130N SARF ETT\u0130\u011e\u0130 S\u00d6ZLERE SERT TEPK\u0130 G\u00d6STERD\u0130.<\/p>\n","protected":false},"author":1,"featured_media":201457,"comment_status":"closed","ping_status":"open","sticky":false,"template":"","format":"standard","meta":{"jetpack_post_was_ever_published":false,"_jetpack_newsletter_access":"","_jetpack_dont_email_post_to_subs":false,"_jetpack_newsletter_tier_id":0,"_jetpack_memberships_contains_paywalled_content":false,"_jetpack_memberships_contains_paid_content":false,"footnotes":"","jetpack_publicize_message":"","jetpack_publicize_feature_enabled":true,"jetpack_social_post_already_shared":true,"jetpack_social_options":{"image_generator_settings":{"template":"highway","default_image_id":0,"font":"","enabled":false},"version":2}},"categories":[1],"tags":[50732,3503,12194,961],"class_list":["post-201456","post","type-post","status-publish","format-standard","has-post-thumbnail","hentry","category-genel","tag-arinca","tag-sert","tag-sozenden","tag-tepki"],"jetpack_publicize_connections":[],"jetpack_featured_media_url":"https:\/\/i0.wp.com\/www.tvturk.com\/wp-content\/uploads\/2019\/09\/sozenden-arinca-sert-tepki_e45fcee.jpg?fit=823%2C1000","jetpack_sharing_enabled":true,"jetpack_shortlink":"https:\/\/wp.me\/paKIfm-Qpi","_links":{"self":[{"href":"http:\/\/www.tvturk.com\/index.php\/wp-json\/wp\/v2\/posts\/201456","targetHints":{"allow":["GET"]}}],"collection":[{"href":"http:\/\/www.tvturk.com\/index.php\/wp-json\/wp\/v2\/posts"}],"about":[{"href":"http:\/\/www.tvturk.com\/index.php\/wp-json\/wp\/v2\/types\/post"}],"author":[{"embeddable":true,"href":"http:\/\/www.tvturk.com\/index.php\/wp-json\/wp\/v2\/users\/1"}],"replies":[{"embeddable":true,"href":"http:\/\/www.tvturk.com\/index.php\/wp-json\/wp\/v2\/comments?post=201456"}],"version-history":[{"count":0,"href":"http:\/\/www.tvturk.com\/index.php\/wp-json\/wp\/v2\/posts\/201456\/revisions"}],"wp:featuredmedia":[{"embeddable":true,"href":"http:\/\/www.tvturk.com\/index.php\/wp-json\/wp\/v2\/media\/201457"}],"wp:attachment":[{"href":"http:\/\/www.tvturk.com\/index.php\/wp-json\/wp\/v2\/media?parent=201456"}],"wp:term":[{"taxonomy":"category","embeddable":true,"href":"http:\/\/www.tvturk.com\/index.php\/wp-json\/wp\/v2\/categories?post=201456"},{"taxonomy":"post_tag","embeddable":true,"href":"http:\/\/www.tvturk.com\/index.php\/wp-json\/wp\/v2\/tags?post=201456"}],"curies":[{"name":"wp","href":"https:\/\/api.w.org\/{rel}","templated":true}]}}