{"id":201510,"date":"2019-09-11T10:32:45","date_gmt":"2019-09-11T07:32:45","guid":{"rendered":"http:\/\/www.tvturk.com\/index.php\/kosovada-firtinanin-adi-vedat-muriqi\/"},"modified":"2019-09-11T10:32:45","modified_gmt":"2019-09-11T07:32:45","slug":"kosovada-firtinanin-adi-vedat-muriqi","status":"publish","type":"post","link":"http:\/\/www.tvturk.com\/index.php\/kosovada-firtinanin-adi-vedat-muriqi\/","title":{"rendered":"Kosova\u2019da f\u0131rt\u0131nan\u0131n ad\u0131: Vedat Muriqi!"},"content":{"rendered":"<p>Fenerbah\u00e7e\u2019nin Kosoval\u0131 y\u0131ld\u0131z\u0131 Vedat Muriqi, milli tak\u0131mda g\u00f6sterdi\u011fi performansla tak\u0131m\u0131n\u0131n skor y\u00fck\u00fcn\u00fc \u00e7ekiyor. Muriqi, Kosova formas\u0131yla \u00e7\u0131kt\u0131\u011f\u0131 \u00c7ekya ve \u0130ngiltere ma\u00e7lar\u0131nda 2 gol 2 de asiste imzas\u0131n\u0131 att\u0131.<\/p>\n<p>Fenerbah\u00e7e\u2019nin Kosoval\u0131 golc\u00fcs\u00fc Vedat Muriqi, milli tak\u0131mda g\u00f6sterdi\u011fi performansla dikkatleri \u00fczerine \u00e7ekmeye devam ediyor. Ge\u00e7ti\u011fimiz sezon S\u00fcper Lig\u2019de gol krall\u0131\u011f\u0131 yar\u0131\u015f\u0131n\u0131 ikinci s\u0131rada tamamlayan Muriqi, bu sezon da ligde ilk 3 hafta sonunda 2 gol att\u0131. 25 ya\u015f\u0131ndaki futbolcu, milli tak\u0131mda da son iki ma\u00e7ta iyi bir performansa imza att\u0131. Kosova milli tak\u0131m\u0131 ile 2020 Avrupa \u015eampiyonas\u0131 Grup Elemeleri ma\u00e7lar\u0131nda forma giyen golc\u00fc oyuncu, tak\u0131m\u0131n\u0131n 7 Eyl\u00fcl g\u00fcn\u00fc \u00c7ekya\u2019y\u0131 2-1 ma\u011flup etti\u011fi ma\u00e7ta 1 gol atarken, d\u00fcn de \u0130ngiltere deplasman\u0131nda 1 gol 2 asistle oynad\u0131. Tak\u0131m\u0131n\u0131n 2020 Avrupa \u015eampiyonas\u0131 Elemelerinde \u00e7\u0131kt\u0131\u011f\u0131 5 ma\u00e7ta toplam 3 gol 2 de asistle oynayan Muriqi\u2019nin bu performans\u0131 Avrupa kul\u00fcplerinin de radar\u0131na girdi. Kosova\u2019n\u0131n d\u00fcn ak\u015fam konuk oldu\u011fu ve sahadan 5-3 ma\u011flup ayr\u0131ld\u0131\u011f\u0131 \u0130ngiltere ma\u00e7\u0131n\u0131 Tottenham yetkililerinin Vedat i\u00e7in izledi\u011fi de iddia edildi.<\/p>\n<p>25 ya\u015f\u0131ndaki futbolcu, sezon ba\u015f\u0131nda \u00c7aykur Rizespor\u2019dan Fenerbah\u00e7e\u2019ye transfer olmu\u015ftu.<\/p>\n","protected":false},"excerpt":{"rendered":"<p>FENERBAH\u00c7E&#8217;N\u0130N KOSOVALI YILDIZI VEDAT MUR\u0130Q\u0130, M\u0130LL\u0130 TAKIMDA G\u00d6STERD\u0130\u011e\u0130 PERFORMANSLA TAKIMININ SKOR Y\u00dcK\u00dcN\u00dc \u00c7EK\u0130YOR. MUR\u0130Q\u0130, KOSOVA FORMASIYLA \u00c7IKTI\u011eI \u00c7EKYA VE \u0130NG\u0130LTERE MA\u00c7LARINDA 2 GOL 2 DE AS\u0130STE \u0130MZASINI ATTI.<\/p>\n","protected":false},"author":1,"featured_media":201511,"comment_status":"closed","ping_status":"open","sticky":false,"template":"","format":"standard","meta":{"jetpack_post_was_ever_published":false,"_jetpack_newsletter_access":"","_jetpack_dont_email_post_to_subs":false,"_jetpack_newsletter_tier_id":0,"_jetpack_memberships_contains_paywalled_content":false,"_jetpack_memberships_contains_paid_content":false,"footnotes":"","jetpack_publicize_message":"","jetpack_publicize_feature_enabled":true,"jetpack_social_post_already_shared":true,"jetpack_social_options":{"image_generator_settings":{"template":"highway","default_image_id":0,"font":"","enabled":false},"version":2}},"categories":[657],"tags":[337,22234,5348,43583,9063],"class_list":["post-201510","post","type-post","status-publish","format-standard","has-post-thumbnail","hentry","category-spor","tag-adi","tag-firtinanin","tag-kosovada","tag-muriqi","tag-vedat"],"jetpack_publicize_connections":[],"jetpack_featured_media_url":"https:\/\/i0.wp.com\/www.tvturk.com\/wp-content\/uploads\/2019\/09\/kosovada-firtinanin-adi-vedat-muriqi_1851341.jpg?fit=1000%2C665","jetpack_sharing_enabled":true,"jetpack_shortlink":"https:\/\/wp.me\/paKIfm-Qqa","_links":{"self":[{"href":"http:\/\/www.tvturk.com\/index.php\/wp-json\/wp\/v2\/posts\/201510","targetHints":{"allow":["GET"]}}],"collection":[{"href":"http:\/\/www.tvturk.com\/index.php\/wp-json\/wp\/v2\/posts"}],"about":[{"href":"http:\/\/www.tvturk.com\/index.php\/wp-json\/wp\/v2\/types\/post"}],"author":[{"embeddable":true,"href":"http:\/\/www.tvturk.com\/index.php\/wp-json\/wp\/v2\/users\/1"}],"replies":[{"embeddable":true,"href":"http:\/\/www.tvturk.com\/index.php\/wp-json\/wp\/v2\/comments?post=201510"}],"version-history":[{"count":0,"href":"http:\/\/www.tvturk.com\/index.php\/wp-json\/wp\/v2\/posts\/201510\/revisions"}],"wp:featuredmedia":[{"embeddable":true,"href":"http:\/\/www.tvturk.com\/index.php\/wp-json\/wp\/v2\/media\/201511"}],"wp:attachment":[{"href":"http:\/\/www.tvturk.com\/index.php\/wp-json\/wp\/v2\/media?parent=201510"}],"wp:term":[{"taxonomy":"category","embeddable":true,"href":"http:\/\/www.tvturk.com\/index.php\/wp-json\/wp\/v2\/categories?post=201510"},{"taxonomy":"post_tag","embeddable":true,"href":"http:\/\/www.tvturk.com\/index.php\/wp-json\/wp\/v2\/tags?post=201510"}],"curies":[{"name":"wp","href":"https:\/\/api.w.org\/{rel}","templated":true}]}}