{"id":201548,"date":"2019-09-11T11:16:40","date_gmt":"2019-09-11T08:16:40","guid":{"rendered":"http:\/\/www.tvturk.com\/index.php\/bursada-kardes-sehir-bulusmasi\/"},"modified":"2019-09-11T11:16:40","modified_gmt":"2019-09-11T08:16:40","slug":"bursada-kardes-sehir-bulusmasi","status":"publish","type":"post","link":"http:\/\/www.tvturk.com\/index.php\/bursada-kardes-sehir-bulusmasi\/","title":{"rendered":"Bursa\u2019da \u2018karde\u015f \u015fehir \u2018bulu\u015fmas\u0131"},"content":{"rendered":"<p>B\u00fcy\u00fck\u015fehir Belediye Ba\u015fkan\u0131 Alinur Akta\u015f, Bursa\u2019n\u0131n d\u00fc\u015fman i\u015fg\u00e2linden kurtulu\u015funun 97. y\u0131ld\u00f6n\u00fcm\u00fc kutlamalar\u0131 i\u00e7in gelen karde\u015f belediye ba\u015fkanlar\u0131n\u0131 a\u011f\u0131rlad\u0131.<\/p>\n<p>Kurtulu\u015f sevincine ortak olmak i\u00e7in Bursa\u2019ya gelen karde\u015f \u015fehirlerin belediye ba\u015fkanlar\u0131 ile temsilcilerine Ba\u015fkan Alinur Akta\u015f taraf\u0131ndan ak\u015fam yeme\u011fi verildi. Merinos\u2019taki G\u00f6n\u00fcl Dostlar\u0131 Sofras\u0131\u2019nda s\u0131cak bir atmosferde ger\u00e7ekle\u015fen yeme\u011fe Gagavuzya-\u00c7ad\u0131r Lunga, Beyaz Rusya-Mogilev, Filistin-El Halil, Saraybosna, KKTC-Lefko\u015fa, Tokat-Niksar ve Turhal, K\u0131r\u015fehir-Akp\u0131nar, Kars-Arpa\u00e7ay ve Mu\u015f b\u00f6lgelerinden belediye ba\u015fkanlar\u0131 ile temsilciler kat\u0131ld\u0131.<\/p>\n<p>B\u00fcy\u00fck\u015fehir Belediye Ba\u015fkan\u0131 Alinur Akta\u015f, yapt\u0131\u011f\u0131 a\u00e7\u0131klamada, kurtulu\u015f t\u00f6renlerinde kendilerini yaln\u0131z b\u0131rakmayan meslekta\u015flar\u0131na te\u015fekk\u00fcr etti. A\u00e7\u0131klamas\u0131nda, T\u00fcrkiye\u2019nin her bir b\u00f6lgesinin ayr\u0131 g\u00fczelli\u011finin bulundu\u011funu, Bursa\u2019n\u0131n da bu anlamda Osmanl\u0131\u2019ya ba\u015fkentlik etmi\u015f olmas\u0131, tarihi ve k\u00fclt\u00fcrel \u00f6zellikleri, sanayiiyle \u00f6n plana \u00e7\u0131kt\u0131\u011f\u0131n\u0131 vurgulayan Ba\u015fkan Akta\u015f, \u015fehri ge\u00e7mi\u015fiyle birlikte gelece\u011fe ta\u015f\u0131ma noktas\u0131nda ekip arkada\u015flar\u0131yla birlikte gece g\u00fcnd\u00fcz \u00e7aba sarf ettiklerini s\u00f6yledi. Samimi havada, sohbet \u015feklinde ge\u00e7en bulu\u015fmada meslekta\u015flar\u0131ndan bulunduklar\u0131 b\u00f6lgelerle ilgili bilgiler alan, destek ve i\u015f birli\u011fi taahh\u00fcd\u00fcnde bulunan Ba\u015fkan Akta\u015f, karde\u015f \u015fehirler aras\u0131nda var olan ili\u015fkilerin daha da geli\u015ftirilmesinin sosyo-k\u00fclt\u00fcrel hayatlara da olumlu yans\u0131malar\u0131n\u0131n olaca\u011f\u0131n\u0131 ifade etti.<\/p>\n","protected":false},"excerpt":{"rendered":"<p>B\u00dcY\u00dcK\u015eEH\u0130R BELED\u0130YE BA\u015eKANI AL\u0130NUR AKTA\u015e, BURSA\u2019NIN D\u00dc\u015eMAN \u0130\u015eG\u00c2L\u0130NDEN KURTULU\u015eUNUN 97. YILD\u00d6N\u00dcM\u00dc KUTLAMALARI \u0130\u00c7\u0130N GELEN KARDE\u015e BELED\u0130YE BA\u015eKANLARINI A\u011eIRLADI.<\/p>\n","protected":false},"author":1,"featured_media":201549,"comment_status":"closed","ping_status":"open","sticky":false,"template":"","format":"standard","meta":{"jetpack_post_was_ever_published":false,"_jetpack_newsletter_access":"","_jetpack_dont_email_post_to_subs":false,"_jetpack_newsletter_tier_id":0,"_jetpack_memberships_contains_paywalled_content":false,"_jetpack_memberships_contains_paid_content":false,"footnotes":"","jetpack_publicize_message":"","jetpack_publicize_feature_enabled":true,"jetpack_social_post_already_shared":true,"jetpack_social_options":{"image_generator_settings":{"template":"highway","default_image_id":0,"font":"","enabled":false},"version":2}},"categories":[1],"tags":[8164,1032,1742,553],"class_list":["post-201548","post","type-post","status-publish","format-standard","has-post-thumbnail","hentry","category-genel","tag-bulusmasi","tag-bursada","tag-kardes","tag-sehir"],"jetpack_publicize_connections":[],"jetpack_featured_media_url":"https:\/\/i0.wp.com\/www.tvturk.com\/wp-content\/uploads\/2019\/09\/bursada-kardes-sehir-bulusmasi_768ca46.jpg?fit=1000%2C666","jetpack_sharing_enabled":true,"jetpack_shortlink":"https:\/\/wp.me\/paKIfm-QqM","_links":{"self":[{"href":"http:\/\/www.tvturk.com\/index.php\/wp-json\/wp\/v2\/posts\/201548","targetHints":{"allow":["GET"]}}],"collection":[{"href":"http:\/\/www.tvturk.com\/index.php\/wp-json\/wp\/v2\/posts"}],"about":[{"href":"http:\/\/www.tvturk.com\/index.php\/wp-json\/wp\/v2\/types\/post"}],"author":[{"embeddable":true,"href":"http:\/\/www.tvturk.com\/index.php\/wp-json\/wp\/v2\/users\/1"}],"replies":[{"embeddable":true,"href":"http:\/\/www.tvturk.com\/index.php\/wp-json\/wp\/v2\/comments?post=201548"}],"version-history":[{"count":0,"href":"http:\/\/www.tvturk.com\/index.php\/wp-json\/wp\/v2\/posts\/201548\/revisions"}],"wp:featuredmedia":[{"embeddable":true,"href":"http:\/\/www.tvturk.com\/index.php\/wp-json\/wp\/v2\/media\/201549"}],"wp:attachment":[{"href":"http:\/\/www.tvturk.com\/index.php\/wp-json\/wp\/v2\/media?parent=201548"}],"wp:term":[{"taxonomy":"category","embeddable":true,"href":"http:\/\/www.tvturk.com\/index.php\/wp-json\/wp\/v2\/categories?post=201548"},{"taxonomy":"post_tag","embeddable":true,"href":"http:\/\/www.tvturk.com\/index.php\/wp-json\/wp\/v2\/tags?post=201548"}],"curies":[{"name":"wp","href":"https:\/\/api.w.org\/{rel}","templated":true}]}}