{"id":20156,"date":"2019-02-11T09:50:52","date_gmt":"2019-02-11T06:50:52","guid":{"rendered":"http:\/\/www.tvturk.com\/index.php\/siirtte-teror-orgutu-pkkya-yardim-eden-13-kisi-gozaltina-alindi\/"},"modified":"2019-02-11T09:50:54","modified_gmt":"2019-02-11T06:50:54","slug":"siirtte-teror-orgutu-pkkya-yardim-eden-13-kisi-gozaltina-alindi","status":"publish","type":"post","link":"http:\/\/www.tvturk.com\/index.php\/siirtte-teror-orgutu-pkkya-yardim-eden-13-kisi-gozaltina-alindi\/","title":{"rendered":"Siirt\u2019te ter\u00f6r \u00f6rg\u00fct\u00fc PKK\u2019ya yard\u0131m eden 13 ki\u015fi g\u00f6zalt\u0131na al\u0131nd\u0131"},"content":{"rendered":"<p>Siirt \u0130l Jandarma Komutanl\u0131\u011f\u0131 ekiplerince PKK\/KCK ter\u00f6r \u00f6rg\u00fct\u00fcne yard\u0131m ve yatakl\u0131k yapt\u0131klar\u0131 tespit edilen \u015f\u00fcpheli \u015fah\u0131slara y\u00f6nelik d\u00fczenlenen operasyonda, 13 ki\u015fi g\u00f6zalt\u0131na al\u0131nd\u0131.<\/p>\n<p>Siirt Valili\u011fi\u2019nden yap\u0131lan a\u00e7\u0131klamada, \u0130l Jandarma Komutanl\u0131\u011f\u0131\u2019nca Siirt\u2019in Kurtalan il\u00e7e merkezi ve k\u0131rsal\u0131nda 11 ayr\u0131 adrese e\u015f zamanl\u0131 olarak operasyon d\u00fczenlendi\u011fi belirtildi. A\u00e7\u0131klamada, &#8220;Operasyonda PKK\/KCK ter\u00f6r \u00f6rg\u00fct\u00fcne yard\u0131m ve yatakl\u0131k ettikleri tespit edilen 13 \u015f\u00fcpheli g\u00f6zalt\u0131na al\u0131nd\u0131. G\u00f6zalt\u0131na al\u0131nan \u015f\u00fcphelilerin evlerinde yap\u0131lan aramada, 10 adet cep telefonu, 13 adet \u00f6rg\u00fctsel foto\u011fraf, 2 adet harici bellek, 2 adet diz\u00fcst\u00fc bilgisayar, 2 adet tablet bilgisayar, 88 adet CD, 9 adet av t\u00fcfe\u011fi, 166 adet av t\u00fcfe\u011fi fi\u015fe\u011fi, bir adet ruhsats\u0131z 7.65 milimetre tabanca, 3 adet 7.65 milimetre tabanca fi\u015fe\u011fi, bir adet ayd\u0131nlatma tabancas\u0131 ele ge\u00e7irilmi\u015ftir. G\u00f6zalt\u0131na al\u0131nan \u015f\u00fcpheliler ile ilgili adli tahkikata ba\u015flan\u0131lm\u0131\u015f olup, i\u015flemleri devam etmektedir&#8221; denildi.<div class=\"tiled-gallery type-rectangular tiled-gallery-unresized\" data-original-width=\"500\" data-carousel-extra='null' itemscope itemtype=\"http:\/\/schema.org\/ImageGallery\" > <div class=\"gallery-row\" style=\"width: 500px; height: 240px;\" data-original-width=\"500\" data-original-height=\"240\" > <div class=\"gallery-group images-1\" style=\"width: 319px; height: 240px;\" data-original-width=\"319\" data-original-height=\"240\" > <div class=\"tiled-gallery-item tiled-gallery-item-large\" itemprop=\"associatedMedia\" itemscope itemtype=\"http:\/\/schema.org\/ImageObject\"> <a href=\"http:\/\/www.tvturk.com\/index.php\/siirtte-teror-orgutu-pkkya-yardim-eden-13-kisi-gozaltina-alindi\/siirtte-teror-orgutu-pkkya-yardim-eden-13-kisi-gozaltina-alindi-3\/\" border=\"0\" itemprop=\"url\"> <meta itemprop=\"width\" content=\"315\"> <meta itemprop=\"height\" content=\"236\"> <img decoding=\"async\" class=\"\" data-attachment-id=\"20158\" data-orig-file=\"http:\/\/www.tvturk.com\/wp-content\/uploads\/2019\/02\/siirtte-teror-orgutu-pkkya-yardim-eden-13-kisi-gozaltina-alindi_f41544a.jpg\" data-orig-size=\"1000,750\" data-comments-opened=\"\" data-image-meta=\"{&quot;aperture&quot;:&quot;0&quot;,&quot;credit&quot;:&quot;IHA&quot;,&quot;camera&quot;:&quot;&quot;,&quot;caption&quot;:&quot;S\\u0130\\u0130RT \\u0130L JANDARMA KOMUTANLI\\u011eI EK\\u0130PLER\\u0130NCE PKK\\\/KCK TER\\u00d6R \\u00d6RG\\u00dcT\\u00dcNE YARDIM VE YATAKLIK YAPTIKLARI TESP\\u0130T ED\\u0130LEN \\u015e\\u00dcPHEL\\u0130 \\u015eAHISLARA Y\\u00d6NEL\\u0130K D\\u00dcZENLENEN OPERASYONDA, 13 K\\u0130\\u015e\\u0130 G\\u00d6ZALTINA ALINDI. (SELAM\\u0130 DEN\\u0130Z\\\/S\\u0130\\u0130RT-\\u0130HA)&quot;,&quot;created_timestamp&quot;:&quot;0&quot;,&quot;copyright&quot;:&quot;\\u0130HLAS HABER AJANSI, www.iha.com.tr&quot;,&quot;focal_length&quot;:&quot;0&quot;,&quot;iso&quot;:&quot;0&quot;,&quot;shutter_speed&quot;:&quot;0&quot;,&quot;title&quot;:&quot;S\\u0130\\u0130RT\\u0027TE TER\\u00d6R \\u00d6RG\\u00dcT\\u00dc PKK\\u0027YA YARDIM EDEN 13 K\\u0130\\u015e\\u0130 G\\u00d6ZALTINA ALINDI&quot;,&quot;orientation&quot;:&quot;0&quot;}\" data-image-title=\"Siirt\u2019te ter\u00f6r \u00f6rg\u00fct\u00fc PKK\u2019ya yard\u0131m eden 13 ki\u015fi g\u00f6zalt\u0131na al\u0131nd\u0131\" data-image-description=\"&lt;p&gt;Siirt\u2019te ter\u00f6r \u00f6rg\u00fct\u00fc PKK\u2019ya yard\u0131m eden 13 ki\u015fi g\u00f6zalt\u0131na al\u0131nd\u0131&lt;\/p&gt; \" data-medium-file=\"https:\/\/i0.wp.com\/www.tvturk.com\/wp-content\/uploads\/2019\/02\/siirtte-teror-orgutu-pkkya-yardim-eden-13-kisi-gozaltina-alindi_f41544a.jpg?fit=300%2C225\" data-large-file=\"https:\/\/i0.wp.com\/www.tvturk.com\/wp-content\/uploads\/2019\/02\/siirtte-teror-orgutu-pkkya-yardim-eden-13-kisi-gozaltina-alindi_f41544a.jpg?fit=1000%2C750\" src=\"https:\/\/i0.wp.com\/www.tvturk.com\/wp-content\/uploads\/2019\/02\/siirtte-teror-orgutu-pkkya-yardim-eden-13-kisi-gozaltina-alindi_f41544a.jpg?w=315&#038;h=236\" srcset=\"https:\/\/i0.wp.com\/www.tvturk.com\/wp-content\/uploads\/2019\/02\/siirtte-teror-orgutu-pkkya-yardim-eden-13-kisi-gozaltina-alindi_f41544a.jpg?w=1000 1000w, https:\/\/i0.wp.com\/www.tvturk.com\/wp-content\/uploads\/2019\/02\/siirtte-teror-orgutu-pkkya-yardim-eden-13-kisi-gozaltina-alindi_f41544a.jpg?resize=150%2C113 150w, https:\/\/i0.wp.com\/www.tvturk.com\/wp-content\/uploads\/2019\/02\/siirtte-teror-orgutu-pkkya-yardim-eden-13-kisi-gozaltina-alindi_f41544a.jpg?resize=300%2C225 300w, https:\/\/i0.wp.com\/www.tvturk.com\/wp-content\/uploads\/2019\/02\/siirtte-teror-orgutu-pkkya-yardim-eden-13-kisi-gozaltina-alindi_f41544a.jpg?resize=768%2C576 768w\" width=\"315\" height=\"236\" loading=\"lazy\" data-original-width=\"315\" data-original-height=\"236\" itemprop=\"http:\/\/schema.org\/image\" title=\"Siirt\u2019te ter\u00f6r \u00f6rg\u00fct\u00fc PKK\u2019ya yard\u0131m eden 13 ki\u015fi g\u00f6zalt\u0131na al\u0131nd\u0131\" alt=\"Siirt\u2019te ter\u00f6r \u00f6rg\u00fct\u00fc PKK\u2019ya yard\u0131m eden 13 ki\u015fi g\u00f6zalt\u0131na al\u0131nd\u0131\" style=\"width: 315px; height: 236px;\" \/> <\/a> <\/div> <\/div> <!-- close group --> <div class=\"gallery-group images-1\" style=\"width: 181px; height: 240px;\" data-original-width=\"181\" data-original-height=\"240\" > <div class=\"tiled-gallery-item tiled-gallery-item-small\" itemprop=\"associatedMedia\" itemscope itemtype=\"http:\/\/schema.org\/ImageObject\"> <a href=\"http:\/\/www.tvturk.com\/index.php\/siirtte-teror-orgutu-pkkya-yardim-eden-13-kisi-gozaltina-alindi\/siirtte-teror-orgutu-pkkya-yardim-eden-13-kisi-gozaltina-alindi-4\/\" border=\"0\" itemprop=\"url\"> <meta itemprop=\"width\" content=\"177\"> <meta itemprop=\"height\" content=\"236\"> <img decoding=\"async\" class=\"\" data-attachment-id=\"20159\" data-orig-file=\"http:\/\/www.tvturk.com\/wp-content\/uploads\/2019\/02\/siirtte-teror-orgutu-pkkya-yardim-eden-13-kisi-gozaltina-alindi_267dad0.jpg\" data-orig-size=\"750,1000\" data-comments-opened=\"\" data-image-meta=\"{&quot;aperture&quot;:&quot;0&quot;,&quot;credit&quot;:&quot;IHA&quot;,&quot;camera&quot;:&quot;&quot;,&quot;caption&quot;:&quot;S\\u0130\\u0130RT \\u0130L JANDARMA KOMUTANLI\\u011eI EK\\u0130PLER\\u0130NCE PKK\\\/KCK TER\\u00d6R \\u00d6RG\\u00dcT\\u00dcNE YARDIM VE YATAKLIK YAPTIKLARI TESP\\u0130T ED\\u0130LEN \\u015e\\u00dcPHEL\\u0130 \\u015eAHISLARA Y\\u00d6NEL\\u0130K D\\u00dcZENLENEN OPERASYONDA, 13 K\\u0130\\u015e\\u0130 G\\u00d6ZALTINA ALINDI. (SELAM\\u0130 DEN\\u0130Z\\\/S\\u0130\\u0130RT-\\u0130HA)&quot;,&quot;created_timestamp&quot;:&quot;0&quot;,&quot;copyright&quot;:&quot;\\u0130HLAS HABER AJANSI, www.iha.com.tr&quot;,&quot;focal_length&quot;:&quot;0&quot;,&quot;iso&quot;:&quot;0&quot;,&quot;shutter_speed&quot;:&quot;0&quot;,&quot;title&quot;:&quot;S\\u0130\\u0130RT\\u0027TE TER\\u00d6R \\u00d6RG\\u00dcT\\u00dc PKK\\u0027YA YARDIM EDEN 13 K\\u0130\\u015e\\u0130 G\\u00d6ZALTINA ALINDI&quot;,&quot;orientation&quot;:&quot;0&quot;}\" data-image-title=\"Siirt\u2019te ter\u00f6r \u00f6rg\u00fct\u00fc PKK\u2019ya yard\u0131m eden 13 ki\u015fi g\u00f6zalt\u0131na al\u0131nd\u0131\" data-image-description=\"&lt;p&gt;Siirt\u2019te ter\u00f6r \u00f6rg\u00fct\u00fc PKK\u2019ya yard\u0131m eden 13 ki\u015fi g\u00f6zalt\u0131na al\u0131nd\u0131&lt;\/p&gt; \" data-medium-file=\"https:\/\/i0.wp.com\/www.tvturk.com\/wp-content\/uploads\/2019\/02\/siirtte-teror-orgutu-pkkya-yardim-eden-13-kisi-gozaltina-alindi_267dad0.jpg?fit=225%2C300\" data-large-file=\"https:\/\/i0.wp.com\/www.tvturk.com\/wp-content\/uploads\/2019\/02\/siirtte-teror-orgutu-pkkya-yardim-eden-13-kisi-gozaltina-alindi_267dad0.jpg?fit=750%2C1000\" src=\"https:\/\/i0.wp.com\/www.tvturk.com\/wp-content\/uploads\/2019\/02\/siirtte-teror-orgutu-pkkya-yardim-eden-13-kisi-gozaltina-alindi_267dad0.jpg?w=177&#038;h=236\" srcset=\"https:\/\/i0.wp.com\/www.tvturk.com\/wp-content\/uploads\/2019\/02\/siirtte-teror-orgutu-pkkya-yardim-eden-13-kisi-gozaltina-alindi_267dad0.jpg?w=750 750w, https:\/\/i0.wp.com\/www.tvturk.com\/wp-content\/uploads\/2019\/02\/siirtte-teror-orgutu-pkkya-yardim-eden-13-kisi-gozaltina-alindi_267dad0.jpg?resize=113%2C150 113w, https:\/\/i0.wp.com\/www.tvturk.com\/wp-content\/uploads\/2019\/02\/siirtte-teror-orgutu-pkkya-yardim-eden-13-kisi-gozaltina-alindi_267dad0.jpg?resize=225%2C300 225w\" width=\"177\" height=\"236\" loading=\"lazy\" data-original-width=\"177\" data-original-height=\"236\" itemprop=\"http:\/\/schema.org\/image\" title=\"Siirt\u2019te ter\u00f6r \u00f6rg\u00fct\u00fc PKK\u2019ya yard\u0131m eden 13 ki\u015fi g\u00f6zalt\u0131na al\u0131nd\u0131\" alt=\"Siirt\u2019te ter\u00f6r \u00f6rg\u00fct\u00fc PKK\u2019ya yard\u0131m eden 13 ki\u015fi g\u00f6zalt\u0131na al\u0131nd\u0131\" style=\"width: 177px; height: 236px;\" \/> <\/a> <\/div> <\/div> <!-- close group --> <\/div> <!-- close row --> <\/div><\/p>\n","protected":false},"excerpt":{"rendered":"<p>S\u0130\u0130RT \u0130L JANDARMA KOMUTANLI\u011eI EK\u0130PLER\u0130NCE PKK\/KCK TER\u00d6R \u00d6RG\u00dcT\u00dcNE YARDIM VE YATAKLIK YAPTIKLARI TESP\u0130T ED\u0130LEN \u015e\u00dcPHEL\u0130 \u015eAHISLARA Y\u00d6NEL\u0130K D\u00dcZENLENEN OPERASYONDA, 13 K\u0130\u015e\u0130 G\u00d6ZALTINA ALINDI.<\/p>\n","protected":false},"author":1,"featured_media":20157,"comment_status":"closed","ping_status":"open","sticky":false,"template":"","format":"standard","meta":{"jetpack_post_was_ever_published":false,"_jetpack_newsletter_access":"","_jetpack_dont_email_post_to_subs":false,"_jetpack_newsletter_tier_id":0,"_jetpack_memberships_contains_paywalled_content":false,"_jetpack_memberships_contains_paid_content":false,"footnotes":"","jetpack_publicize_message":"","jetpack_publicize_feature_enabled":true,"jetpack_social_post_already_shared":false,"jetpack_social_options":{"image_generator_settings":{"template":"highway","default_image_id":0,"font":"","enabled":false},"version":2}},"categories":[655],"tags":[1014,2393,1013,1012,667,1842,890,3990,1736],"class_list":["post-20156","post","type-post","status-publish","format-standard","has-post-thumbnail","hentry","category-son-dakika","tag-alindi","tag-eden","tag-gozaltina","tag-kisi","tag-orgutu","tag-pkkya","tag-siirtte","tag-teror","tag-yardim"],"jetpack_publicize_connections":[],"jetpack_featured_media_url":"https:\/\/i0.wp.com\/www.tvturk.com\/wp-content\/uploads\/2019\/02\/siirtte-teror-orgutu-pkkya-yardim-eden-13-kisi-gozaltina-alindi_a684f98.jpg?fit=1000%2C563","jetpack_sharing_enabled":true,"jetpack_shortlink":"https:\/\/wp.me\/paKIfm-5f6","_links":{"self":[{"href":"http:\/\/www.tvturk.com\/index.php\/wp-json\/wp\/v2\/posts\/20156","targetHints":{"allow":["GET"]}}],"collection":[{"href":"http:\/\/www.tvturk.com\/index.php\/wp-json\/wp\/v2\/posts"}],"about":[{"href":"http:\/\/www.tvturk.com\/index.php\/wp-json\/wp\/v2\/types\/post"}],"author":[{"embeddable":true,"href":"http:\/\/www.tvturk.com\/index.php\/wp-json\/wp\/v2\/users\/1"}],"replies":[{"embeddable":true,"href":"http:\/\/www.tvturk.com\/index.php\/wp-json\/wp\/v2\/comments?post=20156"}],"version-history":[{"count":1,"href":"http:\/\/www.tvturk.com\/index.php\/wp-json\/wp\/v2\/posts\/20156\/revisions"}],"predecessor-version":[{"id":20160,"href":"http:\/\/www.tvturk.com\/index.php\/wp-json\/wp\/v2\/posts\/20156\/revisions\/20160"}],"wp:featuredmedia":[{"embeddable":true,"href":"http:\/\/www.tvturk.com\/index.php\/wp-json\/wp\/v2\/media\/20157"}],"wp:attachment":[{"href":"http:\/\/www.tvturk.com\/index.php\/wp-json\/wp\/v2\/media?parent=20156"}],"wp:term":[{"taxonomy":"category","embeddable":true,"href":"http:\/\/www.tvturk.com\/index.php\/wp-json\/wp\/v2\/categories?post=20156"},{"taxonomy":"post_tag","embeddable":true,"href":"http:\/\/www.tvturk.com\/index.php\/wp-json\/wp\/v2\/tags?post=20156"}],"curies":[{"name":"wp","href":"https:\/\/api.w.org\/{rel}","templated":true}]}}