{"id":201596,"date":"2019-09-11T12:16:47","date_gmt":"2019-09-11T09:16:47","guid":{"rendered":"http:\/\/www.tvturk.com\/index.php\/bursanin-isgalden-kurtulusunun-yildonumu-coskuyla-kutlandi\/"},"modified":"2019-09-11T12:16:47","modified_gmt":"2019-09-11T09:16:47","slug":"bursanin-isgalden-kurtulusunun-yildonumu-coskuyla-kutlandi","status":"publish","type":"post","link":"http:\/\/www.tvturk.com\/index.php\/bursanin-isgalden-kurtulusunun-yildonumu-coskuyla-kutlandi\/","title":{"rendered":"Bursa\u2019n\u0131n i\u015fg\u00e2lden kurtulu\u015funun y\u0131ld\u00f6n\u00fcm\u00fc co\u015fkuyla kutland\u0131"},"content":{"rendered":"<p>Bursa\u2019n\u0131n d\u00fc\u015fman i\u015fg\u00e2linden kurtulu\u015funun 97\u2019nci y\u0131l\u0131 t\u00f6renle kutland\u0131.<\/p>\n<p>D\u00fcn ak\u015fam ba\u015flayan kutlamalar, sabah Tophane\u2019den Atat\u00fcrk an\u0131t\u0131na kadar d\u00fczenlenen y\u00fcr\u00fcy\u00fc\u015fle devam etti. Kutlama program\u0131na Bursa Valisi Yakup Canbolat, B\u00fcy\u00fck\u015fehir Belediye Ba\u015fkan\u0131 Alinur Akta\u015f\u2019\u0131n yan\u0131 s\u0131ra milletvekilleri, protokol mensuplar\u0131 ve folklor gruplar\u0131 kat\u0131ld\u0131. Bursa B\u00fcy\u00fck\u015fehir Belediyesi bando ekibi ve mehter tak\u0131m\u0131 e\u015fli\u011findeki y\u00fcr\u00fcy\u00fc\u015f Atat\u00fcrk an\u0131t\u0131 \u00f6n\u00fcnde sona erdi. Y\u00fcr\u00fcy\u00fc\u015f\u00fcn ard\u0131ndan an\u0131ta \u00e7elenk b\u0131rak\u0131ld\u0131. Program Bursa Kent M\u00fczesi \u00f6n\u00fcnde devam etti. \u015eiirlerin okunmas\u0131, halk danslar\u0131 g\u00f6sterileri ve mehter tak\u0131m\u0131 konseri \u00f6ncesi B\u00fcy\u00fck\u015fehir Belediye Ba\u015fkan\u0131 Alinur Akta\u015f bir konu\u015fma yapt\u0131. Akta\u015f, tarih 8 Temmuz 1920\u2019yi g\u00f6sterdi\u011finde Yunan ordusunun Osmanl\u0131\u2019n\u0131n g\u00f6zbebe\u011fi Bursa\u2019y\u0131 i\u015fgal etti\u011fini belirterek, \u201cAlbay Bekir Sami Bey kendisine ba\u011fl\u0131 g\u00fc\u00e7lerle \u015fehri savunmaya \u00e7al\u0131\u015fsa da netice alamaz. B\u00fcy\u00fck k\u0131y\u0131mlar\u0131n \u00f6n\u00fcne ge\u00e7mek i\u00e7in direnmekten vazge\u00e7ip gayretini \u015fehrin bo\u015falt\u0131lmas\u0131na harcar. Yunan birlikleri mukavemetle kar\u015f\u0131la\u015fmay\u0131nca \u015fehre girerler\u201d dedi.<\/p>\n<p>Atat\u00fcrk\u2019\u00fcn T\u00fcrkiye B\u00fcy\u00fck Millet Meclisi riyaset k\u00fcrs\u00fcs\u00fcne Bursa\u2019n\u0131n i\u015fgalinden dolay\u0131 kara bir \u00f6rt\u00fcn\u00fcn \u00f6rt\u00fclmesini s\u00f6yledi\u011fini anlatan Akta\u015f, \u201cBu kara \u00f6rt\u00fc p\u00fb\u015fide-i siyah ad\u0131yla verildi. Kapkara duru\u015fu ile meclis k\u00fcrs\u00fcs\u00fcn\u00fc \u00e7ok uzun s\u00fcre kaplad\u0131. Ona bakan her T\u00fcrk evlad\u0131, o \u00f6rt\u00fc orada durdu\u011fu s\u00fcrece utand\u0131 ve hicap duydu. \u00d6fkesini her dem taze tuttu. Ta ki 10 Eyl\u00fcl\u2019\u00fc 11 Eyl\u00fcl\u2019e ba\u011flayan gece 48\u2019inci S\u00fcvari Alay\u0131 3. B\u00f6l\u00fck Komuta \u015e\u00fckr\u00fc Naili G\u00f6kberk Pa\u015fa\u2019n\u0131n Bursa Belediyesi\u2019ne T\u00fcrk bayra\u011f\u0131n\u0131 \u00e7ekmesiyle T\u00fcrk milletinin yas\u0131 sona ermi\u015f oldu. Meclis riyaset k\u00fcrs\u00fcs\u00fcnde 2 y\u0131l 2 ay 2 g\u00fcn duran siyah \u00f6rt\u00fc kald\u0131r\u0131ld\u0131\u201d diye konu\u015ftu.<\/p>\n<p>Folklor ekiplerinin g\u00f6sterileri ve mehter tak\u0131m\u0131n\u0131n konserinin ard\u0131ndan program sona erdi.<\/p>\n","protected":false},"excerpt":{"rendered":"<p>BURSA\u2019NIN D\u00dc\u015eMAN \u0130\u015eGAL\u0130NDEN KURTULU\u015eUNUN 97\u2019\u0130NC\u0130 YILI D\u00dcZENLENEN ETK\u0130NL\u0130KLERLE KUTLANDI.<\/p>\n","protected":false},"author":1,"featured_media":201597,"comment_status":"closed","ping_status":"open","sticky":false,"template":"","format":"standard","meta":{"jetpack_post_was_ever_published":false,"_jetpack_newsletter_access":"","_jetpack_dont_email_post_to_subs":false,"_jetpack_newsletter_tier_id":0,"_jetpack_memberships_contains_paywalled_content":false,"_jetpack_memberships_contains_paid_content":false,"footnotes":"","jetpack_publicize_message":"","jetpack_publicize_feature_enabled":true,"jetpack_social_post_already_shared":true,"jetpack_social_options":{"image_generator_settings":{"template":"highway","default_image_id":0,"font":"","enabled":false},"version":2}},"categories":[1],"tags":[2395,3205,50770,12657,2822,3101],"class_list":["post-201596","post","type-post","status-publish","format-standard","has-post-thumbnail","hentry","category-genel","tag-bursanin","tag-coskuyla","tag-isgalden","tag-kurtulusunun","tag-kutlandi","tag-yildonumu"],"jetpack_publicize_connections":[],"jetpack_featured_media_url":"https:\/\/i0.wp.com\/www.tvturk.com\/wp-content\/uploads\/2019\/09\/bursanin-isglden-kurtulusunun-yildonumu-coskuyla-kutlandi_587afda.jpg?fit=1000%2C666","jetpack_sharing_enabled":true,"jetpack_shortlink":"https:\/\/wp.me\/paKIfm-Qry","_links":{"self":[{"href":"http:\/\/www.tvturk.com\/index.php\/wp-json\/wp\/v2\/posts\/201596","targetHints":{"allow":["GET"]}}],"collection":[{"href":"http:\/\/www.tvturk.com\/index.php\/wp-json\/wp\/v2\/posts"}],"about":[{"href":"http:\/\/www.tvturk.com\/index.php\/wp-json\/wp\/v2\/types\/post"}],"author":[{"embeddable":true,"href":"http:\/\/www.tvturk.com\/index.php\/wp-json\/wp\/v2\/users\/1"}],"replies":[{"embeddable":true,"href":"http:\/\/www.tvturk.com\/index.php\/wp-json\/wp\/v2\/comments?post=201596"}],"version-history":[{"count":0,"href":"http:\/\/www.tvturk.com\/index.php\/wp-json\/wp\/v2\/posts\/201596\/revisions"}],"wp:featuredmedia":[{"embeddable":true,"href":"http:\/\/www.tvturk.com\/index.php\/wp-json\/wp\/v2\/media\/201597"}],"wp:attachment":[{"href":"http:\/\/www.tvturk.com\/index.php\/wp-json\/wp\/v2\/media?parent=201596"}],"wp:term":[{"taxonomy":"category","embeddable":true,"href":"http:\/\/www.tvturk.com\/index.php\/wp-json\/wp\/v2\/categories?post=201596"},{"taxonomy":"post_tag","embeddable":true,"href":"http:\/\/www.tvturk.com\/index.php\/wp-json\/wp\/v2\/tags?post=201596"}],"curies":[{"name":"wp","href":"https:\/\/api.w.org\/{rel}","templated":true}]}}