{"id":20168,"date":"2019-02-11T09:53:44","date_gmt":"2019-02-11T06:53:44","guid":{"rendered":"http:\/\/www.tvturk.com\/index.php\/zuccaciyeden-caldiklariyla-yakalanan-supheli-tutuklandi\/"},"modified":"2019-02-11T09:53:45","modified_gmt":"2019-02-11T06:53:45","slug":"zuccaciyeden-caldiklariyla-yakalanan-supheli-tutuklandi","status":"publish","type":"post","link":"http:\/\/www.tvturk.com\/index.php\/zuccaciyeden-caldiklariyla-yakalanan-supheli-tutuklandi\/","title":{"rendered":"Z\u00fcccaciyeden \u00e7ald\u0131klar\u0131yla yakalanan \u015f\u00fcpheli tutukland\u0131"},"content":{"rendered":"<p>AYDIN (\u0130HA) \u2013 Ayd\u0131n\u2019\u0131n Ku\u015fadas\u0131 il\u00e7esinde, z\u00fcccaciye d\u00fckkan\u0131ndan 22 par\u00e7a malzeme \u00e7ald\u0131\u011f\u0131 iddias\u0131yla aranan ve \u00e7al\u0131nt\u0131 malzemelerle birlikte yakalanan \u015f\u00fcpheli tutuklanarak cezaevine g\u00f6nderildi.<\/p>\n<p>Edinilen bilgiye g\u00f6re, 24 Ocak gecesi saat 01.30 s\u0131ralar\u0131nda Ku\u015fadas\u0131 Camikebir Mahallesi \u0130n\u00f6n\u00fc Bulvar\u0131 \u00fczerinde faaliyet g\u00f6steren bir i\u015f yerinden 20 adet al\u00fcminyum z\u00fcccaciye ve 2 adet elektrikli s\u00fcp\u00fcrge \u00e7al\u0131nmas\u0131 olay\u0131n\u0131 ara\u015ft\u0131ran Ku\u015fadas\u0131 \u0130l\u00e7e Emniyet M\u00fcd\u00fcrl\u00fc\u011f\u00fc Asayi\u015f B\u00fcro Amirli\u011fi ekipleri, olay yeri ve \u00e7evrede bulunan t\u00fcm kamera kay\u0131tlar\u0131n\u0131 incelemeye ald\u0131. Yap\u0131lan inceleme sonuncunda  olay\u0131 ger\u00e7ekle\u015ftirenin \u015f\u00fcphelinin \u015e.E. (19) oldu\u011fu belirledi.<\/p>\n<p>\u015e\u00fcphelinin yakalanmas\u0131 i\u00e7in yap\u0131lan \u00e7al\u0131\u015fmalar sonucu, polis ekiplerinin d\u00fczenledi\u011fi operasyonda \u015e.E., Da\u011f Mahallesinde yakalanarak g\u00f6zalt\u0131na al\u0131nd\u0131. \u015e\u00fcphelinin adresinde yap\u0131lan aramada, z\u00fccaciyeden \u00e7al\u0131nan malzemeler ele ge\u00e7irildi. Emniyetteki i\u015flemlerinin ard\u0131ndan adli makamlara sevk edilen \u015e.E., sorgusunun ard\u0131ndan \u00e7\u0131kar\u0131ld\u0131\u011f\u0131 mahkeme taraf\u0131ndan tutuklanarak cezaevine g\u00f6nderildi.<div class=\"tiled-gallery type-rectangular tiled-gallery-unresized\" data-original-width=\"500\" data-carousel-extra='null' itemscope itemtype=\"http:\/\/schema.org\/ImageGallery\" > <div class=\"gallery-row\" style=\"width: 500px; height: 502px;\" data-original-width=\"500\" data-original-height=\"502\" > <div class=\"gallery-group images-1\" style=\"width: 500px; height: 502px;\" data-original-width=\"500\" data-original-height=\"502\" > <div class=\"tiled-gallery-item tiled-gallery-item-large\" itemprop=\"associatedMedia\" itemscope itemtype=\"http:\/\/schema.org\/ImageObject\"> <a href=\"http:\/\/www.tvturk.com\/index.php\/zuccaciyeden-caldiklariyla-yakalanan-supheli-tutuklandi\/zuccaciyeden-caldiklariyla-yakalanan-supheli-tutuklandi-3\/\" border=\"0\" itemprop=\"url\"> <meta itemprop=\"width\" content=\"496\"> <meta itemprop=\"height\" content=\"498\"> <img decoding=\"async\" class=\"\" data-attachment-id=\"20170\" data-orig-file=\"http:\/\/www.tvturk.com\/wp-content\/uploads\/2019\/02\/zuccaciyeden-caldiklariyla-yakalanan-supheli-tutuklandi_20d928d.jpg\" data-orig-size=\"797,801\" data-comments-opened=\"\" data-image-meta=\"{&quot;aperture&quot;:&quot;0&quot;,&quot;credit&quot;:&quot;IHA&quot;,&quot;camera&quot;:&quot;&quot;,&quot;caption&quot;:&quot;AYDIN\\u2019IN KU\\u015eADASI \\u0130L\\u00c7ES\\u0130NDE, Z\\u00dcCCAC\\u0130YE D\\u00dcKKANINDAN 22 PAR\\u00c7A MALZEME \\u00c7ALDI\\u011eI \\u0130DD\\u0130ASIYLA ARANAN VE \\u00c7ALINTI MALZEMELERLE B\\u0130RL\\u0130KTE YAKALANAN \\u015e\\u00dcPHEL\\u0130 TUTUKLANARAK CEZAEV\\u0130NE G\\u00d6NDER\\u0130LD\\u0130. (MEHMET BARLAS\\\/AYDIN-\\u0130HA)&quot;,&quot;created_timestamp&quot;:&quot;0&quot;,&quot;copyright&quot;:&quot;\\u0130HLAS HABER AJANSI, www.iha.com.tr&quot;,&quot;focal_length&quot;:&quot;0&quot;,&quot;iso&quot;:&quot;0&quot;,&quot;shutter_speed&quot;:&quot;0&quot;,&quot;title&quot;:&quot;Z\\u00dcCCAC\\u0130YEDEN \\u00c7ALDIKLARIYLA YAKALANAN \\u015e\\u00dcPHEL\\u0130 TUTUKLANDI&quot;,&quot;orientation&quot;:&quot;0&quot;}\" data-image-title=\"Z\u00fcccaciyeden \u00e7ald\u0131klar\u0131yla yakalanan \u015f\u00fcpheli tutukland\u0131\" data-image-description=\"&lt;p&gt;Z\u00fcccaciyeden \u00e7ald\u0131klar\u0131yla yakalanan \u015f\u00fcpheli tutukland\u0131&lt;\/p&gt; \" data-medium-file=\"https:\/\/i0.wp.com\/www.tvturk.com\/wp-content\/uploads\/2019\/02\/zuccaciyeden-caldiklariyla-yakalanan-supheli-tutuklandi_20d928d.jpg?fit=300%2C300\" data-large-file=\"https:\/\/i0.wp.com\/www.tvturk.com\/wp-content\/uploads\/2019\/02\/zuccaciyeden-caldiklariyla-yakalanan-supheli-tutuklandi_20d928d.jpg?fit=797%2C801\" src=\"https:\/\/i0.wp.com\/www.tvturk.com\/wp-content\/uploads\/2019\/02\/zuccaciyeden-caldiklariyla-yakalanan-supheli-tutuklandi_20d928d.jpg?w=496&#038;h=498\" srcset=\"https:\/\/i0.wp.com\/www.tvturk.com\/wp-content\/uploads\/2019\/02\/zuccaciyeden-caldiklariyla-yakalanan-supheli-tutuklandi_20d928d.jpg?w=797 797w, https:\/\/i0.wp.com\/www.tvturk.com\/wp-content\/uploads\/2019\/02\/zuccaciyeden-caldiklariyla-yakalanan-supheli-tutuklandi_20d928d.jpg?resize=150%2C150 150w, https:\/\/i0.wp.com\/www.tvturk.com\/wp-content\/uploads\/2019\/02\/zuccaciyeden-caldiklariyla-yakalanan-supheli-tutuklandi_20d928d.jpg?resize=300%2C300 300w, https:\/\/i0.wp.com\/www.tvturk.com\/wp-content\/uploads\/2019\/02\/zuccaciyeden-caldiklariyla-yakalanan-supheli-tutuklandi_20d928d.jpg?resize=768%2C772 768w\" width=\"496\" height=\"498\" loading=\"lazy\" data-original-width=\"496\" data-original-height=\"498\" itemprop=\"http:\/\/schema.org\/image\" title=\"Z\u00fcccaciyeden \u00e7ald\u0131klar\u0131yla yakalanan \u015f\u00fcpheli tutukland\u0131\" alt=\"Z\u00fcccaciyeden \u00e7ald\u0131klar\u0131yla yakalanan \u015f\u00fcpheli tutukland\u0131\" style=\"width: 496px; height: 498px;\" \/> <\/a> <\/div> <\/div> <!-- close group --> <\/div> <!-- close row --> <\/div><\/p>\n","protected":false},"excerpt":{"rendered":"<p>AYDIN\u2019IN KU\u015eADASI \u0130L\u00c7ES\u0130NDE, Z\u00dcCCAC\u0130YE D\u00dcKKANINDAN 22 PAR\u00c7A MALZEME \u00c7ALDI\u011eI \u0130DD\u0130ASIYLA ARANAN VE \u00c7ALINTI MALZEMELERLE B\u0130RL\u0130KTE YAKALANAN \u015e\u00dcPHEL\u0130 TUTUKLANARAK CEZAEV\u0130NE G\u00d6NDER\u0130LD\u0130.<\/p>\n","protected":false},"author":1,"featured_media":20169,"comment_status":"closed","ping_status":"open","sticky":false,"template":"","format":"standard","meta":{"jetpack_post_was_ever_published":false,"_jetpack_newsletter_access":"","_jetpack_dont_email_post_to_subs":false,"_jetpack_newsletter_tier_id":0,"_jetpack_memberships_contains_paywalled_content":false,"_jetpack_memberships_contains_paid_content":false,"footnotes":"","jetpack_publicize_message":"","jetpack_publicize_feature_enabled":true,"jetpack_social_post_already_shared":false,"jetpack_social_options":{"image_generator_settings":{"template":"highway","default_image_id":0,"font":"","enabled":false},"version":2}},"categories":[655],"tags":[8853,2165,1804,2309,8852],"class_list":["post-20168","post","type-post","status-publish","format-standard","has-post-thumbnail","hentry","category-son-dakika","tag-caldiklariyla","tag-supheli","tag-tutuklandi","tag-yakalanan","tag-zuccaciyeden"],"jetpack_publicize_connections":[],"jetpack_featured_media_url":"https:\/\/i0.wp.com\/www.tvturk.com\/wp-content\/uploads\/2019\/02\/zuccaciyeden-caldiklariyla-yakalanan-supheli-tutuklandi_5e4cd59.jpg?fit=768%2C573","jetpack_sharing_enabled":true,"jetpack_shortlink":"https:\/\/wp.me\/paKIfm-5fi","_links":{"self":[{"href":"http:\/\/www.tvturk.com\/index.php\/wp-json\/wp\/v2\/posts\/20168","targetHints":{"allow":["GET"]}}],"collection":[{"href":"http:\/\/www.tvturk.com\/index.php\/wp-json\/wp\/v2\/posts"}],"about":[{"href":"http:\/\/www.tvturk.com\/index.php\/wp-json\/wp\/v2\/types\/post"}],"author":[{"embeddable":true,"href":"http:\/\/www.tvturk.com\/index.php\/wp-json\/wp\/v2\/users\/1"}],"replies":[{"embeddable":true,"href":"http:\/\/www.tvturk.com\/index.php\/wp-json\/wp\/v2\/comments?post=20168"}],"version-history":[{"count":1,"href":"http:\/\/www.tvturk.com\/index.php\/wp-json\/wp\/v2\/posts\/20168\/revisions"}],"predecessor-version":[{"id":20171,"href":"http:\/\/www.tvturk.com\/index.php\/wp-json\/wp\/v2\/posts\/20168\/revisions\/20171"}],"wp:featuredmedia":[{"embeddable":true,"href":"http:\/\/www.tvturk.com\/index.php\/wp-json\/wp\/v2\/media\/20169"}],"wp:attachment":[{"href":"http:\/\/www.tvturk.com\/index.php\/wp-json\/wp\/v2\/media?parent=20168"}],"wp:term":[{"taxonomy":"category","embeddable":true,"href":"http:\/\/www.tvturk.com\/index.php\/wp-json\/wp\/v2\/categories?post=20168"},{"taxonomy":"post_tag","embeddable":true,"href":"http:\/\/www.tvturk.com\/index.php\/wp-json\/wp\/v2\/tags?post=20168"}],"curies":[{"name":"wp","href":"https:\/\/api.w.org\/{rel}","templated":true}]}}