{"id":201708,"date":"2019-09-11T14:03:19","date_gmt":"2019-09-11T11:03:19","guid":{"rendered":"http:\/\/www.tvturk.com\/index.php\/simit-yagmuruyla-degil-turk-bayraginin-golgesinde-okula-basladilar\/"},"modified":"2019-09-11T14:03:19","modified_gmt":"2019-09-11T11:03:19","slug":"simit-yagmuruyla-degil-turk-bayraginin-golgesinde-okula-basladilar","status":"publish","type":"post","link":"http:\/\/www.tvturk.com\/index.php\/simit-yagmuruyla-degil-turk-bayraginin-golgesinde-okula-basladilar\/","title":{"rendered":"Simit ya\u011fmuruyla de\u011fil T\u00fcrk bayra\u011f\u0131n\u0131n g\u00f6lgesinde okula ba\u015flad\u0131lar"},"content":{"rendered":"<p>Antalya\u2019da Kepez Mahmut Celalettin \u00d6kten Anadolu \u0130mam Hatip Lisesi\u2019ne yeni ba\u015flayan \u00f6\u011frenciler, bir \u00fcst s\u0131n\u0131ftaki \u00f6\u011frenciler taraf\u0131ndan T\u00fcrk bayraklar\u0131yla kar\u015f\u0131land\u0131. Sosyal medyada payla\u015f\u0131lan g\u00f6r\u00fcnt\u00fcler b\u00fcy\u00fck be\u011feni toplad\u0131.<\/p>\n<p>\u0130stanbul Kad\u0131k\u00f6y Anadolu Lisesi\u2019ne yeni ba\u015flayan \u00f6\u011frencilere simit par\u00e7alar\u0131 atma gelene\u011fi g\u00fcndemdeki yerini korurken, Kepez Mahmut Celalettin \u00d6kten Anadolu \u0130mam Hatip Lisesi\u2019ne yeni ba\u015flayan 160 \u00f6\u011frenci ise ellerindeki T\u00fcrk bayraklar\u0131yla koridor olu\u015fturan \u00f6\u011frenciler taraf\u0131ndan kar\u015f\u0131land\u0131. Alk\u0131\u015flar e\u015fli\u011finde koridora giren \u00f6\u011frenciler en sonda ise dev T\u00fcrk bayra\u011f\u0131n\u0131n alt\u0131ndan s\u0131n\u0131flar\u0131na ge\u00e7ti. Okul y\u00f6netimi taraf\u0131ndan sosyal medyada payla\u015f\u0131lan g\u00f6r\u00fcnt\u00fcler b\u00fcy\u00fck be\u011feni toplad\u0131.<\/p>\n<p>&#8220;Bayra\u011f\u0131n \u00f6nemini anlatmaya \u00e7al\u0131\u015ft\u0131k&#8221;<\/p>\n<p>Okul m\u00fcd\u00fcr\u00fc Y\u0131lmaz G\u00fcney, okulun ilk a\u00e7\u0131ld\u0131\u011f\u0131 y\u0131ldan bu yana yeni gelen \u00f6\u011frencilere bir kar\u015f\u0131lama program\u0131 d\u00fczenlediklerini kaydetti.<\/p>\n<p>Son kar\u015f\u0131lama konseptlerinin \u00f6\u011frencileri T\u00fcrk bayra\u011f\u0131 alt\u0131nda okula almak oldu\u011funun alt\u0131n\u0131 \u00e7izen G\u00fcney, \u201cMemleketi bize yurt yapan iradenin anlay\u0131\u015f\u0131na uygun nesiller yeti\u015ftirece\u011fimizi vaat etti\u011fimiz i\u00e7in ona uygun olmas\u0131n\u0131 istedik. Ge\u00e7en y\u0131llarda benzer uygulamalar yapt\u0131k. Okula yeni gelen \u00f6\u011frenciler bu vesileyle hem alk\u0131\u015flar alt\u0131nda okula geliyor hem de al\u0131\u015fmalar\u0131 kolayla\u015f\u0131yor. \u015eanl\u0131 bayra\u011f\u0131m\u0131z\u0131n ne kadar \u00f6nemli oldu\u011funu \u00f6\u011frencilerimize anlatmak \u00f6nemliydi.\u201d dedi.<\/p>\n<p>&#8220;160 \u00f6\u011frenci kar\u015f\u0131land\u0131&#8221;<\/p>\n<p>5 ve 9\u2019uncu s\u0131n\u0131fa ba\u015flayan \u00f6\u011frencileri a\u011fabeyleri T\u00fcrk bayra\u011f\u0131 tutup alk\u0131\u015flayarak bir ge\u00e7it t\u00f6reni gibi kar\u015f\u0131lad\u0131\u011f\u0131n\u0131 ifade eden G\u00fcney, \u201cB\u00fcy\u00fck \u00f6\u011frencilerimiz bir koridor olu\u015fturup, onlar\u0131 aralar\u0131ndan ge\u00e7irdiler. \u2018Biz sizin a\u011fabeyiniziz, size sahip \u00e7\u0131kaca\u011f\u0131z, uyum sorununuzu kolayla\u015ft\u0131raca\u011f\u0131z\u2019.160 yeni \u00f6\u011frencimizi, 400 \u00f6\u011frencimiz bayraklarla co\u015fkulu \u015fekilde kar\u015f\u0131lad\u0131lar\u201d ifadelerine yer verdi.<\/p>\n<p>Yapt\u0131klar\u0131 kar\u015f\u0131laman\u0131n b\u00fcy\u00fck be\u011feni toplad\u0131\u011f\u0131n\u0131 dile getiren Y\u0131lmaz G\u00fcney, sosyal medya sitelerine y\u00fckledikleri videolar\u0131n bir g\u00fcnde bir milyona yak\u0131n ki\u015finin izledi\u011fini kaydetti.<\/p>\n<p>&#8220;Gururland\u0131k&#8221;<\/p>\n<p>\u00d6\u011frenci velisi H\u00fcseyin \u0130lker Akhan, ilk g\u00fcn yap\u0131lan kar\u015f\u0131lama program\u0131ndan \u00e7ok duyguland\u0131\u011f\u0131n\u0131 s\u00f6yledi.<\/p>\n<p>E\u011fitimde sadece akademik ba\u015far\u0131n\u0131n de\u011fil, vatan, millet, bayrak sevgisinin de \u00f6nemli oldu\u011funa de\u011finen Akhan, \u201cOkul idaremize bu kar\u015f\u0131lama i\u00e7in te\u015fekk\u00fcr ediyoruz. Son g\u00fcnlerde sosyal medyada birbirlerinin \u00fczerine simit atarak, yeni e\u011fitim \u00f6\u011fretim d\u00f6nemini a\u00e7an okullar g\u00f6rd\u00fck. Bu g\u00f6r\u00fcnt\u00fc kar\u015f\u0131s\u0131nda \u00fcz\u00fcld\u00fck. Olmas\u0131 gereken  besmele ile e\u011fitim \u00f6\u011fretime ba\u015flamakt\u0131r.\u00d6\u011frencilerin ilk ad\u0131mlar\u0131 \u00e7ok \u00f6nemlidir. B\u00f6yle bir kar\u015f\u0131lama t\u00f6reni bizi gururland\u0131rd\u0131. A\u011flamamak i\u00e7in kendimizi zor tuttuk\u201d diye konu\u015ftu.<\/p>\n<p>9\u2019uncu s\u0131n\u0131f \u00f6\u011frencisi Ahmet Talha \u00d6zkan, okulun ilk g\u00fcn\u00fcnde T\u00fcrk bayra\u011f\u0131 alt\u0131ndan ge\u00e7menin kendisi i\u00e7in \u00e7ok gurur verici oldu\u011funu anlatt\u0131.<\/p>\n","protected":false},"excerpt":{"rendered":"<p>ANTALYA\u2019DA KEPEZ MAHMUT CELALETT\u0130N \u00d6KTEN ANADOLU \u0130MAM HAT\u0130P L\u0130SES\u0130\u2019NE YEN\u0130 BA\u015eLAYAN \u00d6\u011eRENC\u0130LER, B\u0130R \u00dcST SINIFTAK\u0130 \u00d6\u011eRENC\u0130LER TARAFINDAN T\u00dcRK BAYRAKLARIYLA KAR\u015eILANDI. SOSYAL MEDYADA PAYLA\u015eILAN G\u00d6R\u00dcNT\u00dcLER B\u00dcY\u00dcK BE\u011eEN\u0130 TOPLADI.<\/p>\n","protected":false},"author":1,"featured_media":201709,"comment_status":"closed","ping_status":"open","sticky":false,"template":"","format":"standard","meta":{"jetpack_post_was_ever_published":false,"_jetpack_newsletter_access":"","_jetpack_dont_email_post_to_subs":false,"_jetpack_newsletter_tier_id":0,"_jetpack_memberships_contains_paywalled_content":false,"_jetpack_memberships_contains_paid_content":false,"footnotes":"","jetpack_publicize_message":"","jetpack_publicize_feature_enabled":true,"jetpack_social_post_already_shared":true,"jetpack_social_options":{"image_generator_settings":{"template":"highway","default_image_id":0,"font":"","enabled":false},"version":2}},"categories":[1],"tags":[16983,37545,2039,22334,4317,4027,957,40787],"class_list":["post-201708","post","type-post","status-publish","format-standard","has-post-thumbnail","hentry","category-genel","tag-basladilar","tag-bayraginin","tag-degil","tag-golgesinde","tag-okula","tag-simit","tag-turk","tag-yagmuruyla"],"jetpack_publicize_connections":[],"jetpack_featured_media_url":"https:\/\/i0.wp.com\/www.tvturk.com\/wp-content\/uploads\/2019\/09\/simit-yagmuruyla-degil-turk-bayraginin-golgesinde-okula-basladilar_22cb4a5.jpg?fit=1000%2C696","jetpack_sharing_enabled":true,"jetpack_shortlink":"https:\/\/wp.me\/paKIfm-Qtm","_links":{"self":[{"href":"http:\/\/www.tvturk.com\/index.php\/wp-json\/wp\/v2\/posts\/201708","targetHints":{"allow":["GET"]}}],"collection":[{"href":"http:\/\/www.tvturk.com\/index.php\/wp-json\/wp\/v2\/posts"}],"about":[{"href":"http:\/\/www.tvturk.com\/index.php\/wp-json\/wp\/v2\/types\/post"}],"author":[{"embeddable":true,"href":"http:\/\/www.tvturk.com\/index.php\/wp-json\/wp\/v2\/users\/1"}],"replies":[{"embeddable":true,"href":"http:\/\/www.tvturk.com\/index.php\/wp-json\/wp\/v2\/comments?post=201708"}],"version-history":[{"count":0,"href":"http:\/\/www.tvturk.com\/index.php\/wp-json\/wp\/v2\/posts\/201708\/revisions"}],"wp:featuredmedia":[{"embeddable":true,"href":"http:\/\/www.tvturk.com\/index.php\/wp-json\/wp\/v2\/media\/201709"}],"wp:attachment":[{"href":"http:\/\/www.tvturk.com\/index.php\/wp-json\/wp\/v2\/media?parent=201708"}],"wp:term":[{"taxonomy":"category","embeddable":true,"href":"http:\/\/www.tvturk.com\/index.php\/wp-json\/wp\/v2\/categories?post=201708"},{"taxonomy":"post_tag","embeddable":true,"href":"http:\/\/www.tvturk.com\/index.php\/wp-json\/wp\/v2\/tags?post=201708"}],"curies":[{"name":"wp","href":"https:\/\/api.w.org\/{rel}","templated":true}]}}