{"id":201742,"date":"2019-09-11T15:02:19","date_gmt":"2019-09-11T12:02:19","guid":{"rendered":"http:\/\/www.tvturk.com\/index.php\/mugla-buyuksehir-2-bin-597-tekneden-atik-topladi\/"},"modified":"2019-09-11T15:02:19","modified_gmt":"2019-09-11T12:02:19","slug":"mugla-buyuksehir-2-bin-597-tekneden-atik-topladi","status":"publish","type":"post","link":"http:\/\/www.tvturk.com\/index.php\/mugla-buyuksehir-2-bin-597-tekneden-atik-topladi\/","title":{"rendered":"Mu\u011fla B\u00fcy\u00fck\u015fehir 2 bin 597 tekneden at\u0131k toplad\u0131"},"content":{"rendered":"<p>Mu\u011fla B\u00fcy\u00fck\u015fehir Belediyesi, Mu\u011fla sahillerinde 20 ayl\u0131k d\u00f6nemde teknelerden 3 milyon 730 bin 147 litre at\u0131k su, 10 bin 924 litre sintine, 2 bin 201 litre at\u0131k ya\u011f ve 79 bin 714 po\u015fet kat\u0131 at\u0131k toplad\u0131.<\/p>\n<p>T\u00fcrkiye\u2019nin en \u00f6nemli turizm merkezlerinden birisi olan Mu\u011fla bin 480 kilometre k\u0131y\u0131 \u015feridine sahip. T\u00fcrkiye\u2019de mavi yolculu\u011fun ilk duraklar\u0131ndan birisi olan Mu\u011fla\u2019y\u0131 y\u0131lda yakla\u015f\u0131k 10 bin yerli ve yabanc\u0131 tekne ziyaret ediyor.<\/p>\n<p>3 milyon 730 bin 147 litre pis su topland\u0131<\/p>\n<p>Mu\u011fla B\u00fcy\u00fck\u015fehir Belediyesi ekipleri Mu\u011fla sahillerini ziyaret eden teknelerden 6 tekne ile at\u0131k topluyor. G\u00f6cek ve Akyaka\u2019da iki at\u0131k al\u0131m merkezine sahip Mu\u011fla B\u00fcy\u00fck\u015fehir Belediyesi ekipleri 6 tekne ve deniz ara\u00e7lar\u0131yla 2018, 2019 y\u0131l\u0131n\u0131n 8 ayl\u0131k d\u00f6nemine kadar Mu\u011fla sahillerinde 2 bin 597 tekneye hizmet verdi. 20 ayl\u0131k d\u00f6nemde teknelerden 3 milyon 730 bin 147 litre at\u0131k su, 10 bin 924 litre sintine (gemi i\u00e7inden s\u0131zan sularla makine ve kazan dairelerinden akan ya\u011f yak\u0131tlar\u0131), 2 bin 201 litre at\u0131k ya\u011f ve 79 bin 714 po\u015fet kat\u0131 at\u0131k toplad\u0131.<\/p>\n<p>Ba\u015fkan G\u00fcr\u00fcn: \u201cMu\u011fla\u2019m\u0131za mavi ve ye\u015fil \u00e7ok yak\u0131\u015f\u0131yor\u201d<\/p>\n<p>Mu\u011fla B\u00fcy\u00fck\u015fehir Belediye Ba\u015fkan\u0131 Dr. Osman G\u00fcr\u00fcn, \u201cMu\u011fla\u2019n\u0131n z\u00fcmr\u00fct ye\u015fili ormanlar\u0131n\u0131n yan\u0131 s\u0131ra masmavi dantel gibi i\u015flenmi\u015f koylar\u0131 var. Sadece T\u00fcrkiye\u2019nin de\u011fil Akdeniz\u2019e k\u0131y\u0131s\u0131 olan dokuz \u00fclkeden de daha uzun k\u0131y\u0131 \u015feridine sahibiz. Mavi yolculu\u011fun ba\u015flad\u0131\u011f\u0131, mavi ve ye\u015filin her tonunu c\u00f6mert\u00e7e sergiledi\u011fi bu g\u00fczellikleri korumak i\u00e7in B\u00fcy\u00fck\u015fehir Belediyesi olarak var g\u00fcc\u00fcm\u00fczle \u00e7al\u0131\u015f\u0131yoruz. G\u00f6cek ve Akyaka\u2019da at\u0131k al\u0131m merkezlerimiz ve 6 teknemizle deniz ara\u00e7lar\u0131ndan at\u0131k topluyoruz. E\u015fsiz koylar\u0131m\u0131z\u0131 korumak i\u00e7in tekne say\u0131m\u0131z\u0131 ve at\u0131k al\u0131m merkezlerimizi artt\u0131rma \u00e7al\u0131\u015fmalar\u0131m\u0131z devam ediyor. Marmaris Karacas\u00f6\u011f\u00fct i\u00e7in ba\u015fvurumuz nihayet olumlu sonu\u00e7land\u0131. \u00d6n\u00fcm\u00fczdeki yaz Karacas\u00f6\u011f\u00fct\u2019te de vatanda\u015flar\u0131m\u0131za hizmet verece\u011fiz. Mu\u011fla\u2019m\u0131z\u0131 mavi ve ye\u015fili ile koruyarak gelece\u011fe ta\u015f\u0131yacak, \u00e7ocuklar\u0131m\u0131za daha ya\u015fan\u0131r bir \u015fehir emanet edece\u011fiz\u201d dedi.<\/p>\n","protected":false},"excerpt":{"rendered":"<p>MU\u011eLA B\u00dcY\u00dcK\u015eEH\u0130R BELED\u0130YES\u0130, MU\u011eLA SAH\u0130LLER\u0130NDE 20 AYLIK D\u00d6NEMDE TEKNELERDEN 3 M\u0130LYON 730 B\u0130N 147 L\u0130TRE ATIK SU, 10 B\u0130N 924 L\u0130TRE S\u0130NT\u0130NE, 2 B\u0130N 201 L\u0130TRE ATIK YA\u011e VE 79 B\u0130N 714 PO\u015eET KATI ATIK TOPLADI.<\/p>\n","protected":false},"author":1,"featured_media":201743,"comment_status":"closed","ping_status":"open","sticky":false,"template":"","format":"standard","meta":{"jetpack_post_was_ever_published":false,"_jetpack_newsletter_access":"","_jetpack_dont_email_post_to_subs":false,"_jetpack_newsletter_tier_id":0,"_jetpack_memberships_contains_paywalled_content":false,"_jetpack_memberships_contains_paid_content":false,"footnotes":"","jetpack_publicize_message":"","jetpack_publicize_feature_enabled":true,"jetpack_social_post_already_shared":true,"jetpack_social_options":{"image_generator_settings":{"template":"highway","default_image_id":0,"font":"","enabled":false},"version":2}},"categories":[1],"tags":[35928,4512,213,191,6214,968,3210],"class_list":["post-201742","post","type-post","status-publish","format-standard","has-post-thumbnail","hentry","category-genel","tag-35928","tag-atik","tag-bin","tag-buyuksehir","tag-mugla","tag-tekneden","tag-topladi"],"jetpack_publicize_connections":[],"jetpack_featured_media_url":"https:\/\/i0.wp.com\/www.tvturk.com\/wp-content\/uploads\/2019\/09\/mugla-buyuksehir-2-bin-597-tekneden-atik-topladi_4bbd639.jpg?fit=1000%2C667","jetpack_sharing_enabled":true,"jetpack_shortlink":"https:\/\/wp.me\/paKIfm-QtU","_links":{"self":[{"href":"http:\/\/www.tvturk.com\/index.php\/wp-json\/wp\/v2\/posts\/201742","targetHints":{"allow":["GET"]}}],"collection":[{"href":"http:\/\/www.tvturk.com\/index.php\/wp-json\/wp\/v2\/posts"}],"about":[{"href":"http:\/\/www.tvturk.com\/index.php\/wp-json\/wp\/v2\/types\/post"}],"author":[{"embeddable":true,"href":"http:\/\/www.tvturk.com\/index.php\/wp-json\/wp\/v2\/users\/1"}],"replies":[{"embeddable":true,"href":"http:\/\/www.tvturk.com\/index.php\/wp-json\/wp\/v2\/comments?post=201742"}],"version-history":[{"count":0,"href":"http:\/\/www.tvturk.com\/index.php\/wp-json\/wp\/v2\/posts\/201742\/revisions"}],"wp:featuredmedia":[{"embeddable":true,"href":"http:\/\/www.tvturk.com\/index.php\/wp-json\/wp\/v2\/media\/201743"}],"wp:attachment":[{"href":"http:\/\/www.tvturk.com\/index.php\/wp-json\/wp\/v2\/media?parent=201742"}],"wp:term":[{"taxonomy":"category","embeddable":true,"href":"http:\/\/www.tvturk.com\/index.php\/wp-json\/wp\/v2\/categories?post=201742"},{"taxonomy":"post_tag","embeddable":true,"href":"http:\/\/www.tvturk.com\/index.php\/wp-json\/wp\/v2\/tags?post=201742"}],"curies":[{"name":"wp","href":"https:\/\/api.w.org\/{rel}","templated":true}]}}