{"id":201780,"date":"2019-09-11T16:01:56","date_gmt":"2019-09-11T13:01:56","guid":{"rendered":"http:\/\/www.tvturk.com\/index.php\/turk-ve-abdli-komutanlar-suriye-sinirinda\/"},"modified":"2019-09-11T16:01:56","modified_gmt":"2019-09-11T13:01:56","slug":"turk-ve-abdli-komutanlar-suriye-sinirinda","status":"publish","type":"post","link":"http:\/\/www.tvturk.com\/index.php\/turk-ve-abdli-komutanlar-suriye-sinirinda\/","title":{"rendered":"T\u00fcrk ve ABD\u2019li komutanlar Suriye s\u0131n\u0131r\u0131nda"},"content":{"rendered":"<p>F\u0131rat\u2019\u0131n do\u011fusunda G\u00fcvenli B\u00f6lge olu\u015fturulmas\u0131 i\u00e7in y\u00fcr\u00fct\u00fclen \u00e7al\u0131\u015fmalar kapsam\u0131nda T\u00fcrk ve ABD\u2019li komutanlar Suriye s\u0131n\u0131r\u0131na geldi.<\/p>\n<p>\u00d6zel bir u\u00e7akla \u015eanl\u0131urfa Havaliman\u0131\u2019na gelen T\u00fcrk ve ABD\u2019li askeri yetkililer, buradan ise sivil ara\u00e7larla \u015eanl\u0131urfa\u2019n\u0131n Suriye s\u0131n\u0131r\u0131ndaki Ak\u00e7akale il\u00e7esine do\u011fru hareket etmi\u015fti. Ak\u00e7akale il\u00e7esine ula\u015fan komutanlar, 3. Hudut Alay Komutanl\u0131\u011f\u0131ndaki M\u00fc\u015fterek Harekat Merkezi\u2019ne ge\u00e7ti. Komutanlar\u0131n, s\u0131n\u0131r hatt\u0131nda ve m\u00fc\u015fterek devriye yap\u0131lan b\u00f6lgelerde inceleme yapmas\u0131 bekleniyor<\/p>\n","protected":false},"excerpt":{"rendered":"<p>FIRAT&#8217;IN DO\u011eUSUNDA G\u00dcVENL\u0130 B\u00d6LGE OLU\u015eTURULMASI \u0130\u00c7\u0130N Y\u00dcR\u00dcT\u00dcLEN \u00c7ALI\u015eMALAR KAPSAMINDA T\u00dcRK VE ABD&#8217;L\u0130 KOMUTANLAR SUR\u0130YE SINIRINA GELD\u0130<\/p>\n","protected":false},"author":1,"featured_media":201781,"comment_status":"closed","ping_status":"open","sticky":false,"template":"","format":"standard","meta":{"jetpack_post_was_ever_published":false,"_jetpack_newsletter_access":"","_jetpack_dont_email_post_to_subs":false,"_jetpack_newsletter_tier_id":0,"_jetpack_memberships_contains_paywalled_content":false,"_jetpack_memberships_contains_paid_content":false,"footnotes":"","jetpack_publicize_message":"","jetpack_publicize_feature_enabled":true,"jetpack_social_post_already_shared":true,"jetpack_social_options":{"image_generator_settings":{"template":"highway","default_image_id":0,"font":"","enabled":false},"version":2}},"categories":[1],"tags":[5736,20195,3477,6521,957],"class_list":["post-201780","post","type-post","status-publish","format-standard","has-post-thumbnail","hentry","category-genel","tag-abdli","tag-komutanlar","tag-sinirinda","tag-suriye","tag-turk"],"jetpack_publicize_connections":[],"jetpack_featured_media_url":"https:\/\/i0.wp.com\/www.tvturk.com\/wp-content\/uploads\/2019\/09\/turk-ve-abdli-komutanlar-suriye-sinirinda_6fd640b.jpg?fit=1000%2C562","jetpack_sharing_enabled":true,"jetpack_shortlink":"https:\/\/wp.me\/paKIfm-Quw","_links":{"self":[{"href":"http:\/\/www.tvturk.com\/index.php\/wp-json\/wp\/v2\/posts\/201780","targetHints":{"allow":["GET"]}}],"collection":[{"href":"http:\/\/www.tvturk.com\/index.php\/wp-json\/wp\/v2\/posts"}],"about":[{"href":"http:\/\/www.tvturk.com\/index.php\/wp-json\/wp\/v2\/types\/post"}],"author":[{"embeddable":true,"href":"http:\/\/www.tvturk.com\/index.php\/wp-json\/wp\/v2\/users\/1"}],"replies":[{"embeddable":true,"href":"http:\/\/www.tvturk.com\/index.php\/wp-json\/wp\/v2\/comments?post=201780"}],"version-history":[{"count":0,"href":"http:\/\/www.tvturk.com\/index.php\/wp-json\/wp\/v2\/posts\/201780\/revisions"}],"wp:featuredmedia":[{"embeddable":true,"href":"http:\/\/www.tvturk.com\/index.php\/wp-json\/wp\/v2\/media\/201781"}],"wp:attachment":[{"href":"http:\/\/www.tvturk.com\/index.php\/wp-json\/wp\/v2\/media?parent=201780"}],"wp:term":[{"taxonomy":"category","embeddable":true,"href":"http:\/\/www.tvturk.com\/index.php\/wp-json\/wp\/v2\/categories?post=201780"},{"taxonomy":"post_tag","embeddable":true,"href":"http:\/\/www.tvturk.com\/index.php\/wp-json\/wp\/v2\/tags?post=201780"}],"curies":[{"name":"wp","href":"https:\/\/api.w.org\/{rel}","templated":true}]}}