{"id":201818,"date":"2019-09-11T16:47:25","date_gmt":"2019-09-11T13:47:25","guid":{"rendered":"http:\/\/www.tvturk.com\/index.php\/asiri-terlemelerinden-bir-saat-icinde-kurtuldu\/"},"modified":"2019-09-11T16:47:25","modified_gmt":"2019-09-11T13:47:25","slug":"asiri-terlemelerinden-bir-saat-icinde-kurtuldu","status":"publish","type":"post","link":"http:\/\/www.tvturk.com\/index.php\/asiri-terlemelerinden-bir-saat-icinde-kurtuldu\/","title":{"rendered":"A\u015f\u0131r\u0131 terlemelerinden bir saat i\u00e7inde kurtuldu"},"content":{"rendered":"<p>Manisa\u2019da a\u015f\u0131r\u0131 terleme \u015fikayetiyle Manisa \u015eehir Hastanesi G\u00f6\u011f\u00fcs Cerrahi Klini\u011fine ba\u015fvuran 37 ya\u015f\u0131ndaki Emine \u00d6zt\u00fcrk, bir saat s\u00fcren cerrahi m\u00fcdahale sonras\u0131 sa\u011fl\u0131\u011f\u0131na kavu\u015ftu.<\/p>\n<p>El ve ayaklar\u0131nda ya\u015fad\u0131\u011f\u0131 a\u015f\u0131r\u0131 terleme sebebiyle hayat\u0131 olumsuz etkilenen Emine \u00d6zt\u00fcrk, Manisa \u015eehir Hastanesi G\u00f6\u011f\u00fcs Cerrahi Klini\u011fine ba\u015fvurdu. Burada G\u00f6\u011f\u00fcs Cerrahi Uzman\u0131 Op. Dr. Alper \u00c7elikten taraf\u0131ndan tedaviye al\u0131nan \u00d6zt\u00fcrk\u2019e cerrahi m\u00fcdahale yap\u0131lmas\u0131 kararla\u015ft\u0131r\u0131ld\u0131. Ameliyata al\u0131nan \u00d6zt\u00fcrk, yakla\u015f\u0131k bir saat s\u00fcren operasyon sonras\u0131 sa\u011fl\u0131\u011f\u0131na kavu\u015ftu.<\/p>\n<p>Hastan\u0131n durumuyla ilgili bilgi veren Dr. Alper \u00c7elikten, &#8220;Emine han\u0131m el ve ayakta a\u015f\u0131r\u0131 terleme (hiperhidrozis) denilen bir hastal\u0131k sebebiyle bize ba\u015fvurdu. Bu hastal\u0131k \u00f6zellikle eller, ayaklar ve koltukaltlar\u0131nda b\u00f6lgesel terleme ile ortaya \u00e7\u0131kar. Hiperhidrozis, genel v\u00fccut terlemesinden farkl\u0131 olarak sempatik sinir siteminin a\u015f\u0131r\u0131 \u00e7al\u0131\u015fmas\u0131ndan dolay\u0131 ortaya \u00e7\u0131kmaktad\u0131r. Hastam\u0131z genel hayat standard\u0131n\u0131 etkiledi\u011fi i\u00e7in bu rahats\u0131zl\u0131\u011f\u0131n tedavisinin ameliyatla yap\u0131ld\u0131\u011f\u0131n\u0131 \u00f6\u011frenmi\u015f ve bize ba\u015fvurdu. Ameliyat\u0131n\u0131 \u00f6nceki g\u00fcn tamamlad\u0131k. Herhangi bir sorun ya\u015fanmad\u0131. Rahats\u0131zl\u0131\u011f\u0131n\u0131n ge\u00e7ti\u011fini d\u00fc\u015f\u00fcn\u00fcyorum. El ve ayaklardaki terleme uzun vadede deride kabarmalar, b\u00fcller ve ya\u015fam konforunu etkileyerek \u00e7e\u015fitli s\u0131k\u0131nt\u0131lara neden olabiliyor. Ameliyattan \u00e7\u0131kt\u0131ktan yar\u0131m saat sonra sonucu g\u00f6rd\u00fc\u011f\u00fcm\u00fcz bir tedavidir. Sonras\u0131nda bir problem ger\u00e7ekle\u015fmez ise bir g\u00fcn sonra taburcu ediliyor. Hastam\u0131zda da herhangi bir komplikasyon geli\u015fmedi \u00e7ok \u015f\u00fck\u00fcr. Umar\u0131m hastam\u0131zda memnundur\u201d dedi.<\/p>\n<p>\u201cHerkese tavsiye ediyorum&#8221;<\/p>\n<p>Y\u0131llard\u0131r bu rahats\u0131zl\u0131\u011f\u0131 \u00e7ekti\u011fini ve sa\u011fl\u0131\u011f\u0131na kavu\u015fmas\u0131n\u0131 sa\u011flayan doktoruna te\u015fekk\u00fcr eden Emine \u00d6zt\u00fcrk, \u201cBu durumdan \u00e7ok rahats\u0131z oluyordum. Ara\u015ft\u0131rd\u0131m ve doktorum Alper beyi buldum, kendisiyle konu\u015ftum. Bana gerekli g\u00fczel bilgileri aktard\u0131. Bende karar verdim ameliyat olmaya ve doktorumla bu durumu payla\u015ft\u0131m. Ameliyat\u0131m\u0131 oldum, \u00e7ok memnunum, doktoruma \u00e7ok \u00e7ok te\u015fekk\u00fcr ediyorum. Benim gibi rahats\u0131zl\u0131\u011f\u0131 olan arkada\u015flar\u0131ma da tavsiye ediyorum, gelip g\u00f6n\u00fcl rahatl\u0131\u011f\u0131 ile ameliyat olabilirler. Hastaneden, \u00e7al\u0131\u015fanlardan, hizmetten \u00e7ok memnun kald\u0131m. Hi\u00e7bir \u00fccret \u00f6demedim, sa\u011fl\u0131k sigortam her \u015feyi kar\u015f\u0131lad\u0131\u201d dedi.<\/p>\n","protected":false},"excerpt":{"rendered":"<p>MAN\u0130SA\u2019DA A\u015eIRI TERLEME \u015e\u0130KAYET\u0130YLE MAN\u0130SA \u015eEH\u0130R HASTANES\u0130 G\u00d6\u011e\u00dcS CERRAH\u0130 KL\u0130N\u0130\u011e\u0130NE BA\u015eVURAN 37 YA\u015eINDAK\u0130 EM\u0130NE \u00d6ZT\u00dcRK, B\u0130R SAAT S\u00dcREN CERRAH\u0130 M\u00dcDAHALE SONRASI SA\u011eLI\u011eINA KAVU\u015eTU.<\/p>\n","protected":false},"author":1,"featured_media":201819,"comment_status":"closed","ping_status":"open","sticky":false,"template":"","format":"standard","meta":{"jetpack_post_was_ever_published":false,"_jetpack_newsletter_access":"","_jetpack_dont_email_post_to_subs":false,"_jetpack_newsletter_tier_id":0,"_jetpack_memberships_contains_paywalled_content":false,"_jetpack_memberships_contains_paid_content":false,"footnotes":"","jetpack_publicize_message":"","jetpack_publicize_feature_enabled":true,"jetpack_social_post_already_shared":true,"jetpack_social_options":{"image_generator_settings":{"template":"highway","default_image_id":0,"font":"","enabled":false},"version":2}},"categories":[1],"tags":[1402,125,4601,6583,902,50838],"class_list":["post-201818","post","type-post","status-publish","format-standard","has-post-thumbnail","hentry","category-genel","tag-asiri","tag-bir","tag-icinde","tag-kurtuldu","tag-saat","tag-terlemelerinden"],"jetpack_publicize_connections":[],"jetpack_featured_media_url":"https:\/\/i0.wp.com\/www.tvturk.com\/wp-content\/uploads\/2019\/09\/asiri-terlemelerinden-bir-saat-icinde-kurtuldu_e04d92a.jpg?fit=1000%2C663","jetpack_sharing_enabled":true,"jetpack_shortlink":"https:\/\/wp.me\/paKIfm-Qv8","_links":{"self":[{"href":"http:\/\/www.tvturk.com\/index.php\/wp-json\/wp\/v2\/posts\/201818","targetHints":{"allow":["GET"]}}],"collection":[{"href":"http:\/\/www.tvturk.com\/index.php\/wp-json\/wp\/v2\/posts"}],"about":[{"href":"http:\/\/www.tvturk.com\/index.php\/wp-json\/wp\/v2\/types\/post"}],"author":[{"embeddable":true,"href":"http:\/\/www.tvturk.com\/index.php\/wp-json\/wp\/v2\/users\/1"}],"replies":[{"embeddable":true,"href":"http:\/\/www.tvturk.com\/index.php\/wp-json\/wp\/v2\/comments?post=201818"}],"version-history":[{"count":0,"href":"http:\/\/www.tvturk.com\/index.php\/wp-json\/wp\/v2\/posts\/201818\/revisions"}],"wp:featuredmedia":[{"embeddable":true,"href":"http:\/\/www.tvturk.com\/index.php\/wp-json\/wp\/v2\/media\/201819"}],"wp:attachment":[{"href":"http:\/\/www.tvturk.com\/index.php\/wp-json\/wp\/v2\/media?parent=201818"}],"wp:term":[{"taxonomy":"category","embeddable":true,"href":"http:\/\/www.tvturk.com\/index.php\/wp-json\/wp\/v2\/categories?post=201818"},{"taxonomy":"post_tag","embeddable":true,"href":"http:\/\/www.tvturk.com\/index.php\/wp-json\/wp\/v2\/tags?post=201818"}],"curies":[{"name":"wp","href":"https:\/\/api.w.org\/{rel}","templated":true}]}}